{"id":31170,"date":"2011-04-27T22:15:48","date_gmt":"2011-04-27T19:15:48","guid":{"rendered":"http:\/\/www.korhanyilmaz.com\/?p=31170"},"modified":"2011-04-27T22:15:48","modified_gmt":"2011-04-27T19:15:48","slug":"ilk-vurgun-yabancilardan","status":"publish","type":"post","link":"http:\/\/www.korhanyilmaz.com\/?p=31170","title":{"rendered":"\u0130lk vurgun yabanc\u0131lardan!"},"content":{"rendered":"<p style=\"text-align: center;\"><a href=\"http:\/\/www.korhanyilmaz.com\/wp-content\/uploads\/2011\/04\/047.jpg\"  class=\"lightview\"><img loading=\"lazy\" decoding=\"async\" class=\"size-full wp-image-31171 aligncenter\" src=\"http:\/\/www.korhanyilmaz.com\/wp-content\/uploads\/2011\/04\/047.jpg\" alt=\"\" width=\"350\" height=\"312\" \/><\/a><\/p>\n<p style=\"text-align: justify;\"><strong>Rant kap\u0131s\u0131 3 milyar dolarla a\u00e7\u0131ld\u0131<\/strong><\/p>\n<p style=\"text-align: justify;\">Ba\u015fbakan Tayyip Erdo\u011fan\u2019\u0131n a\u00e7\u0131klad\u0131\u011f\u0131 \u2018\u00e7\u0131lg\u0131n proje\u2019 m\u00fcthi\u015f bir ranta kap\u0131 a\u00e7t\u0131. \u0130stanbul\u2019u b\u00f6lecek kanal\u0131n g\u00fczergah\u0131n\u0131 tam isabetle bilen ecnebi yat\u0131r\u0131mc\u0131lar, binlerce d\u00f6n\u00fcm araziyi \u015fimdiden kapatt\u0131!..<!--more--><\/p>\n<p style=\"text-align: justify;\"><strong>\u201cG\u00fcvendi\u011fim bir kaynak\u201d<\/strong><\/p>\n<p style=\"text-align: justify;\">Bu iddia, \u00fcnl\u00fc mimar Ahmet Vefik Alp\u2019ten geldi. Proje i\u00e7in \u00e7ekinceleri oldu\u011funu belirten Alp, \u201cG\u00fcvendi\u011fim bir kaynaktan duydum. B\u00f6lgede 3 milyar dolarl\u0131k toprak el de\u011fi\u015ftirmi\u015f ve yabanc\u0131lara ge\u00e7mi\u015f\u201d dedi.<\/p>\n<p style=\"text-align: justify;\"><strong>Proje \u2018ikinci bask\u0131\u2019 \u00e7\u0131kt\u0131<\/strong><\/p>\n<p style=\"text-align: justify;\">\u0130stanbul\u2019u i\u00e7inden 2 deniz ge\u00e7en bir kente d\u00f6n\u00fc\u015ft\u00fcrecek olan proje, Karadeniz\u2019den Marmara\u2019ya a\u00e7\u0131lacak bir kanal&#8230; Konu, Ekim 2010\u2019da bas\u0131na yans\u0131m\u0131\u015f; proje i\u00e7in Ruslar ve \u0130talyanlarla g\u00f6r\u00fc\u015f\u00fcld\u00fc\u011f\u00fc ortaya \u00e7\u0131km\u0131\u015ft\u0131.<\/p>\n<p style=\"text-align: justify;\"><strong>Erdo\u011fan \u2018gizli\u2019 diyor ama&#8230;<\/strong><\/p>\n<p style=\"text-align: justify;\">Proje i\u00e7in \u201cHer t\u00fcrl\u00fc olumsuzlu\u011fu, haks\u0131zl\u0131\u011f\u0131, adaletsizli\u011fi \u00f6nlemek ad\u0131na yer ve maliyeti gizli tutaca\u011f\u0131z\u201d diyen Erdo\u011fan\u2019a kar\u015f\u0131l\u0131k, b\u00f6lgenin co\u011frafi yap\u0131s\u0131 ve yabanc\u0131lar\u0131n toprak al\u0131mlar\u0131 Silivri-\u00c7atalca hatt\u0131n\u0131 g\u00f6steriyor.<\/p>\n<p style=\"text-align: justify;\"><strong>Milyarlarca dolar d\u00f6necek<\/strong><\/p>\n<p style=\"text-align: justify;\">Kanal projesinde kongre, festival, fuar merkezleri, oteller, spor tesisleri ve \u0130stanbul\u2019un en b\u00fcy\u00fck havaalan\u0131 olacak. \u0130stanbul Bo\u011faz\u0131 su sporlar\u0131 ve \u015fehir i\u00e7i ula\u015f\u0131ma ayr\u0131lacak, tankerler ise yeni kanal\u0131 kullanacak.<\/p>\n<p style=\"text-align: justify;\"><strong>\u0130stanbul\u2019u bitirecek proje<\/strong><\/p>\n<p style=\"text-align: justify;\">Ba\u015fbakan Erdo\u011fan, \u2019\u00c7\u0131lg\u0131n Proje\u2019nin \u0130stanbul\u2019a ikinci bo\u011faz\u0131n a\u00e7\u0131lmas\u0131 oldu\u011funu s\u00f6yledi. \u00dcnl\u00fc \u015fehir bilimci Ahmet Vefik Alp, \u201cB\u00f6lgede son zamanlarda 3 milyar dolarl\u0131k arazinin el de\u011fi\u015ftirdi\u011fini duydum\u201d dedi<\/p>\n<p style=\"text-align: justify;\">Ba\u015fbakan Tayyip Erdo\u011fan, merakla beklenen \u2019\u00e7\u0131lg\u0131n projesi\u2019ni d\u00fcn nihayet a\u00e7\u0131klad\u0131. Erdo\u011fan, projesinin Karadeniz\u2019e a\u00e7\u0131lan bir kanal yap\u0131m\u0131 oldu\u011funu s\u00f6yledi. Projesini \u201c2 yar\u0131mada bir ada\u201d diye a\u00e7\u0131klayan Erdo\u011fan\u2019a \u00e7evrecilerden ve muhalefetten tepki ya\u011fd\u0131. Erdo\u011fan, \u0130stanbul Kongre Merkezi\u2019ndeki tan\u0131t\u0131m toplant\u0131s\u0131nda yapt\u0131\u011f\u0131 konu\u015fmas\u0131na, bir \u0130stanbul a\u015f\u0131\u011f\u0131 olan, \u0130stanbul\u2019u \u201chayal \u015fehir\u201d olarak tan\u0131mlayan Yahya Kemal\u2019in \u0130stanbul \u00fczerine yazd\u0131\u011f\u0131 \u201cDeniz\u201d adl\u0131 \u015fiiriyle ba\u015flad\u0131.<\/p>\n<p style=\"text-align: justify;\"><strong>50 kilometre uzunlu\u011funda<\/strong><\/p>\n<p style=\"text-align: justify;\">\u0130stanbul Kongre Merkezi\u2019ndeki toplant\u0131da a\u00e7\u0131klad\u0131\u011f\u0131 \u201c\u0130stanbul Haz\u0131r; Hedef 2023\u201d projesini \u201c\u00c7\u0131lg\u0131n proje\u201d olarak de\u011ferlendiren Erdo\u011fan \u015f\u00f6yle konu\u015ftu: \u201cProjenin, yeri ve maliyeti 3 a\u015fa\u011f\u0131 5 yukar\u0131 belirlenmi\u015f durumdad\u0131r. Sadece et\u00fct \u00e7al\u0131\u015fmalar\u0131 tahminen 2 y\u0131l s\u00fcrecek. B\u00f6yle devasa bir projenin s\u00fcre\u00e7 i\u00e7inde yer ve maliyet a\u00e7\u0131s\u0131ndan de\u011fi\u015fikliklere u\u011frayacak olmas\u0131 da son derece tabiidir. D\u00fcnyada i\u00e7inden deniz ge\u00e7en yegane \u015fehir \u0130stanbul. \u015eu andan itibaren ba\u015flatt\u0131\u011f\u0131m\u0131z projemizle \u0130stanbul, i\u00e7inden 2 deniz ge\u00e7en bir \u015fehre d\u00f6n\u00fc\u015f\u00fcyor. \u0130stanbul\u2019da bu projeyle beraber, 2 yar\u0131mada, 1 ada olu\u015fuyor. Anadolu yakas\u0131, zaten bir yar\u0131mada. Fakat \u015fimdi bir ada olu\u015facak. Bu projeyle birlikte bir yar\u0131m ada daha olu\u015facak. \u0130stanbul\u2019un Avrupa yakas\u0131nda, \u015fehrin bat\u0131s\u0131nda, Karadeniz ile Marmara Denizi\u2019nin aras\u0131na, yakla\u015f\u0131k 45-50 kilometre uzunlu\u011funda bir kanal yap\u0131yoruz. \u0130stanbul\u2019umuza \u2019Kanal \u0130stanbul\u2019u kazand\u0131r\u0131yoruz.\u201d T\u00fcrkiye\u2019nin bu b\u00fcy\u00fck hayali, bu b\u00fcy\u00fck projeyi ger\u00e7ekle\u015ftirecek iradeye sahip oldu\u011funu belirten Erdo\u011fan, kanal\u0131n yap\u0131laca\u011f\u0131 b\u00f6lgede oteller, kongre-fuar merkezi, konutlar ve y\u0131ll\u0131k 60 milyon kapasiteli bir havaliman\u0131 da in\u015fa edilece\u011fini, ayr\u0131ca 300 bin tonluk gemilerin de buradan ge\u00e7ebilece\u011fini s\u00f6yledi. Bu arada 2-3 y\u0131l i\u00e7inde ba\u015flanacak projenin maliyetinin 10 milyar dolar\u0131 a\u015faca\u011f\u0131 bildirildi.<\/p>\n<p style=\"text-align: justify;\"><strong>Yabanc\u0131lar sat\u0131n ald\u0131<\/strong><\/p>\n<p style=\"text-align: justify;\">Mimar ve ve kent bilimci Ahmet Vefik Alp, Erdo\u011fan\u2019\u0131n kanal projesinin \u0130stanbul\u2019u bitirece\u011fini \u00f6ne s\u00fcrd\u00fc. Projenin a\u00e7\u0131klanmas\u0131ndan 12 saat \u00f6nce TRT\u2019deki Kozmik Oda program\u0131na kat\u0131lan ve projeyle ilgili tahminlerini s\u00f6yleyen Alp\u2019in tahminlerinden biri Erdo\u011fan\u2019\u0131n a\u00e7\u0131klad\u0131\u011f\u0131 projeyle \u00f6rt\u00fc\u015ft\u00fc. Alp, Karadeniz\u2019e a\u00e7\u0131lacak kanalla ilgili olarak \u015f\u00f6yle dedi: \u201cB\u00f6lge, eski k\u00f6m\u00fcr ve maden ocaklar\u0131yla dolu. Son g\u00fcnlerde burada 3 milyar dolarl\u0131k arazinin el de\u011fi\u015ftirdi\u011fini duydum. Arazi sat\u0131n alanlar\u0131n \u00e7o\u011fu da yabanc\u0131.\u201d Alp, projenin a\u00e7\u0131klanmas\u0131n\u0131n ard\u0131ndan yapt\u0131\u011f\u0131 de\u011ferlendirmede de, \u201cBu projenin ba\u015far\u0131ya ula\u015fmas\u0131 i\u00e7in \u00f6nce kentteki illegal yap\u0131la\u015fman\u0131n \u00f6n\u00fcne ge\u00e7mek \u015fart. \u0130stanbul\u2019da yap\u0131lar\u0131n y\u00fczde 70\u2019i ise illegal. E\u011fer bu s\u0131f\u0131rlanmazsa kanal projesi \u0130stanbul\u2019u bitirir\u201d dedi.<\/p>\n<p style=\"text-align: justify;\"><a href=\"http:\/\/www.yg.yenicaggazetesi.com.tr\/habergoster.php?haber=49588\" target=\"_blank\">Kaynak : Salim Yava\u015fo\u011flu &#8211; Yeni\u00e7a\u011f Gazetesi<\/a><\/p>\n","protected":false},"excerpt":{"rendered":"<p style=\"text-align: center;\">\n<p style=\"text-align: justify;\">Rant kap\u0131s\u0131 3 milyar dolarla a\u00e7\u0131ld\u0131<\/p>\n<p style=\"text-align: justify;\">Ba\u015fbakan Tayyip Erdo\u011fan\u2019\u0131n a\u00e7\u0131klad\u0131\u011f\u0131 \u2018\u00e7\u0131lg\u0131n proje\u2019 m\u00fcthi\u015f bir ranta kap\u0131 a\u00e7t\u0131. \u0130stanbul\u2019u b\u00f6lecek kanal\u0131n g\u00fczergah\u0131n\u0131 tam isabetle bilen ecnebi yat\u0131r\u0131mc\u0131lar, binlerce d\u00f6n\u00fcm araziyi \u015fimdiden kapatt\u0131!..<\/p>\n","protected":false},"author":1,"featured_media":0,"comment_status":"open","ping_status":"closed","sticky":false,"template":"","format":"standard","meta":{"footnotes":""},"categories":[105],"tags":[244],"class_list":["post-31170","post","type-post","status-publish","format-standard","hentry","category-gundem","tag-salim-yavasoglu","odd"],"_links":{"self":[{"href":"http:\/\/www.korhanyilmaz.com\/index.php?rest_route=\/wp\/v2\/posts\/31170","targetHints":{"allow":["GET"]}}],"collection":[{"href":"http:\/\/www.korhanyilmaz.com\/index.php?rest_route=\/wp\/v2\/posts"}],"about":[{"href":"http:\/\/www.korhanyilmaz.com\/index.php?rest_route=\/wp\/v2\/types\/post"}],"author":[{"embeddable":true,"href":"http:\/\/www.korhanyilmaz.com\/index.php?rest_route=\/wp\/v2\/users\/1"}],"replies":[{"embeddable":true,"href":"http:\/\/www.korhanyilmaz.com\/index.php?rest_route=%2Fwp%2Fv2%2Fcomments&post=31170"}],"version-history":[{"count":0,"href":"http:\/\/www.korhanyilmaz.com\/index.php?rest_route=\/wp\/v2\/posts\/31170\/revisions"}],"wp:attachment":[{"href":"http:\/\/www.korhanyilmaz.com\/index.php?rest_route=%2Fwp%2Fv2%2Fmedia&parent=31170"}],"wp:term":[{"taxonomy":"category","embeddable":true,"href":"http:\/\/www.korhanyilmaz.com\/index.php?rest_route=%2Fwp%2Fv2%2Fcategories&post=31170"},{"taxonomy":"post_tag","embeddable":true,"href":"http:\/\/www.korhanyilmaz.com\/index.php?rest_route=%2Fwp%2Fv2%2Ftags&post=31170"}],"curies":[{"name":"wp","href":"https:\/\/api.w.org\/{rel}","templated":true}]}}