{"id":31147,"date":"2011-04-27T13:23:18","date_gmt":"2011-04-27T10:23:18","guid":{"rendered":"http:\/\/www.korhanyilmaz.com\/?p=31147"},"modified":"2011-04-27T13:23:18","modified_gmt":"2011-04-27T10:23:18","slug":"aclik-siniri-870-lira","status":"publish","type":"post","link":"http:\/\/www.korhanyilmaz.com\/?p=31147","title":{"rendered":"A\u00e7l\u0131k s\u0131n\u0131r\u0131 870 lira"},"content":{"rendered":"<p style=\"text-align: justify;\"><a href=\"http:\/\/www.korhanyilmaz.com\/wp-content\/uploads\/2011\/04\/044.jpg\"  class=\"lightview\"><img loading=\"lazy\" decoding=\"async\" class=\"aligncenter size-full wp-image-31148\" title=\"\" src=\"http:\/\/www.korhanyilmaz.com\/wp-content\/uploads\/2011\/04\/044.jpg\" alt=\"\" width=\"250\" height=\"150\" \/><\/a><\/p>\n<p style=\"text-align: justify;\">T\u00dcRK-\u0130\u015e, Nisan ay\u0131nda 4 ki\u015filik bir ailenin a\u00e7l\u0131k s\u0131n\u0131r\u0131n\u0131n 869,87 TL, yoksulluk s\u0131n\u0131r\u0131n\u0131n ise 2 bin 833,44 TL olarak ger\u00e7ekle\u015fti\u011fini belirtti.<\/p>\n<p style=\"text-align: justify;\">T\u00fcrkiye \u0130\u015f\u00e7i Sendikalar\u0131 Konfederasyonu (T\u00dcRK-\u0130\u015e) taraf\u0131ndan yap\u0131lan ve \u00e7al\u0131\u015fanlar\u0131n ge\u00e7im ko\u015fullar\u0131n\u0131 ortaya koyan \u201ca\u00e7l\u0131k ve yoksulluk s\u0131n\u0131r\u0131\u201d ara\u015ft\u0131rmas\u0131n\u0131n 2011 Nisan ay\u0131 sonu\u00e7lar\u0131 a\u00e7\u0131kland\u0131. Bunag\u00f6re; 4 ki\u015filik bir ailenin sa\u011fl\u0131kl\u0131, dengeli ve yeterli beslenebilmesi i\u00e7in yap\u0131lmas\u0131 gereken g\u0131da harcamas\u0131 tutar\u0131 (a\u00e7l\u0131k s\u0131n\u0131r\u0131) 869,87 TL; G\u0131da harcamas\u0131 ile birlikte giyim, konut (kira, elektrik, su, yak\u0131t), ula\u015f\u0131m, e\u011fitim, sa\u011fl\u0131k ve benzeri ihtiya\u00e7lar i\u00e7in yap\u0131lmas\u0131 zorunlu di\u011fer harcamalar\u0131n toplam tutar\u0131 (yoksulluk s\u0131n\u0131r\u0131) ise 2bin 833,44 TL olarak ger\u00e7ekle\u015fti.<!--more--><\/p>\n<p style=\"text-align: justify;\">12 Haziran 2011 g\u00fcn\u00fc yap\u0131lacak genel se\u00e7imlerde, aileleriyle birlikte \u00f6nemli bir oy potansiyeline sahip olan yoksullar\u0131n durumunun \u00f6n plana \u00e7\u0131kt\u0131\u011f\u0131n\u0131n ifade edildi\u011fi Rapor\u2019da, devletin hesaplamalar\u0131nda bile \u00fclke n\u00fcfusunun yakla\u015f\u0131k be\u015fte birini olu\u015fturan yoksul vatanda\u015flar\u0131n ya\u015fama ko\u015fullar\u0131n\u0131n se\u00e7im d\u00f6neminde hat\u0131rland\u0131\u011f\u0131, durumlar\u0131n\u0131n iyile\u015ftirilmesi i\u00e7in vaatlerin s\u0131raland\u0131\u011f\u0131 ifade edildi.<\/p>\n<p style=\"text-align: justify;\"><strong>EKONOM\u0130K POL\u0130T\u0130KALARIN OLUMLU B\u0130R SONUCU ENFLASYONDAK\u0130 GER\u0130LEME<\/strong><\/p>\n<p style=\"text-align: justify;\">\u00dclkede uygulanmakta olan ekonomik politikalar\u0131n olumlu bir sonucunun enflasyondaki gerileme s\u00fcreci oldu\u011funu ifade eden T\u00dcRK-\u0130\u015e, g\u0131da fiyatlar\u0131ndaki gerilemenin etkisinin genel t\u00fcketici fiyatlar\u0131na yans\u0131d\u0131\u011f\u0131n\u0131 belirtti. T\u00fcketici fiyatlar\u0131 endeksi ile endekste \u00f6nemli bir a\u011f\u0131rl\u0131\u011f\u0131 bulunan g\u0131da fiyatlar\u0131 endeksi Mart 2011\u2019de y\u00fczde 4,00\u2019\u00fcn alt\u0131nda ger\u00e7ekle\u015fti. T\u00dcRK-\u0130\u015e g\u0131da endeksi ise Nisan 2011\u2019de son oniki ay itibariyle y\u00fczde 2,04 olarak hesapland\u0131.<\/p>\n<p style=\"text-align: justify;\">Ku\u015fkusuz enflasyondaki gerilemenin yoksullar\u0131n ge\u00e7im ko\u015fullar\u0131na olumlu etkisinin bulundu\u011funu belrten T\u00dcRK-\u0130\u015e, ancak elde edilen gelir ile \u201cinsan onuruna yara\u015f\u0131r ya\u015fam\u201d i\u00e7in gerekli gelir aras\u0131ndaki fark\u0131n, enflasyon hi\u00e7 artmasa bile yetersiz gelir elde edenler a\u00e7\u0131s\u0131ndan yoksullu\u011fun s\u00fcrece\u011fi ger\u00e7e\u011fini ortaya koydu\u011funu ifade etti.<\/p>\n<p style=\"text-align: justify;\">Raporda, asgari \u00fccretin g\u00fcnl\u00fck 21 TL olarak siyasal iktidar taraf\u0131ndan belirlendi\u011fi bir ekonomik politika anlay\u0131\u015f\u0131n\u0131n sosyal a\u00e7\u0131dan s\u00fcrd\u00fcr\u00fclemez oldu\u011fu s\u00f6ylendi.<\/p>\n<p style=\"text-align: justify;\"><strong>B\u0130R A\u0130LEN\u0130N YAPMASI GEREKEN AYLIK HARCAMA TUTARI 57 TL ARTTI<\/strong><\/p>\n<p style=\"text-align: justify;\">\u0130nsan onuruna yara\u015f\u0131r bir ge\u00e7im d\u00fczeyi sa\u011flayabilmek i\u00e7in 4 ki\u015filik ailenin yapmas\u0131 gereken ayl\u0131k harcama tutar\u0131n\u0131n ge\u00e7ti\u011fimiz aya g\u00f6re ayn\u0131 kal\u0131rken, bir \u00f6nceki y\u0131l\u0131n ayn\u0131 ay\u0131na g\u00f6re yap\u0131lmas\u0131 gereken toplam harcama tutar\u0131n\u0131n art\u0131\u015f\u0131 57 TL oldu.<\/p>\n<p style=\"text-align: justify;\">T\u00dcRK-\u0130\u015e\u2019in verileri temel al\u0131nd\u0131\u011f\u0131nda Nisan 2011 ay\u0131 itibariyle \u201cmutfak enflasyonu\u201dndaki de\u011fi\u015fim \u015f\u00f6yle oldu:<\/p>\n<p style=\"text-align: justify;\">\u201cAnkara\u2019da ya\u015fayan d\u00f6rt ki\u015filik bir ailenin \u201cg\u0131da i\u00e7in\u201d yapmas\u0131 gereken asgari harcama tutar\u0131 bir \u00f6nceki aya g\u00f6re y\u00fczde 0,08 oran\u0131nda geriledi.<\/p>\n<p style=\"text-align: justify;\">Y\u0131l\u0131n ilk d\u00f6rt ay\u0131 itibariyle art\u0131\u015f oran\u0131 y\u00fczde 0,24 oldu.<\/p>\n<p style=\"text-align: justify;\">G\u0131da enflasyonunda oniki ay itibariyle art\u0131\u015f oran\u0131 y\u00fczde 2,04 oran\u0131nda ger\u00e7ekle\u015fti.<\/p>\n<p style=\"text-align: justify;\">Y\u0131ll\u0131k ortalama art\u0131\u015f oran\u0131 y\u00fczde 8,85 olarak hesapland\u0131.&#8221;<\/p>\n<p style=\"text-align: justify;\"><a href=\"http:\/\/www.hurriyet.com.tr\/ekonomi\/17647406.asp?gid=384\" target=\"_blank\">Kaynak : H\u00fcrriyet<\/a><\/p>\n","protected":false},"excerpt":{"rendered":"<p style=\"text-align: justify;\">\n<p style=\"text-align: justify;\">T\u00dcRK-\u0130\u015e, Nisan ay\u0131nda 4 ki\u015filik bir ailenin a\u00e7l\u0131k s\u0131n\u0131r\u0131n\u0131n 869,87 TL, yoksulluk s\u0131n\u0131r\u0131n\u0131n ise 2 bin 833,44 TL olarak ger\u00e7ekle\u015fti\u011fini belirtti.<\/p>\n<p style=\"text-align: justify;\">T\u00fcrkiye \u0130\u015f\u00e7i Sendikalar\u0131 Konfederasyonu (T\u00dcRK-\u0130\u015e) taraf\u0131ndan yap\u0131lan ve \u00e7al\u0131\u015fanlar\u0131n ge\u00e7im ko\u015fullar\u0131n\u0131 ortaya koyan \u201ca\u00e7l\u0131k ve yoksulluk s\u0131n\u0131r\u0131\u201d ara\u015ft\u0131rmas\u0131n\u0131n 2011 Nisan ay\u0131 sonu\u00e7lar\u0131 a\u00e7\u0131kland\u0131. Bunag\u00f6re; 4 ki\u015filik bir <\/p>\n","protected":false},"author":1,"featured_media":0,"comment_status":"open","ping_status":"closed","sticky":false,"template":"","format":"standard","meta":{"footnotes":""},"categories":[7],"tags":[],"class_list":["post-31147","post","type-post","status-publish","format-standard","hentry","category-ekonomi","odd"],"_links":{"self":[{"href":"http:\/\/www.korhanyilmaz.com\/index.php?rest_route=\/wp\/v2\/posts\/31147","targetHints":{"allow":["GET"]}}],"collection":[{"href":"http:\/\/www.korhanyilmaz.com\/index.php?rest_route=\/wp\/v2\/posts"}],"about":[{"href":"http:\/\/www.korhanyilmaz.com\/index.php?rest_route=\/wp\/v2\/types\/post"}],"author":[{"embeddable":true,"href":"http:\/\/www.korhanyilmaz.com\/index.php?rest_route=\/wp\/v2\/users\/1"}],"replies":[{"embeddable":true,"href":"http:\/\/www.korhanyilmaz.com\/index.php?rest_route=%2Fwp%2Fv2%2Fcomments&post=31147"}],"version-history":[{"count":0,"href":"http:\/\/www.korhanyilmaz.com\/index.php?rest_route=\/wp\/v2\/posts\/31147\/revisions"}],"wp:attachment":[{"href":"http:\/\/www.korhanyilmaz.com\/index.php?rest_route=%2Fwp%2Fv2%2Fmedia&parent=31147"}],"wp:term":[{"taxonomy":"category","embeddable":true,"href":"http:\/\/www.korhanyilmaz.com\/index.php?rest_route=%2Fwp%2Fv2%2Fcategories&post=31147"},{"taxonomy":"post_tag","embeddable":true,"href":"http:\/\/www.korhanyilmaz.com\/index.php?rest_route=%2Fwp%2Fv2%2Ftags&post=31147"}],"curies":[{"name":"wp","href":"https:\/\/api.w.org\/{rel}","templated":true}]}}