{"id":31139,"date":"2011-04-27T15:52:35","date_gmt":"2011-04-27T12:52:35","guid":{"rendered":"http:\/\/www.korhanyilmaz.com\/?p=31139"},"modified":"2011-04-27T15:52:35","modified_gmt":"2011-04-27T12:52:35","slug":"ak-partili-milletvekili-bile-bakmaya-dayanamadi","status":"publish","type":"post","link":"http:\/\/www.korhanyilmaz.com\/?p=31139","title":{"rendered":"AK Partili milletvekili bile bakmaya dayanamad\u0131"},"content":{"rendered":"<p style=\"text-align: justify;\"><a href=\"http:\/\/www.korhanyilmaz.com\/wp-content\/uploads\/2011\/04\/042.jpg\"  class=\"lightview\"><img loading=\"lazy\" decoding=\"async\" class=\"aligncenter size-full wp-image-31140\" src=\"http:\/\/www.korhanyilmaz.com\/wp-content\/uploads\/2011\/04\/042.jpg\" alt=\"\" width=\"315\" height=\"260\" \/><\/a><\/p>\n<p style=\"text-align: justify;\">TOKAT\u2019ta AK Parti milletvekili adaylar\u0131n\u0131n hafta sonu kente geli\u015fi s\u0131ras\u0131nda kar\u015f\u0131lamada bo\u011fa kurban edildi. Boynuna AK Parti bayra\u011f\u0131 tak\u0131lan bo\u011fa, kamyonetin \u00fczerinden vin\u00e7le aya\u011f\u0131ndan kald\u0131r\u0131larak yere indirildi. Bu durumu g\u00f6ren AK Parti Milletvekili ve yeni d\u00f6nem aday\u0131 \u015e\u00fckr\u00fc Ayalan, alan\u0131 terk etti. <!--more--><\/p>\n<p style=\"text-align: justify;\">12 Haziran genel se\u00e7im \u00e7al\u0131\u015fmalar\u0131 i\u00e7in, 5 AK Parti Tokat milletvekili aday\u0131 ge\u00e7en pazar g\u00fcn\u00fc kente geldi. Partililer taraf\u0131ndan Turhal \u0130l\u00e7esi Kuru\u00e7ay mevkiinde kalabal\u0131k bir kar\u015f\u0131lama t\u00f6reni yap\u0131ld\u0131. Kar\u015f\u0131lamada bir bo\u011fa da kurban edildi. S\u0131rt\u0131na parti bayra\u011f\u0131 as\u0131lan bo\u011fa kamyonetle kar\u015f\u0131lama alan\u0131na getirildi. Aya\u011f\u0131ndan zincirle bir vince as\u0131lan bo\u011fa, kald\u0131r\u0131larak kamyonetin \u00fczerinden al\u0131nd\u0131 ve bir ka\u00e7 dakika havada as\u0131l\u0131 durumda bekletildi. Vincin kald\u0131rmas\u0131 s\u0131ras\u0131nda d\u00fc\u015fen bo\u011fan\u0131n ba\u015f\u0131 araca \u00e7arpt\u0131. Daha sonra boynu yere gelecek kadar indirilen bo\u011fa kesildi. Bo\u011fan\u0131n kesilmesini g\u00f6ren AK Parti milletvekili ve ikinci s\u0131ra milletvekili aday\u0131 \u015e\u00fckr\u00fc Ayalan duruma tepki g\u00f6stererek alandan ayr\u0131ld\u0131.<\/p>\n<p style=\"text-align: justify;\"><a href=\"http:\/\/www.milliyet.com.tr\/ak-partili-milletvekili-bile-bakmaya-dayanamadi\/siyaset\/sondakika\/27.04.2011\/1383137\/default.htm\" target=\"_blank\">Kaynak : Milliyet <\/a><\/p>\n","protected":false},"excerpt":{"rendered":"<p style=\"text-align: justify;\">\n<p style=\"text-align: justify;\">TOKAT\u2019ta AK Parti milletvekili adaylar\u0131n\u0131n hafta sonu kente geli\u015fi s\u0131ras\u0131nda kar\u015f\u0131lamada bo\u011fa kurban edildi. Boynuna AK Parti bayra\u011f\u0131 tak\u0131lan bo\u011fa, kamyonetin \u00fczerinden vin\u00e7le aya\u011f\u0131ndan kald\u0131r\u0131larak yere indirildi. Bu durumu g\u00f6ren AK Parti Milletvekili ve yeni d\u00f6nem aday\u0131 \u015e\u00fckr\u00fc Ayalan, alan\u0131 terk etti. <\/p>\n","protected":false},"author":1,"featured_media":0,"comment_status":"open","ping_status":"closed","sticky":false,"template":"","format":"standard","meta":{"footnotes":""},"categories":[105],"tags":[],"class_list":["post-31139","post","type-post","status-publish","format-standard","hentry","category-gundem","odd"],"_links":{"self":[{"href":"http:\/\/www.korhanyilmaz.com\/index.php?rest_route=\/wp\/v2\/posts\/31139","targetHints":{"allow":["GET"]}}],"collection":[{"href":"http:\/\/www.korhanyilmaz.com\/index.php?rest_route=\/wp\/v2\/posts"}],"about":[{"href":"http:\/\/www.korhanyilmaz.com\/index.php?rest_route=\/wp\/v2\/types\/post"}],"author":[{"embeddable":true,"href":"http:\/\/www.korhanyilmaz.com\/index.php?rest_route=\/wp\/v2\/users\/1"}],"replies":[{"embeddable":true,"href":"http:\/\/www.korhanyilmaz.com\/index.php?rest_route=%2Fwp%2Fv2%2Fcomments&post=31139"}],"version-history":[{"count":0,"href":"http:\/\/www.korhanyilmaz.com\/index.php?rest_route=\/wp\/v2\/posts\/31139\/revisions"}],"wp:attachment":[{"href":"http:\/\/www.korhanyilmaz.com\/index.php?rest_route=%2Fwp%2Fv2%2Fmedia&parent=31139"}],"wp:term":[{"taxonomy":"category","embeddable":true,"href":"http:\/\/www.korhanyilmaz.com\/index.php?rest_route=%2Fwp%2Fv2%2Fcategories&post=31139"},{"taxonomy":"post_tag","embeddable":true,"href":"http:\/\/www.korhanyilmaz.com\/index.php?rest_route=%2Fwp%2Fv2%2Ftags&post=31139"}],"curies":[{"name":"wp","href":"https:\/\/api.w.org\/{rel}","templated":true}]}}