{"id":31135,"date":"2011-04-27T21:22:07","date_gmt":"2011-04-27T18:22:07","guid":{"rendered":"http:\/\/www.korhanyilmaz.com\/?p=31135"},"modified":"2011-04-27T21:22:07","modified_gmt":"2011-04-27T18:22:07","slug":"erdogandan-kilicdarogluna-edep-yahu","status":"publish","type":"post","link":"http:\/\/www.korhanyilmaz.com\/?p=31135","title":{"rendered":"Erdo\u011fan&#8217;dan K\u0131l\u0131\u00e7daro\u011flu&#8217;na: &#8220;Edep yahu!&#8221;"},"content":{"rendered":"<p style=\"text-align: justify;\"><a href=\"http:\/\/www.korhanyilmaz.com\/wp-content\/uploads\/2011\/04\/041.jpg\"  class=\"lightview\"><img loading=\"lazy\" decoding=\"async\" class=\"aligncenter size-full wp-image-31136\" src=\"http:\/\/www.korhanyilmaz.com\/wp-content\/uploads\/2011\/04\/041.jpg\" alt=\"\" width=\"307\" height=\"236\" \/><\/a><\/p>\n<p style=\"text-align: justify;\">CHP lideri Kemal K\u0131l\u0131\u00e7daro\u011flu&#8217;nun sonunu getirmedi\u011fi o c\u00fcmleye Ba\u015fbakan Recep Tayyip Erdo\u011fan&#8217;dan &#8220;Edepsiz&#8221; yan\u0131t\u0131 geldi. &#8220;Muhalefetin yapt\u0131\u011f\u0131 en iyi i\u015f k\u00fcf\u00fcr etmek&#8221; diyen Ba\u015fbakan, K\u0131l\u0131\u00e7daro\u011flu&#8217;nun s\u00f6zlerini, &#8220;Sizin annenize sayg\u0131m var, te\u015fekk\u00fcr ediyorum&#8221; diyerek tamamlad\u0131.<!--more--><\/p>\n<p style=\"text-align: justify;\">Erdo\u011fan, Esenler&#8217;de \u0130stanbul B\u00fcy\u00fck\u015fehir Belediyesi ve Esenler Belediyesi&#8217;nin hizmet ve yat\u0131r\u0131mlar\u0131n\u0131n toplu a\u00e7\u0131l\u0131\u015f t\u00f6reninde konu\u015ftu.<\/p>\n<p style=\"text-align: justify;\">&#8220;Bug\u00fcnlerde muhalefetin en iyi yapt\u0131\u011f\u0131 \u015fey ne biliyor musunuz? Hakaret&#8230;&#8221; diyen Ba\u015fbakan, &#8220;En iyi yapt\u0131klar\u0131 \u015fey k\u00fcf\u00fcr. A\u011f\u0131zlar\u0131n\u0131 bozuyorlar. A\u011f\u0131zlar\u0131ndan adeta k\u00f6p\u00fckler sa\u00e7\u0131yorlar. A\u011f\u0131zlar\u0131yla birlikte milletin temiz T\u00fcrk\u00e7e&#8217;sini kirletiyorlar&#8221; \u015feklinde konu\u015ftu.<\/p>\n<p style=\"text-align: justify;\">Erdo\u011fan, &#8220;CHP&#8217;nin, bir gazetenin edepsiz ba\u015fyazar\u0131n\u0131 neden transfer etti\u011fi \u015fimdi \u00e7ok iyi anla\u015f\u0131l\u0131yor. Me\u011fer daha iyi k\u00fcfretmek, daha iyi hakaret etmek, daha galiz s\u00f6zler kullanmak i\u00e7in transfer etmi\u015fler. Anla\u015f\u0131l\u0131yor ki, o yazarlar\u0131n dizlerinin dibine oturmu\u015f, g\u00fczelce derslerini ezberlemi\u015fler. Kol kola y\u00fcr\u00fcd\u00fckleri, avukatl\u0131\u011f\u0131n\u0131 yapt\u0131klar\u0131, kol kanat gerdikleri o \u00e7etelerin tarz\u0131n\u0131, dilini, jargonunu epeyce ezberlemi\u015fler. \u0130\u015fte siz busunuz. \u0130\u015fte siz bu kadars\u0131n\u0131z&#8221; dedi.<\/p>\n<p style=\"text-align: justify;\">Ba\u015fbakan s\u00f6zlerine \u015f\u00f6yle devam etti:<\/p>\n<p style=\"text-align: justify;\">&#8220;G\u00fczel bir s\u00f6z vard\u0131r; &#8216;\u00dcslubu beyan, ayniyle insan&#8217;. A\u011fz\u0131n\u0131zdan \u00e7\u0131kan ifadeler neyse siz de osunuz. Me\u015fhur s\u00f6z\u00fcm\u00fczd\u00fcr. &#8216;Bir lafa bakar\u0131m laf m\u0131 diye, bir de s\u00f6yleyene bakar\u0131m adam m\u0131 diye&#8230;&#8217; CHP Genel Ba\u015fkan\u0131&#8217;n\u0131n \u00e7ok ama \u00e7ok iyi bilmesi laz\u0131m. &#8216;Eline, diline, beline hakim olacaks\u0131n&#8217;. Kim s\u00f6yl\u00fcyor bunu? Hac\u0131 Bekta\u015f\u0131 Veli hazretleri. Ellerine hakim olamad\u0131lar, her f\u0131rsatta y\u00fcr\u00fctt\u00fcler. Bellerine hakim olamad\u0131lar, kasetler ortada, kendisi de onun neticesinde genel ba\u015fkan oldu.<\/p>\n<p style=\"text-align: justify;\"><strong>&#8220;Edep yahu!&#8221;<\/strong><\/p>\n<p style=\"text-align: justify;\">\u015eimdi de dillerine hakim olam\u0131yor; konu\u015fmuyor, adeta c\u00fcruf sa\u00e7\u0131yorlar. Di\u011fer partilerin liderleri ve s\u00f6zc\u00fcleri de CHP Genel Ba\u015fkan\u0131&#8217;n\u0131n yolundan gidiyorlar. Bunlar millete &#8216;bidon kafal\u0131&#8217; derler, &#8216;g\u00f6be\u011fini ka\u015f\u0131yan adam&#8217; derler, &#8216;y\u00fczde 60&#8217;\u0131 aptal&#8217; derler. Ama milletin o g\u00fczel T\u00fcrk\u00e7esine, nezaketine, zarafetine, edebine, adab\u0131na, terbiyesine zerre kadar sahip de\u011filler. &#8216;Edep yahu&#8217; diyorum.<\/p>\n<p style=\"text-align: justify;\"><strong>&#8220;Sizin annenize sayg\u0131m var&#8221;<\/strong><\/p>\n<p style=\"text-align: justify;\">Ben bu \u00fcslubu, bu dili, bu edepsizli\u011fi milletimin takdirine b\u0131rak\u0131yorum. Kald\u0131 ki analar\u0131 dillerine alanlara sesleniyorum; Say\u0131n K\u0131l\u0131\u00e7daro\u011flu, bizim medeniyetimizde analar\u0131n yeri \u00e7ok sayg\u0131nd\u0131r. Benim sizin annenize sayg\u0131m var. Te\u015fekk\u00fcr ediyorum.&#8221;<\/p>\n<p style=\"text-align: justify;\"><a href=\"http:\/\/www.cnnturk.com\/2011\/turkiye\/04\/27\/erdogandan.kilicdarogluna.edep.yahu\/614765.0\/index.html\" target=\"_blank\">Kaynak : CNN T\u00dcRK<\/a><\/p>\n","protected":false},"excerpt":{"rendered":"<p style=\"text-align: justify;\">\n<p style=\"text-align: justify;\">CHP lideri Kemal K\u0131l\u0131\u00e7daro\u011flu&#8217;nun sonunu getirmedi\u011fi o c\u00fcmleye Ba\u015fbakan Recep Tayyip Erdo\u011fan&#8217;dan &#8220;Edepsiz&#8221; yan\u0131t\u0131 geldi. &#8220;Muhalefetin yapt\u0131\u011f\u0131 en iyi i\u015f k\u00fcf\u00fcr etmek&#8221; diyen Ba\u015fbakan, K\u0131l\u0131\u00e7daro\u011flu&#8217;nun s\u00f6zlerini, &#8220;Sizin annenize sayg\u0131m var, te\u015fekk\u00fcr ediyorum&#8221; diyerek tamamlad\u0131.<\/p>\n","protected":false},"author":1,"featured_media":0,"comment_status":"open","ping_status":"closed","sticky":false,"template":"","format":"standard","meta":{"footnotes":""},"categories":[105],"tags":[],"class_list":["post-31135","post","type-post","status-publish","format-standard","hentry","category-gundem","odd"],"_links":{"self":[{"href":"http:\/\/www.korhanyilmaz.com\/index.php?rest_route=\/wp\/v2\/posts\/31135","targetHints":{"allow":["GET"]}}],"collection":[{"href":"http:\/\/www.korhanyilmaz.com\/index.php?rest_route=\/wp\/v2\/posts"}],"about":[{"href":"http:\/\/www.korhanyilmaz.com\/index.php?rest_route=\/wp\/v2\/types\/post"}],"author":[{"embeddable":true,"href":"http:\/\/www.korhanyilmaz.com\/index.php?rest_route=\/wp\/v2\/users\/1"}],"replies":[{"embeddable":true,"href":"http:\/\/www.korhanyilmaz.com\/index.php?rest_route=%2Fwp%2Fv2%2Fcomments&post=31135"}],"version-history":[{"count":0,"href":"http:\/\/www.korhanyilmaz.com\/index.php?rest_route=\/wp\/v2\/posts\/31135\/revisions"}],"wp:attachment":[{"href":"http:\/\/www.korhanyilmaz.com\/index.php?rest_route=%2Fwp%2Fv2%2Fmedia&parent=31135"}],"wp:term":[{"taxonomy":"category","embeddable":true,"href":"http:\/\/www.korhanyilmaz.com\/index.php?rest_route=%2Fwp%2Fv2%2Fcategories&post=31135"},{"taxonomy":"post_tag","embeddable":true,"href":"http:\/\/www.korhanyilmaz.com\/index.php?rest_route=%2Fwp%2Fv2%2Ftags&post=31135"}],"curies":[{"name":"wp","href":"https:\/\/api.w.org\/{rel}","templated":true}]}}