{"id":31131,"date":"2011-04-27T13:16:26","date_gmt":"2011-04-27T10:16:26","guid":{"rendered":"http:\/\/www.korhanyilmaz.com\/?p=31131"},"modified":"2011-04-27T13:16:26","modified_gmt":"2011-04-27T10:16:26","slug":"cilgin-projeye-ilk-tepki-cilgin-ve-gereksiz","status":"publish","type":"post","link":"http:\/\/www.korhanyilmaz.com\/?p=31131","title":{"rendered":"&#8216;\u00c7\u0131lg\u0131n Proje&#8217;ye ilk tepki: \u00c7\u0131lg\u0131n ve gereksiz"},"content":{"rendered":"<p style=\"text-align: justify;\"><a href=\"http:\/\/www.korhanyilmaz.com\/wp-content\/uploads\/2011\/04\/040.jpg\"  class=\"lightview\"><img loading=\"lazy\" decoding=\"async\" class=\"aligncenter size-full wp-image-31132\" title=\"\" src=\"http:\/\/www.korhanyilmaz.com\/wp-content\/uploads\/2011\/04\/040.jpg\" alt=\"\" width=\"400\" height=\"267\" \/><\/a><\/p>\n<p style=\"text-align: justify;\">Aylard\u0131r s\u0131r gibi saklanan &#8216;\u00c7\u0131lg\u0131n Proje&#8217;nin a\u00e7\u0131klanmas\u0131yla birlikte ilk tepkiler de gelmeye ba\u015flad\u0131. Uzmanlar projenin &#8216;gereksiz&#8217; oldu\u011fu g\u00f6r\u00fc\u015f\u00fcnde.<!--more--><\/p>\n<p style=\"text-align: justify;\">Ba\u015fbakan Erdo\u011fan&#8217; \u0130stanbul i\u00e7in &#8216;\u00c7\u0131lg\u0131n Projesi&#8217;ni a\u00e7\u0131klad\u0131. Karadeniz ve Marmara aras\u0131nda yeni bir kanal a\u00e7\u0131lacak, kanal\u0131n uzunlu\u011fu 40 kilometreyi bulacak, derinli\u011fi 25 metre, geni\u015fli\u011fi ise 150 metre olacak. Uzmanlar\u0131n ilk tepkisi projenin gereksiz oldu\u011fu y\u00f6n\u00fcnde. \u0130\u015fte &#8216;\u00c7\u0131lg\u0131n Proje&#8217;ye ilk tepkiler:<\/p>\n<p style=\"text-align: justify;\"><strong>Deprem Konseyi eski ba\u015fkan\u0131 Prof. Dr. Haluk Eyido\u011fan:<\/strong> Bu proje \u0130stanbul\u2019un n\u00fcfusunu 30 milyon yapma projesidir. Bunun i\u00e7in u\u011fra\u015f\u0131yorlar. N\u00fcfus 30 milyon olursa \u00f6l\u00fc say\u0131s\u0131 da artacakt\u0131r. Depremde a\u011f\u0131r hasar g\u00f6recek b\u00f6lgelerin yeni proje ile ta\u015f\u0131nmas\u0131 da s\u00f6z konusu de\u011fil. Mevcut yap\u0131 sto\u011funun onar\u0131lmas\u0131 gerekirken b\u00f6yle \u00e7\u0131lg\u0131nca i\u015flerle u\u011fra\u015fmay\u0131, n\u00fcfus patlamas\u0131na yol a\u00e7acak yat\u0131r\u0131mlar yapmay\u0131 anlamak m\u00fcmk\u00fcn de\u011fil.<\/p>\n<p style=\"text-align: justify;\"><strong>Avrupa Deprem M\u00fchendisli\u011fi Birli\u011fi Genel Sekreteri Prof. Dr. Atilla Ansal:<\/strong> 25 metre derinli\u011fe sahip olacak 40 kilometre uzunluktaki b\u00f6yle bir kanal\u0131n \u0130stanbul\u2019un deprem riski ve b\u00f6lgedeki fay hatlar\u0131 \u00fczerine bir etkisi olmayacakt\u0131r. \u0130stanbul\u2019daki fay hatlar\u0131 genellikle Marmara Denizi\u2019nde oldu\u011fu ve karada fay hatt\u0131 bulunmad\u0131\u011f\u0131 i\u00e7in bir risk olu\u015fturmayaca\u011f\u0131n\u0131 d\u00fc\u015f\u00fcn\u00fcyorum ama Bo\u011faz dururken b\u00f6ylesi bir su yolu yapmaya kalk\u0131\u015fman\u0131n \u2018\u00e7\u0131lg\u0131n\u2019 bir proje oldu\u011fu kesin.<\/p>\n<p style=\"text-align: justify;\"><strong>Deprem bilimci Prof. Dr. Ahmet Ercan:<\/strong> Projenin \u00fczerinde yer alaca\u011f\u0131 b\u00f6lgenin deprem g\u00fcvenli\u011fi konusunda gerekli \u00e7al\u0131\u015fman\u0131n yap\u0131ld\u0131\u011f\u0131n\u0131 tahmin ediyorum. Japonya\u2019da yap\u0131lan projelerde oldu\u011fu gibi gerekli tedbirler al\u0131n\u0131rsa fay hatt\u0131 \u00fczerine bile yap\u0131labilir.<\/p>\n<p style=\"text-align: justify;\"><strong>Kent bilimci Prof. Dr. Ahmet Vefik Alp:<\/strong> Bu projelerin Bat\u0131l\u0131 d\u00fcnyalarda genel kitlelerin konsens\u00fcs\u00fcyle tart\u0131\u015f\u0131larak payla\u015f\u0131mc\u0131 olarak ortaya kondu\u011funu g\u00f6r\u00fcr\u00fcz. Biz T\u00fcrkler&#8217;in kan\u0131nda var san\u0131r\u0131m. Tepeden olabiliyor. Ben \u0130stanbul&#8217;un daha fazla b\u00fcy\u00fct\u00fclmesini \u00e7ok tehlikeli buluyorum. Kabus \u015fehre d\u00f6n\u00fc\u015febilir. Kuzeyde g\u00f6rd\u00fc\u011f\u00fcm\u00fcz son ye\u015fil akci\u011ferleri kaybetmemek gerekir. Bu gibi projeleri \u0130stanbul&#8217;a enjekte ederken \u0130stanbul&#8217;un b\u00fcy\u00fcmesini tetiklememek laz\u0131m. Su alanlar\u0131n\u0131 bozmamak konusunda da \u00e7ok dikkatli olmak laz\u0131m. 30 milyonluk \u0130stanbul gibi bir k\u00e2bus \u015fehre d\u00f6n\u00fc\u015fmemeliyiz.<\/p>\n<p style=\"text-align: justify;\"><strong>Mimarlar Odas\u0131 Genel Ba\u015fkan\u0131:<\/strong> Ey\u00fcp Muh\u00e7u: Ad\u0131 \u00fcst\u00fcnde, Ba\u015fbakan &#8220;\u00c7\u0131lg\u0131n Proje&#8221; diye nitelemi\u015f. Proje, ulusal ya da b\u00f6lgesel \u00f6l\u00e7ekte planlamaya dayal\u0131 olarak g\u00fcndeme gelmiyor. Anti demokratik bilimi d\u0131\u015flayan \u015fekilde g\u00fcndeme geliyor. Projenin uygulanmas\u0131 \u0130stanbul&#8217;a ayk\u0131r\u0131. Bu projeyle \u0130stanbul&#8217;un yeni n\u00fcfus yo\u011funlu\u011fu, ula\u015f\u0131m, yerle\u015fim kararlar\u0131 verilmi\u015f olacak. Kanal \u00e7evresinde yeni bir kent kurulmas\u0131 ve paralel olarak Silivri-\u00c7atalca hatt\u0131nda yeni bir projeden bahsediliyor. Burada \u0130stanbul&#8217;un gelece\u011finin t\u00fcketilmesi s\u00f6z konusu olacak. \u00c7evresel sorunlardan s\u00f6zedebiliriz. 17 milyon n\u00fcfusun \u00fczerine ilave olacak n\u00fcfuslarla 25-30 milyona \u00e7\u0131kacak. \u0130stanbul&#8217;un yok edilmesi anlam\u0131na geliyor.<\/p>\n<p style=\"text-align: justify;\"><strong>Mimarlar Odas\u0131 eski ba\u015fkan\u0131 Prof. Dr. Oktay Ekinci:<\/strong> Bu proje falan de\u011fil sadece hayal. Se\u00e7imler yakla\u015f\u0131yor, bu olsa olsa se\u00e7im vaadi olur. \u00c7ocuk\u00e7a, beceriksizce yap\u0131lm\u0131\u015f bir animasyon ger\u00e7ek\u00e7i bir proje de\u011fil. Sen Bo\u011faz\u2019\u0131 rahatlatmak istiyorsan burada as\u0131l sorun petrol ta\u015f\u0131yan tanker gemileridir. Petrol neyle ta\u015f\u0131n\u0131r boru hatt\u0131yla ilk once sen bu gemilerin ge\u00e7i\u015fini engelle. \u0130stanbul bu y\u00fcklemeyi kald\u0131rmaz. \u0130stanbul y\u00fckleme \u015fehri de\u011fil; restorasyon \u015fehri olmal\u0131d\u0131r, restorasyon gereklidir. Bir \u00f6\u011frenci bana b\u00f6yle bir proje ile gelse ben bu \u00f6\u011frenciye s\u0131f\u0131r veririm.<\/p>\n<p style=\"text-align: justify;\"><strong>\u00c7evre M\u00fchendisleri Odas\u0131 Y\u00f6netim Kurulu \u00dcyesi Emine Girgin:<\/strong> Bu projenin amac\u0131n\u0131 da anlayabilmi\u015f de\u011filim. Kente g\u00fczellik mi kataca\u011f\u0131 d\u00fc\u015f\u00fcn\u00fcl\u00fcyor? \u0130stanbul\u2019un daha fazla kalk\u0131nmaya ihtiyac\u0131 yok. Proje ile \u0130stanbul\u2019a daha fazla insan\u0131n ta\u015f\u0131nmas\u0131 hedefleniyor. Zaten \u0130stanbul \u015fuanda ya\u015fan\u0131labilir s\u0131n\u0131rlar\u0131n \u00e7ok \u00e7ok \u00fczerinde. \u015eehir ya\u015fan\u0131labilir s\u0131n\u0131rlar\u0131 zorluyor. Bu \u015fehre yeni ula\u015f\u0131m yerlerinin yap\u0131lmamas\u0131 gerekiyor. \u00c7\u00fcnk\u00fc her yap\u0131lan beton yap\u0131tlar \u015fehir dokusuna zarar veriyor.<\/p>\n<p style=\"text-align: justify;\"><strong>\u0130stanbul \u00c7evre Federasyonu Konseyi Ba\u015fkan\u0131 Tunay G\u00fcrsel:<\/strong> Baz\u0131 kamu ve kurumlar buna gerek duymadan projeyi yap\u0131yor ve uyguluyor. Bu kurulu\u015flar\u0131n d\u0131\u015f\u0131nda \u015eehir Planc\u0131lar\u0131 Odas\u0131 T\u00fcrkiye Mimarlar M\u00fchendisler Birli\u011fi\u2019nin bu projeyi nas\u0131l de\u011ferlendirece\u011fi de \u00f6nemli. Ama anla\u015f\u0131lan o ki hi\u00e7bir kesimin g\u00f6r\u00fc\u015f\u00fc, bu proje haz\u0131rlan\u0131rken al\u0131nmam\u0131\u015f.<\/p>\n<p style=\"text-align: justify;\"><a href=\"http:\/\/www.radikal.com.tr\/Radikal.aspx?aType=RadikalDetayV3&amp;ArticleID=1047544&amp;Date=27.04.2011&amp;CategoryID=78\" target=\"_blank\">Kaynak : Radikal<\/a><\/p>\n","protected":false},"excerpt":{"rendered":"<p style=\"text-align: justify;\">\n<p style=\"text-align: justify;\">Aylard\u0131r s\u0131r gibi saklanan &#8216;\u00c7\u0131lg\u0131n Proje&#8217;nin a\u00e7\u0131klanmas\u0131yla birlikte ilk tepkiler de gelmeye ba\u015flad\u0131. Uzmanlar projenin &#8216;gereksiz&#8217; oldu\u011fu g\u00f6r\u00fc\u015f\u00fcnde.<\/p>\n","protected":false},"author":1,"featured_media":0,"comment_status":"open","ping_status":"closed","sticky":false,"template":"","format":"standard","meta":{"footnotes":""},"categories":[105],"tags":[],"class_list":["post-31131","post","type-post","status-publish","format-standard","hentry","category-gundem","odd"],"_links":{"self":[{"href":"http:\/\/www.korhanyilmaz.com\/index.php?rest_route=\/wp\/v2\/posts\/31131","targetHints":{"allow":["GET"]}}],"collection":[{"href":"http:\/\/www.korhanyilmaz.com\/index.php?rest_route=\/wp\/v2\/posts"}],"about":[{"href":"http:\/\/www.korhanyilmaz.com\/index.php?rest_route=\/wp\/v2\/types\/post"}],"author":[{"embeddable":true,"href":"http:\/\/www.korhanyilmaz.com\/index.php?rest_route=\/wp\/v2\/users\/1"}],"replies":[{"embeddable":true,"href":"http:\/\/www.korhanyilmaz.com\/index.php?rest_route=%2Fwp%2Fv2%2Fcomments&post=31131"}],"version-history":[{"count":0,"href":"http:\/\/www.korhanyilmaz.com\/index.php?rest_route=\/wp\/v2\/posts\/31131\/revisions"}],"wp:attachment":[{"href":"http:\/\/www.korhanyilmaz.com\/index.php?rest_route=%2Fwp%2Fv2%2Fmedia&parent=31131"}],"wp:term":[{"taxonomy":"category","embeddable":true,"href":"http:\/\/www.korhanyilmaz.com\/index.php?rest_route=%2Fwp%2Fv2%2Fcategories&post=31131"},{"taxonomy":"post_tag","embeddable":true,"href":"http:\/\/www.korhanyilmaz.com\/index.php?rest_route=%2Fwp%2Fv2%2Ftags&post=31131"}],"curies":[{"name":"wp","href":"https:\/\/api.w.org\/{rel}","templated":true}]}}