{"id":31127,"date":"2011-04-27T07:47:25","date_gmt":"2011-04-27T04:47:25","guid":{"rendered":"http:\/\/www.korhanyilmaz.com\/?p=31127"},"modified":"2011-04-27T07:47:25","modified_gmt":"2011-04-27T04:47:25","slug":"7-yil-sonra-cakma-davasi","status":"publish","type":"post","link":"http:\/\/www.korhanyilmaz.com\/?p=31127","title":{"rendered":"7 y\u0131l sonra &#8220;\u00e7akma&#8221; davas\u0131"},"content":{"rendered":"<p style=\"text-align: center;\"><a href=\"http:\/\/www.korhanyilmaz.com\/wp-content\/uploads\/2011\/04\/039.jpg\"  class=\"lightview\"><img loading=\"lazy\" decoding=\"async\" class=\"aligncenter size-full wp-image-31128\" src=\"http:\/\/www.korhanyilmaz.com\/wp-content\/uploads\/2011\/04\/039.jpg\" alt=\"\" width=\"330\" height=\"257\" \/><\/a><\/p>\n<p style=\"text-align: justify;\">Balyoz davas\u0131nda Hava Kuvvetleri eski Komutan\u0131 \u0130brahim F\u0131rt\u0131na\u2019n\u0131n ifadesi, 7 y\u0131l \u00f6nce Ba\u015fbakan&#8217;\u0131n evinin yak\u0131n\u0131nda ya\u015fanan F-4\u2019\u00fcn cami minaresine \u00e7arpma olay\u0131n\u0131 yeniden g\u00fcndeme getirdi.<!--more--><\/p>\n<p style=\"text-align: justify;\">ANKARA- Balyoz davas\u0131nda Hava Kuvvetleri eski Komutan\u0131 \u0130brahim F\u0131rt\u0131na\u2019n\u0131n ifadesi, 7 y\u0131l \u00f6nce ya\u015fanan bir olay\u0131 yeniden g\u00fcndeme getirdi. F\u0131rt\u0131na savc\u0131lar\u0131n kendisine, 2004 y\u0131l\u0131nda Ke\u00e7i\u00f6ren\u2019deki bir cami minaresine askeri u\u00e7a\u011f\u0131n kanad\u0131n\u0131n \u00e7arpmas\u0131 konusunun \u2018\u2019Ba\u015fbakan\u2019\u0131n evinin \u00fczerinde u\u00e7a\u011f\u0131n\u0131 camiye \u00e7akm\u0131\u015fs\u0131n&#8221; diye soruldu\u011funu anlatt\u0131.<\/p>\n<p style=\"text-align: justify;\">Ba\u015fbakan&#8217;\u0131n da kendisine MGK toplant\u0131s\u0131 \u00f6ncesi bu konuyu sordu\u011funu anlatan F\u0131rt\u0131na, &#8220;Ben de, Cumhuriyet Bayram\u0131 g\u00f6sterileri \u00f6ncesi e\u011fitim yapan \u00fc\u00e7 u\u00e7aktan birinin al\u00e7ak u\u00e7tu\u011fu i\u00e7in caminin aleminin d\u00fc\u015ft\u00fc\u011f\u00fcn\u00fc s\u00f6yledim. Ba\u015fbakan\u0131 ikna ettim. Arkada\u015flara camiyi yapt\u0131rmalar\u0131n\u0131 s\u00f6yledim&#8221; dedi.<\/p>\n<p style=\"text-align: justify;\"><strong>KADIN \u00dcSTE\u011eMEN VARDI<\/strong><\/p>\n<p style=\"text-align: justify;\">2004 y\u0131l\u0131 Ekim ay\u0131nda e\u011fitim u\u00e7u\u015fu yapan bir F-4 u\u00e7a\u011f\u0131n\u0131n kanad\u0131, Ankara Ke\u00e7i\u00f6ren\u2019deki Aksa camii minaresine de\u011fmi\u015fti. Ba\u015fbakan Erdo\u011fan\u2019\u0131n evinin yak\u0131n\u0131nda bulunan caminin minaresindeki alem de bu olay sonucu d\u00fc\u015fm\u00fc\u015ft\u00fc. Yap\u0131lan soru\u015fturmada olay\u0131n, pilotun \u00f6n\u00fcne \u00e7\u0131kan ku\u015f s\u00fcr\u00fcs\u00fcnden ka\u00e7mak i\u00e7in manevra yapmas\u0131 nedeniyle meydana geldi\u011fi belirlendi. Olay\u0131n detaylar\u0131 da Genelkurmay raporlar\u0131na \u015f\u00f6yle ge\u00e7ti:<\/p>\n<p style=\"text-align: justify;\">\u201c 27 Ekim 2004 g\u00fcn\u00fc Cumhuriyet bayram\u0131 provalar\u0131 i\u00e7in Ankara semalar\u0131nda e\u011fitim u\u00e7u\u015fu yapan F-4 u\u00e7a\u011f\u0131n\u0131n kanad\u0131 Ke\u00e7i\u00f6ren semtindeki bir caminin minaresi ile temas etmi\u015ftir. T\u00f6ren ge\u00e7i\u015flerinde hipodrom \u00fczerinden 3 bin 100 feetten u\u00e7ulmaktad\u0131r. F-4 u\u00e7a\u011f\u0131n\u0131n kanad\u0131n\u0131n de\u011fdi\u011fi cami minaresi, (deniz seviyesine g\u00f6re) 3 bin 110 feet y\u00fcksekliktedir. Pilot olay g\u00fcn\u00fc t\u00f6ren ge\u00e7i\u015f irtifas\u0131 olan 3 bin 100 feete inerken, \u00f6n\u00fcne bir ku\u015f s\u00fcr\u00fcs\u00fc \u00e7\u0131km\u0131\u015f ve ka\u00e7\u0131nma manevras\u0131 yapm\u0131\u015f, bu s\u0131rada u\u00e7a\u011f\u0131n kanad\u0131 minareye temas etmi\u015ftir. U\u00e7a\u011f\u0131 kullanan pilotlar, 1996 \u00e7\u0131k\u0131\u015fl\u0131 Hava Pilot \u00dcste\u011fmen Erkin Uyar ve 1999 \u00e7\u0131k\u0131\u015fl\u0131 Hava Pilot \u00dcste\u011fmen Ay\u015feg\u00fcl Akg\u00fcl\u2019d\u00fcr. \u00dcste\u011fmen Uyar, 8 y\u0131ll\u0131k harbe haz\u0131r lider pilottur ve kaza k\u0131r\u0131m\u0131 yoktur. U\u00e7akta 2 bin 450 dolar tutar\u0131nda hasar meydana gelmi\u015ftir. Bak\u0131m\u0131n ard\u0131ndan u\u00e7ak 3 Kas\u0131m 2004\u2019de yeniden faaliyete ge\u00e7erek normal u\u00e7u\u015f e\u011fitimlerine ba\u015flam\u0131\u015ft\u0131r.&#8221;<\/p>\n<p style=\"text-align: justify;\"><a href=\"http:\/\/www.gazeteport.com.tr\/GUNCEL\/NEWS\/GP_894406\" target=\"_blank\">Kaynak : GAZETEPORT<\/a><\/p>\n","protected":false},"excerpt":{"rendered":"<p style=\"text-align: center;\">\n<p style=\"text-align: justify;\">Balyoz davas\u0131nda Hava Kuvvetleri eski Komutan\u0131 \u0130brahim F\u0131rt\u0131na\u2019n\u0131n ifadesi, 7 y\u0131l \u00f6nce Ba\u015fbakan&#8217;\u0131n evinin yak\u0131n\u0131nda ya\u015fanan F-4\u2019\u00fcn cami minaresine \u00e7arpma olay\u0131n\u0131 yeniden g\u00fcndeme getirdi.<\/p>\n","protected":false},"author":1,"featured_media":0,"comment_status":"open","ping_status":"closed","sticky":false,"template":"","format":"standard","meta":{"footnotes":""},"categories":[105],"tags":[],"class_list":["post-31127","post","type-post","status-publish","format-standard","hentry","category-gundem","odd"],"_links":{"self":[{"href":"http:\/\/www.korhanyilmaz.com\/index.php?rest_route=\/wp\/v2\/posts\/31127","targetHints":{"allow":["GET"]}}],"collection":[{"href":"http:\/\/www.korhanyilmaz.com\/index.php?rest_route=\/wp\/v2\/posts"}],"about":[{"href":"http:\/\/www.korhanyilmaz.com\/index.php?rest_route=\/wp\/v2\/types\/post"}],"author":[{"embeddable":true,"href":"http:\/\/www.korhanyilmaz.com\/index.php?rest_route=\/wp\/v2\/users\/1"}],"replies":[{"embeddable":true,"href":"http:\/\/www.korhanyilmaz.com\/index.php?rest_route=%2Fwp%2Fv2%2Fcomments&post=31127"}],"version-history":[{"count":0,"href":"http:\/\/www.korhanyilmaz.com\/index.php?rest_route=\/wp\/v2\/posts\/31127\/revisions"}],"wp:attachment":[{"href":"http:\/\/www.korhanyilmaz.com\/index.php?rest_route=%2Fwp%2Fv2%2Fmedia&parent=31127"}],"wp:term":[{"taxonomy":"category","embeddable":true,"href":"http:\/\/www.korhanyilmaz.com\/index.php?rest_route=%2Fwp%2Fv2%2Fcategories&post=31127"},{"taxonomy":"post_tag","embeddable":true,"href":"http:\/\/www.korhanyilmaz.com\/index.php?rest_route=%2Fwp%2Fv2%2Ftags&post=31127"}],"curies":[{"name":"wp","href":"https:\/\/api.w.org\/{rel}","templated":true}]}}