{"id":31124,"date":"2011-04-27T09:10:37","date_gmt":"2011-04-27T06:10:37","guid":{"rendered":"http:\/\/www.korhanyilmaz.com\/?p=31124"},"modified":"2011-04-27T09:10:37","modified_gmt":"2011-04-27T06:10:37","slug":"hilmi-ozkokten-aciklama","status":"publish","type":"post","link":"http:\/\/www.korhanyilmaz.com\/?p=31124","title":{"rendered":"Hilmi \u00d6zk\u00f6k&#8217;ten a\u00e7\u0131klama"},"content":{"rendered":"<div id=\"attachment_31125\" style=\"width: 370px\" class=\"wp-caption aligncenter\"><a title=\"Hilmi \u00d6zk\u00f6k\" href=\"http:\/\/www.korhanyilmaz.com\/wp-content\/uploads\/2011\/04\/038.jpg\"  class=\"lightview\"><img loading=\"lazy\" decoding=\"async\" aria-describedby=\"caption-attachment-31125\" class=\"size-full wp-image-31125\" title=\"Hilmi \u00d6zk\u00f6k\" src=\"http:\/\/www.korhanyilmaz.com\/wp-content\/uploads\/2011\/04\/038.jpg\" alt=\"\" width=\"360\" height=\"226\" \/><\/a><p id=\"caption-attachment-31125\" class=\"wp-caption-text\">Hilmi \u00d6zk\u00f6k<\/p><\/div>\n<p style=\"text-align: justify;\">Balyoz davas\u0131nda Hilmi \u00d6z\u00f6k ve Ayta\u00e7 Yalman&#8217;\u0131n tan\u0131k olarak dinlenmesini isteyen \u00d6zden \u00d6rnek&#8217;e d\u00f6nemin G.Kurmay Ba\u015fkan\u0131&#8217;ndan yan\u0131t geldi.<\/p>\n<p style=\"text-align: justify;\">Milliyet&#8217;ten Hikmet Bila&#8217;ya konu\u015fan Hilmi \u00d6zk\u00f6k, kendisinin konu\u015fmas\u0131n\u0131n veya konu\u015fmamas\u0131n\u0131n kimseyi zan alt\u0131nda b\u0131rakmayaca\u011f\u0131n\u0131 a\u00e7\u0131klad\u0131. <!--more--><\/p>\n<p style=\"text-align: justify;\"><span style=\"text-decoration: underline;\"><em>\u0130\u015eTE B\u0130LA&#8217;NIN \u00d6ZK\u00d6K&#8217;LE YAPTI\u011eI ROP\u00d6RTAJ:<\/em><\/span><\/p>\n<p style=\"text-align: justify;\">Balyoz davas\u0131nda savunma yapan eski Deniz Kuvvetleri Komutan\u0131 \u00d6zden \u00d6rnek, d\u00f6nemin Genelkurmay Ba\u015fkan\u0131 Hilmi \u00d6zk\u00f6k ve Kara Kuvvetleri Komutan\u0131 Ayta\u00e7 Yalman\u2019a \u00e7a\u011fr\u0131da bulundu.<\/p>\n<p style=\"text-align: justify;\">\u00d6zden, \u00d6zk\u00f6k ve Yalman i\u00e7in, \u201cBuraya gelmeli, ne biliyorlarsa a\u00e7\u0131klamal\u0131lar. Onlar\u0131n susmas\u0131 bizi zan alt\u0131nda b\u0131rak\u0131yor\u201d dedi.<\/p>\n<p style=\"text-align: justify;\"><strong>\u201cZan alt\u0131nda b\u0131rakmaz\u201d<\/strong><\/p>\n<p style=\"text-align: justify;\">D\u00f6nemin Genelkurmay Ba\u015fkan\u0131 Hilmi \u00d6zk\u00f6k\u2019le d\u00fcn konu\u015ftum. \u00d6zk\u00f6k Pa\u015fa, her zaman oldu\u011fu gibi bu konularda konu\u015fmaya istekli de\u011fil. Yarg\u0131 s\u00fcrecinin devam etti\u011fine dikkat \u00e7ekerek, bu konuda titiz davran\u0131yor. Ancak, \u00d6rnek\u2019in \u201csusmalar\u0131 zan alt\u0131nda b\u0131rak\u0131yor\u201d ifadesine bir yan\u0131t almak i\u00e7in \u00fcsteleyince \u015fu de\u011ferlendirmeyi yapt\u0131:<\/p>\n<p style=\"text-align: justify;\">&#8211; Benim susmam veya konu\u015fmam kimseyi zan alt\u0131nda b\u0131rakmaz. Zan benim susmamla do\u011fmaz, ilgisi yok. Ben konu\u015fup da kimseyi su\u00e7lamad\u0131m ki, kimseyi zan alt\u0131nda b\u0131rakmad\u0131m ki! Ayr\u0131ca susmam da kimseyi zan alt\u0131nda b\u0131rakmaz. O adli s\u00fcre\u00e7le ilgili bir durumdur. Mahkeme s\u00fcreciyle ilgili, mahkemenin sonu\u00e7lanmas\u0131 gerekiyor.<\/p>\n<p style=\"text-align: justify;\"><strong>\u201cKuvvet y\u00fcr\u00fct\u00fcr\u201d<\/strong><\/p>\n<p style=\"text-align: justify;\">Daha \u00f6nce \u0130zmir adliyesinde ifade vermi\u015ftiniz?<\/p>\n<p style=\"text-align: justify;\">&#8211; O konu kar\u0131\u015ft\u0131r\u0131l\u0131yor. Ben Ergenekon davas\u0131yla ilgili ifade verdim. Nezaket g\u00f6sterip \u0130zmir\u2019e geldiler, ben de \u0130zmir Adliyesi\u2019ne gittim ve ifade verdim. Balyoz davas\u0131yla ilgili olarak kimseyle konu\u015fmad\u0131m. O konuyla ilgili iddialar var, yarg\u0131 s\u00fcreci devam ediyor. Seminerler her y\u0131l yap\u0131l\u0131r. Prosed\u00fcr\u00fc de bellidir. Var olan bir plan oynan\u0131r. Bunlar\u0131 Genelkurmay Ba\u015fkan\u0131 de\u011fil Kuvvet y\u00fcr\u00fct\u00fcr. Sonra bize rapor gelir. O tarihlerde ben Ankara\u2019da ba\u015fka konularla ilgileniyordum. Irak konusu vard\u0131, K\u0131br\u0131s konusu vard\u0131, AB konusu vard\u0131. S\u00fcrekli zirveler, toplant\u0131lar yap\u0131yorduk. O seminere ben de gidemedim, Kuvvet Komutan\u0131 da (Ayta\u00e7 Yalman) gidemedi. T\u00fcrkiye\u2019nin g\u00fcndeminde bizi de yak\u0131ndan ilgilendiren \u00e7ok \u00f6nemli konular vard\u0131.<\/p>\n<p style=\"text-align: justify;\"><strong>\u201cBilgi-belge yok\u201d<\/strong><\/p>\n<p style=\"text-align: justify;\">Balyoz davas\u0131nda g\u00fcndeme getirilen iddialarla ilgili size ula\u015fan bilgi ve belge var m\u0131?<\/p>\n<p style=\"text-align: justify;\">&#8211; Hay\u0131r, yok. Bu, bana daha \u00f6nce de soruldu. \u015eamil Tayyar sormu\u015ftu, ona da ayn\u0131 cevab\u0131 vermi\u015ftim. Bende bu konuda bilgi-belge yok. Dedi\u011fim gibi ben o zaman Ankara\u2019da \u00e7ok daha farkl\u0131 konularla me\u015fguld\u00fcm.<\/p>\n<p style=\"text-align: justify;\"><strong>\u201cSavunma talep edebilir\u201d<\/strong><\/p>\n<p style=\"text-align: justify;\">\u00d6zden \u00d6rnek, yine de size \u00e7a\u011fr\u0131 yap\u0131yor?<\/p>\n<p style=\"text-align: justify;\">&#8211; Bu adli s\u00fcre\u00e7. Savunma yapanlar b\u00f6yle taleplerde bulunabilirler. Ben \u00f6yle bak\u0131yorum.<\/p>\n<p style=\"text-align: justify;\"><strong>\u201cYorum yok\u201d<\/strong><\/p>\n<p style=\"text-align: justify;\">Ergenekon davas\u0131yla ilgili g\u00f6r\u00fc\u015fmemizde savc\u0131 davet ederse ifade veririm, demi\u015ftiniz ve sonra davet gelince de verdiniz. Balyoz davas\u0131 i\u00e7in de ayn\u0131 g\u00f6r\u00fc\u015f\u00fc ta\u015f\u0131d\u0131\u011f\u0131n\u0131z\u0131 s\u00f6yleyebilir miyiz?<\/p>\n<p style=\"text-align: justify;\">&#8211; No comment (yorum yok)<\/p>\n<p style=\"text-align: justify;\">\u201c\u00dcz\u00fcl\u00fcyorum\u201d<\/p>\n<p style=\"text-align: justify;\">Susmalar\u0131 zan alt\u0131nda b\u0131rak\u0131yor, dediklerine g\u00f6re sizin konu\u015fman\u0131z\u0131n ayd\u0131nlat\u0131c\u0131 olaca\u011f\u0131n\u0131 d\u00fc\u015f\u00fcn\u00fcyorlar. Kuvvet komutanlar\u0131n\u0131z\u0131n d\u00fc\u015f\u00fcncesi size neler hissettiriyor?<\/p>\n<p style=\"text-align: justify;\">&#8211; Tabii tutuklu olmalar\u0131na ve bu s\u00fcrenin uzamas\u0131na \u00e7ok \u00fcz\u00fcl\u00fcyorum. Tutukluluk bir cezaya d\u00f6n\u00fc\u015fmemeli. Daha \u00f6nce size s\u00f6ylemi\u015ftim, benim g\u00f6z\u00fcmde silah arkada\u015flar\u0131m\u0131n hepsi tertemizdir. Konu edilen seminer ve iddialarla ilgili olarak dedi\u011fim gibi bende bilgi veya belge yok. Ke\u015fke yard\u0131m edebilece\u011fim bir konu olsa. Ben, \u015fu anda g\u00f6revde olan bir Genelkurmay Ba\u015fkan\u0131 de\u011filim. G\u00f6revimi tamamlam\u0131\u015f\u0131m, emekli olmu\u015fum. G\u00f6reve yeni geldi\u011fim tarihlerde Ankara\u2019da hangi sorunlarla me\u015fgul oldu\u011fumu s\u00f6yledim.<\/p>\n<p style=\"text-align: justify;\">D\u00f6nemin Genelkurmay Ba\u015fkan\u0131 \u00d6zk\u00f6k Pa\u015fa\u2019n\u0131n d\u00fc\u015f\u00fcnce ve duygular\u0131 b\u00f6yle. D\u00f6nemin Kara Kuvvetleri Komutan\u0131 Ayta\u00e7 Yalman Pa\u015fa ise suskunlu\u011funu s\u00fcrd\u00fcr\u00fcyor.<\/p>\n<p style=\"text-align: justify;\"><a href=\"http:\/\/www.gazeteport.com.tr\/GUNCEL\/NEWS\/GP_894677\" target=\"_blank\">Kaynak : GAZETEPORT<\/a><\/p>\n","protected":false},"excerpt":{"rendered":"<p id=\"caption-attachment-31125\" class=\"wp-caption-text\">Hilmi \u00d6zk\u00f6k<\/p>\n<p style=\"text-align: justify;\">Balyoz davas\u0131nda Hilmi \u00d6z\u00f6k ve Ayta\u00e7 Yalman&#8217;\u0131n tan\u0131k olarak dinlenmesini isteyen \u00d6zden \u00d6rnek&#8217;e d\u00f6nemin G.Kurmay Ba\u015fkan\u0131&#8217;ndan yan\u0131t geldi.<\/p>\n<p style=\"text-align: justify;\">Milliyet&#8217;ten Hikmet Bila&#8217;ya konu\u015fan Hilmi \u00d6zk\u00f6k, kendisinin konu\u015fmas\u0131n\u0131n veya konu\u015fmamas\u0131n\u0131n kimseyi zan alt\u0131nda b\u0131rakmayaca\u011f\u0131n\u0131 a\u00e7\u0131klad\u0131. <\/p>\n","protected":false},"author":1,"featured_media":0,"comment_status":"open","ping_status":"closed","sticky":false,"template":"","format":"standard","meta":{"footnotes":""},"categories":[105],"tags":[],"class_list":["post-31124","post","type-post","status-publish","format-standard","hentry","category-gundem","odd"],"_links":{"self":[{"href":"http:\/\/www.korhanyilmaz.com\/index.php?rest_route=\/wp\/v2\/posts\/31124","targetHints":{"allow":["GET"]}}],"collection":[{"href":"http:\/\/www.korhanyilmaz.com\/index.php?rest_route=\/wp\/v2\/posts"}],"about":[{"href":"http:\/\/www.korhanyilmaz.com\/index.php?rest_route=\/wp\/v2\/types\/post"}],"author":[{"embeddable":true,"href":"http:\/\/www.korhanyilmaz.com\/index.php?rest_route=\/wp\/v2\/users\/1"}],"replies":[{"embeddable":true,"href":"http:\/\/www.korhanyilmaz.com\/index.php?rest_route=%2Fwp%2Fv2%2Fcomments&post=31124"}],"version-history":[{"count":0,"href":"http:\/\/www.korhanyilmaz.com\/index.php?rest_route=\/wp\/v2\/posts\/31124\/revisions"}],"wp:attachment":[{"href":"http:\/\/www.korhanyilmaz.com\/index.php?rest_route=%2Fwp%2Fv2%2Fmedia&parent=31124"}],"wp:term":[{"taxonomy":"category","embeddable":true,"href":"http:\/\/www.korhanyilmaz.com\/index.php?rest_route=%2Fwp%2Fv2%2Fcategories&post=31124"},{"taxonomy":"post_tag","embeddable":true,"href":"http:\/\/www.korhanyilmaz.com\/index.php?rest_route=%2Fwp%2Fv2%2Ftags&post=31124"}],"curies":[{"name":"wp","href":"https:\/\/api.w.org\/{rel}","templated":true}]}}