{"id":31120,"date":"2011-04-27T08:13:33","date_gmt":"2011-04-27T05:13:33","guid":{"rendered":"http:\/\/www.korhanyilmaz.com\/?p=31120"},"modified":"2011-04-27T08:13:33","modified_gmt":"2011-04-27T05:13:33","slug":"mhp%e2%80%99yi-sok-eden-kaset","status":"publish","type":"post","link":"http:\/\/www.korhanyilmaz.com\/?p=31120","title":{"rendered":"MHP\u2019yi \u015fok eden kaset"},"content":{"rendered":"<p style=\"text-align: justify;\"><a href=\"http:\/\/www.korhanyilmaz.com\/wp-content\/uploads\/2011\/04\/037.jpg\"  class=\"lightview\"><img loading=\"lazy\" decoding=\"async\" class=\"aligncenter size-full wp-image-31121\" title=\"\" src=\"http:\/\/www.korhanyilmaz.com\/wp-content\/uploads\/2011\/04\/037.jpg\" alt=\"\" width=\"343\" height=\"257\" \/><\/a><\/p>\n<p style=\"text-align: justify;\">Se\u00e7ime g\u00fcnler kala siyaset d\u00fcnyas\u0131nda yeni bir kaset skandal\u0131 ortaya \u00e7\u0131kt\u0131. G\u00f6r\u00fcnt\u00fclerde MHP Genel Ba\u015fkan Yard\u0131mc\u0131lar\u0131 Adana Milletvekili Recai Y\u0131ld\u0131r\u0131m ile K\u0131r\u015fehir Milletvekili Metin \u00c7obano\u011flu olduklar\u0131 ileri s\u00fcr\u00fclen iki ki\u015fi, S. ve B. isimli iki kad\u0131n ile \u00f6nce sohbet ediyor, ard\u0131ndan farkl\u0131 koltuklarda \u00f6p\u00fc\u015f\u00fcyor. <!--more--><\/p>\n<p style=\"text-align: justify;\">MHP Genel Ba\u015fkan Yard\u0131mc\u0131lar\u0131 Recai Y\u0131ld\u0131r\u0131m ile Metin \u00c7obano\u011flu, MHP Genel Ba\u015fkan\u0131 Devlet Bah\u00e7eli&#8217;nin talimat\u0131 \u00fczerine, genel ba\u015fkan yard\u0131mc\u0131l\u0131\u011f\u0131 ve milletvekili adayl\u0131\u011f\u0131ndan istifa etti.<\/p>\n<p style=\"text-align: justify;\">Ankara Cumhuriyet Ba\u015fsavc\u0131l\u0131\u011f\u0131, MHP Genel Ba\u015fkan Yard\u0131mc\u0131lar\u0131 Recai Y\u0131ld\u0131r\u0131m ile Metin \u00c7obano\u011flu&#8217;na ait oldu\u011fu iddia edilen g\u00f6r\u00fcnt\u00fclerle ilgili olarak, &#8221;\u00d6zel hayat\u0131n gizlili\u011fini ihlal&#8221; gerek\u00e7esiyle soru\u015fturma ba\u015flatt\u0131.<\/p>\n<p style=\"text-align: justify;\">\u0130STANBUL &#8211; MHP Genel Ba\u015fkan Yard\u0131mc\u0131lar\u0131 Adana Milletvekili Recai Y\u0131ld\u0131r\u0131m ile K\u0131r\u015fehir Milletvekili Metin \u00c7obano\u011flu olduklar\u0131 ileri s\u00fcr\u00fclen iki ki\u015fi, S. ve B. isimli iki kad\u0131n ile \u00f6nce sohbet ediyor, ard\u0131ndan farkl\u0131 koltuklarda \u00f6p\u00fc\u015f\u00fcyor. Kad\u0131nlar ile genel ba\u015fkan yard\u0131mc\u0131lar\u0131 MHP ile CHP&#8217;nin koalisyon kurmas\u0131ndan, seks fantezilerine, Alevilikten MHP&#8217;li bakanlar\u0131n da\u011f\u0131tt\u0131\u011f\u0131 ihalelere kadar \u00e7e\u015fitli konulardan konu\u015fuyorlar.<\/p>\n<p style=\"text-align: justify;\"><strong>EMEKL\u0130 B\u0130R ASKER E\u015e\u0130YLE SAM\u0130M\u0130 G\u00d6R\u00dcNT\u00dcLER<\/strong><\/p>\n<p style=\"text-align: justify;\">farkliulkuculuk.com sitesinde yer ald\u0131\u011f\u0131 iddia edilen g\u00f6r\u00fcnt\u00fclerde, MHP\u2019li y\u00f6neticinin emekli bir asker e\u015fiyle samimi g\u00f6r\u00fcnt\u00fcleri de bulunuyor. G\u00f6r\u00fcnt\u00fclerin sonunda ise \u201cD\u00fc\u015fmanlar halimize g\u00fcl\u00fcyor, bizim i\u00e7imiz kan a\u011fl\u0131yor. Yaz\u0131klar olsun bize ba\u015fka \u00e7\u0131kar yol b\u0131rakmayanlara. Yaz\u0131klar olsun 400 y\u0131ll\u0131k \u00fclk\u00fcm\u00fcz\u00fc lekeleyenlere, yaz\u0131klar olsun rahmetli Ba\u015fbu\u011fumuzun y\u00fcce makam\u0131n\u0131 i\u015fgal ederek kirletenlere\u201d denilerek, Bah\u00e7eli ve ekibine \u015f\u00f6yle sesleniliyor: \u201cAz\u0131c\u0131k adaml\u0131ktan nasibiniz varsa, az\u0131c\u0131k hayan\u0131z varsa, az\u0131c\u0131k davaya kar\u015f\u0131 ba\u011fl\u0131l\u0131\u011f\u0131n\u0131z varsa, sizin y\u00fcz\u00fcn\u00fczden bu kutlu davan\u0131n daha fazla rencide olmamas\u0131 i\u00e7in derhal tepeden t\u0131rna\u011fa t\u00fcm y\u00f6netim istifa edin. Derhal istifa etmedi\u011finiz taktirde bundan sonra olacak geli\u015fmelerin t\u00fcm sorumlulu\u011fu size aittir.\u201d<\/p>\n<p style=\"text-align: justify;\"><strong>G\u00d6R\u00dcNT\u00dcLER \u0130ST\u0130FA GET\u0130RD\u0130<\/strong><\/p>\n<p style=\"text-align: justify;\">MHP Genel Ba\u015fkan Yard\u0131mc\u0131lar\u0131 Recai Y\u0131ld\u0131r\u0131m ile Metin \u00c7obano\u011flu, MHP Genel Ba\u015fkan\u0131 Devlet Bah\u00e7eli&#8217;nin talimat\u0131 \u00fczerine, genel ba\u015fkan yard\u0131mc\u0131l\u0131\u011f\u0131 ve milletvekili adayl\u0131\u011f\u0131ndan istifa etti.<\/p>\n<p style=\"text-align: justify;\">MHP Genel Merkezi&#8217;nden yap\u0131lan yaz\u0131l\u0131 a\u00e7\u0131klamada, Y\u0131ld\u0131r\u0131m ile \u00c7obano\u011flu&#8217;nun Genel Ba\u015fkan Bah\u00e7eli&#8217;nin iste\u011fi \u00fczerine, genel ba\u015fkan yard\u0131mc\u0131l\u0131\u011f\u0131 ve milletvekili adayl\u0131\u011f\u0131ndan istifa ettikleri bildirildi.<\/p>\n<p style=\"text-align: justify;\"><strong>SORU\u015eTURMA BA\u015eLATILDI<\/strong><\/p>\n<p style=\"text-align: justify;\">Ankara Cumhuriyet Ba\u015fsavc\u0131l\u0131\u011f\u0131, MHP Genel Ba\u015fkan Yard\u0131mc\u0131lar\u0131 Recai Y\u0131ld\u0131r\u0131m ile Metin \u00c7obano\u011flu&#8217;na ait oldu\u011fu iddia edilen g\u00f6r\u00fcnt\u00fclerle ilgili olarak, &#8221;\u00d6zel hayat\u0131n gizlili\u011fini ihlal&#8221; gerek\u00e7esiyle soru\u015fturma ba\u015flatt\u0131.<\/p>\n<p style=\"text-align: justify;\">Y\u0131ld\u0131r\u0131m ve \u00c7obano\u011flu&#8217;nun avukatlar\u0131, Ankara Cumhuriyet Ba\u015fsavc\u0131l\u0131\u011f\u0131na su\u00e7 duyurusunda bulunarak, s\u00f6z konusu g\u00f6r\u00fcnt\u00fclerin elde edilmesi ve yay\u0131nlanmas\u0131yla ilgili sorumlular\u0131n cezaland\u0131r\u0131lmas\u0131n\u0131 talep etti. Avukatlar ayr\u0131ca, g\u00f6r\u00fcnt\u00fclerin yay\u0131nlanmas\u0131n\u0131n engellenmesi isteminde de bulundu.<\/p>\n<p style=\"text-align: justify;\">Su\u00e7 duyurusu \u00fczerine harekete ge\u00e7en Ba\u015fsavc\u0131l\u0131k, konuya ili\u015fkin soru\u015fturma ba\u015flatt\u0131.<\/p>\n<p style=\"text-align: justify;\">Bili\u015fim Su\u00e7lar\u0131 B\u00fcrosu Savc\u0131s\u0131 Mehmet Odaba\u015f\u0131 taraf\u0131ndan y\u00fcr\u00fct\u00fclecek soru\u015fturma, &#8221;\u00f6zel hayat\u0131n gizlili\u011fini ihlal&#8221; iddias\u0131 kapsam\u0131nda ger\u00e7ekle\u015ftirilecek.<\/p>\n<p style=\"text-align: justify;\">Kesat iddialar\u0131n\u0131n ortaya \u00e7\u0131kmas\u0131n\u0131n ard\u0131ndan, MHP Genel Ba\u015fkan Yard\u0131mc\u0131lar\u0131 Recai Y\u0131ld\u0131r\u0131m ile Metin \u00c7obano\u011flu, MHP Genel Ba\u015fkan\u0131 Devlet Bah\u00e7eli&#8217;nin talimat\u0131 \u00fczerine, genel ba\u015fkan yard\u0131mc\u0131l\u0131\u011f\u0131 ve milletvekili adayl\u0131\u011f\u0131ndan istifa etmi\u015flerdi.<\/p>\n<p style=\"text-align: justify;\"><strong>&#8220;KASET S\u0130YASET\u0130NE \u0130T\u0130BAR ETMEY\u0130Z&#8221;<\/strong><\/p>\n<p style=\"text-align: justify;\">MHP Genel Ba\u015fkan\u0131 Devlet Bah\u00e7eli, &#8221;Biz kaset siyasetine itibar etmiyoruz&#8221; dedi.<\/p>\n<p style=\"text-align: justify;\">Partisinin D\u00fczce&#8217;deki se\u00e7im irtibat b\u00fcrosu a\u00e7\u0131l\u0131\u015f\u0131na kat\u0131lan MHP Genel Ba\u015fkan\u0131 Bah\u00e7eli, gazetecilerin &#8221;Partinizde bir kaset olay\u0131 patlak verdi. Konuya ili\u015fkin ne diyeceksiniz?&#8221; sorular\u0131 \u00fczerine, &#8221;Biz kaset siyasetine itibar etmiyoruz&#8221; diye yan\u0131t verdi.<\/p>\n<p style=\"text-align: justify;\">Bah\u00e7eli, gazetecilerden konuyla ilgili ba\u015fka soru sormamalar\u0131n\u0131 da istedi. Milliyet\u00e7i Hareket Partisi (MHP) Adana 1. s\u0131ra Milletvekili aday\u0131 Recai Y\u0131ld\u0131r\u0131m ile K\u0131r\u015fehir 1. s\u0131ra milletvekili aday\u0131 Metin \u00c7obano\u011flu&#8217;nun, milletvekili adayl\u0131\u011f\u0131ndan istifas\u0131 nedeniyle, MHP yar\u0131n ak\u015fama kadar yerlerine yeni adaylar g\u00f6sterecek.<\/p>\n<p style=\"text-align: justify;\">YSK kesin aday listelerini 29 Nisan Cuma g\u00fcn\u00fc a\u00e7\u0131klayaca\u011f\u0131 i\u00e7in, MHP&#8217;nin yar\u0131n ak\u015fam 17.00&#8217;ye kadar adayl\u0131ktan istifalarla bo\u015falan yerlere yeni adaylar g\u00f6stermesi gerekiyor.<\/p>\n<p><a href=\"http:\/\/www.gazeteport.com.tr\/SIYASET\/NEWS\/GP_894633\" target=\"_blank\">Kaynak : GAZETEPORT<\/a><\/p>\n","protected":false},"excerpt":{"rendered":"<p style=\"text-align: justify;\">\n<p style=\"text-align: justify;\">Se\u00e7ime g\u00fcnler kala siyaset d\u00fcnyas\u0131nda yeni bir kaset skandal\u0131 ortaya \u00e7\u0131kt\u0131. G\u00f6r\u00fcnt\u00fclerde MHP Genel Ba\u015fkan Yard\u0131mc\u0131lar\u0131 Adana Milletvekili Recai Y\u0131ld\u0131r\u0131m ile K\u0131r\u015fehir Milletvekili Metin \u00c7obano\u011flu olduklar\u0131 ileri s\u00fcr\u00fclen iki ki\u015fi, S. ve B. isimli iki kad\u0131n ile \u00f6nce sohbet ediyor, ard\u0131ndan farkl\u0131 koltuklarda \u00f6p\u00fc\u015f\u00fcyor. <\/p>\n","protected":false},"author":1,"featured_media":0,"comment_status":"open","ping_status":"closed","sticky":false,"template":"","format":"standard","meta":{"footnotes":""},"categories":[105],"tags":[],"class_list":["post-31120","post","type-post","status-publish","format-standard","hentry","category-gundem","odd"],"_links":{"self":[{"href":"http:\/\/www.korhanyilmaz.com\/index.php?rest_route=\/wp\/v2\/posts\/31120","targetHints":{"allow":["GET"]}}],"collection":[{"href":"http:\/\/www.korhanyilmaz.com\/index.php?rest_route=\/wp\/v2\/posts"}],"about":[{"href":"http:\/\/www.korhanyilmaz.com\/index.php?rest_route=\/wp\/v2\/types\/post"}],"author":[{"embeddable":true,"href":"http:\/\/www.korhanyilmaz.com\/index.php?rest_route=\/wp\/v2\/users\/1"}],"replies":[{"embeddable":true,"href":"http:\/\/www.korhanyilmaz.com\/index.php?rest_route=%2Fwp%2Fv2%2Fcomments&post=31120"}],"version-history":[{"count":0,"href":"http:\/\/www.korhanyilmaz.com\/index.php?rest_route=\/wp\/v2\/posts\/31120\/revisions"}],"wp:attachment":[{"href":"http:\/\/www.korhanyilmaz.com\/index.php?rest_route=%2Fwp%2Fv2%2Fmedia&parent=31120"}],"wp:term":[{"taxonomy":"category","embeddable":true,"href":"http:\/\/www.korhanyilmaz.com\/index.php?rest_route=%2Fwp%2Fv2%2Fcategories&post=31120"},{"taxonomy":"post_tag","embeddable":true,"href":"http:\/\/www.korhanyilmaz.com\/index.php?rest_route=%2Fwp%2Fv2%2Ftags&post=31120"}],"curies":[{"name":"wp","href":"https:\/\/api.w.org\/{rel}","templated":true}]}}