{"id":31113,"date":"2011-04-27T11:52:51","date_gmt":"2011-04-27T08:52:51","guid":{"rendered":"http:\/\/www.korhanyilmaz.com\/?p=31113"},"modified":"2011-04-27T11:52:51","modified_gmt":"2011-04-27T08:52:51","slug":"iste-cilgin-proje-kanal-istanbul","status":"publish","type":"post","link":"http:\/\/www.korhanyilmaz.com\/?p=31113","title":{"rendered":"\u0130\u015fte &#8220;\u00e7\u0131lg\u0131n proje&#8221;: &#8220;Kanal \u0130stanbul&#8221;"},"content":{"rendered":"<p style=\"text-align: center;\"><a href=\"http:\/\/www.korhanyilmaz.com\/wp-content\/uploads\/2011\/04\/036.jpg\"  class=\"lightview\"><img loading=\"lazy\" decoding=\"async\" class=\"aligncenter size-full wp-image-31114\" src=\"http:\/\/www.korhanyilmaz.com\/wp-content\/uploads\/2011\/04\/036.jpg\" alt=\"\" width=\"448\" height=\"231\" \/><\/a><\/p>\n<p style=\"text-align: justify;\">\u0130stanbul&#8217;la ilgili olan proje i\u00e7in d\u00fcn gece ge\u00e7 saatlerde \u0130stanbul&#8217;a gelip kurmaylar\u0131yla toplant\u0131 yapan Ba\u015fbakan Erdo\u011fan Hali\u00e7 Kongre Merkezi&#8217;nde &#8220;\u00e7\u0131lg\u0131n proje&#8221;sini a\u00e7\u0131klad\u0131: \u0130stanbul&#8217;a 2. Bo\u011faz &#8220;KANAL \u0130STANBUL&#8221;&#8230;<!--more--><\/p>\n<p style=\"text-align: justify;\">\u0130STANBUL- Ba\u015fbakan Recep Tayyip Erdo\u011fan, \u0130stanbul&#8217;da iki yar\u0131mada ve bir adan\u0131n olu\u015faca\u011f\u0131n\u0131 belirterek, &#8221;\u0130stanbul&#8217;un Avrupa yakas\u0131nda, \u015fehrin bat\u0131s\u0131nda, Karadeniz ile Marmara Denizi&#8217;nin aras\u0131na, yakla\u015f\u0131k 45-50 kilometre uzunlu\u011funda bir kanal yap\u0131yoruz. \u0130stanbul&#8217;umuza &#8216;Kanal \u0130stanbul&#8217;u kazand\u0131r\u0131yoruz&#8221; dedi.<\/p>\n<p style=\"text-align: justify;\">Ba\u015fbakan Erdo\u011fan, \u0130stanbul Kongre Merkezi&#8217;ndeki toplant\u0131da &#8221;\u00e7\u0131lg\u0131n proje&#8221; olarak adland\u0131r\u0131lan &#8221;\u0130stanbul Haz\u0131r; Hedef 2023&#8221; projesini a\u00e7\u0131klad\u0131. T\u00fcrkiye&#8217;nin bu b\u00fcy\u00fck hayali, bu b\u00fcy\u00fck projeyi ger\u00e7ekle\u015ftirecek iradeye sahip oldu\u011funu belirten Erdo\u011fan, kaynak noktas\u0131nda bir s\u0131k\u0131nt\u0131 olmad\u0131\u011f\u0131n\u0131 s\u00f6yledi.<\/p>\n<p style=\"text-align: justify;\">Projenin, tamam\u0131yla milli kaynaklardan kar\u015f\u0131lanaca\u011f\u0131n\u0131 belirten Erdo\u011fan, &#8221;\u00c7\u00fcnk\u00fc, T\u00fcrkiye bir istikrar \u00fclkesi, T\u00fcrkiye bir g\u00fcven \u00fclkesi. Buraya g\u00fcvenildik\u00e7e, burada istikrar olduk\u00e7a, buraya art\u0131k giri\u015fimciler, m\u00fcte\u015febbisler rahatl\u0131kla girebiliyor. T\u00fcrkiye 2023&#8217;e b\u00f6yle b\u00fcy\u00fck b\u00f6yle \u00e7\u0131lg\u0131n, b\u00f6yle muhte\u015fem bir projeyle girmeyi fazlas\u0131yla hak etmektedir ve bunun ad\u0131m\u0131n\u0131 att\u0131k&#8221; diye konu\u015ftu.<\/p>\n<p style=\"text-align: justify;\"><span style=\"color: #993300;\"><strong><span style=\"font-size: medium;\">KANAL \u0130STANBUL<\/span><\/strong><\/span><\/p>\n<p style=\"text-align: justify;\">&#8220;\u0130stanbul T\u00fcrkiye\u2019nin \u00f6zetidir. G\u00fczelli\u011fiyle, potansiyeliyle sadece T\u00fcrkiye\u2019nin de\u011fil d\u00fcnyan\u0131n g\u00f6z bebe\u011fidir. \u0130stanbul\u2019a yap\u0131lan her hizmet, Anadolu\u2019ya Trakya\u2019ya yap\u0131lan bir hizmettir. \u0130nsanl\u0131\u011fa yap\u0131lan hizmettir.<\/p>\n<p style=\"text-align: justify;\">\u0130\u015fte bug\u00fcn bu muhte\u015fem \u015fehre yeni bir hizmeti yeni bir eseri kazand\u0131rman\u0131n millet\u00e7e heyecan\u0131n\u0131 ya\u015f\u0131yoruz. \u015eunu \u00f6zellikle ifade etmek istiyorum. Bug\u00fcn a\u00e7\u0131klayaca\u011f\u0131m bu muhte\u015fem proje, \u015fahs\u0131m\u0131n oldu\u011fu kadar arkada\u015flar\u0131m\u0131n oldu\u011fu kadar, y\u00fczlerce y\u0131l \u00f6ncesinde \u0130stanbul\u2019un sakinlerinin de asl\u0131nda bir hayalidir. \u0130stanbul\u2019a B\u00fcy\u00fck\u015fehir belediye ba\u015fkan\u0131 oldu\u011fum zaman, bu \u00f6zellikle Independent olay\u0131n\u0131 ya\u015fad\u0131\u011f\u0131m\u0131zda, \u00e7ok ciddi rahats\u0131zl\u0131klar ge\u00e7irmi\u015ftik. B\u00f6yle bir felaketle ba\u015f ba\u015fa kal\u0131rsan ne yapar\u0131z, aylarca bu yang\u0131n s\u00fcrm\u00fc\u015ft\u00fc. Ne yapar\u0131z diye kendi kendime soruyordum. Zaman zaman bunlar\u0131 konu\u015fuyordum.<\/p>\n<p style=\"text-align: justify;\">Ba\u015fbakan olduktan sonra, Ula\u015ft\u0131rma Bakan\u0131m ve Belediye Ba\u015fkan\u0131mla helikopterle zaman zaman dola\u015ft\u0131k. T\u00fcrkiye bunu ba\u015faracak g\u00fcce ula\u015fm\u0131\u015ft\u0131r dedik. Art\u0131k kaynaklar noktas\u0131nda da s\u0131k\u0131nt\u0131m\u0131z yok. Milli kaynaktan olmas\u0131na y\u00f6nelik bir s\u0131k\u0131nt\u0131 da yok. T\u00fcrkiye 2023\u2019e b\u00f6yle b\u00fcy\u00fck, \u00e7\u0131lg\u0131n ve muhte\u015fem bir projeyle girmeyi hak etmektedir dedik ve bunun ad\u0131m\u0131n\u0131 att\u0131k.<\/p>\n<p style=\"text-align: justify;\"><strong>&#8220;PROJEN\u0130N TAM YER\u0130 G\u0130ZL\u0130 TUTULACAK&#8221;<\/strong><\/p>\n<p style=\"text-align: justify;\">A\u00e7\u0131klayaca\u011f\u0131 projenin, \u00e7ok boyutlu bir proje oldu\u011funu belirten Ba\u015fbakan Erdo\u011fan, \u015funlar\u0131 s\u00f6yledi:<\/p>\n<p style=\"text-align: justify;\">&#8221;Ayn\u0131 zamanda bir enerji projesidir. Bu proje, bir ula\u015ft\u0131rma projesidir. Bay\u0131nd\u0131rl\u0131k, tar\u0131m, e\u011fitim, istihdam projesidir. Bu proje bir \u015fehircilik projesidir. Onun kadar da bir aile projesi, konut projesi, k\u00fclt\u00fcr projesi, bir turizm projesidir. En \u00f6nemlisi de bu proje, bir \u00e7evre projesidir. \u0130stanbul&#8217;u ve \u00e7evresini, tabiat\u0131, denizi, su kaynaklar\u0131n\u0131 ye\u015fili, hayvan ve bitki ya\u015fam\u0131n\u0131 koruma projesidir. Projeyi, a\u00e7\u0131klamadan \u00f6nce \u00f6zellikle iki hususun alt\u0131n\u0131 \u00e7iziyorum. Biz, \u00e7ok uzun bir s\u00fcredir bu proje \u00fczerinde b\u00fcy\u00fck bir titizlikle dar \u00e7er\u00e7evede \u00e7al\u0131\u015ft\u0131k. Ve birka\u00e7 grubu, dar \u00e7er\u00e7evede \u00e7al\u0131\u015ft\u0131rd\u0131k. Her t\u00fcrl\u00fc olumsuzlu\u011fu, haks\u0131zl\u0131\u011f\u0131, adaletsizli\u011fi \u00f6nlemek ad\u0131na projenin yeri ve maliyeti konusunu gizli tutmaya devam edece\u011fiz. Bunu a\u00e7\u0131klayacak de\u011filim. \u00c7\u00fcnk\u00fc, onu a\u00e7\u0131klad\u0131\u011f\u0131m\u0131z anda bir\u00e7ok olumsuzluklar\u0131n olabilece\u011fini g\u00f6r\u00fcyoruz. Projenin, yeri ve maliyeti 3 a\u015fa\u011f\u0131 5 yukar\u0131 belirlenmi\u015f durumdad\u0131r. Sadece et\u00fct \u00e7al\u0131\u015fmalar\u0131 tahminen 2 y\u0131l s\u00fcrecek. B\u00f6yle devasa bir projenin s\u00fcre\u00e7 i\u00e7inde yer ve maliyet a\u00e7\u0131s\u0131ndan de\u011fi\u015fikliklere u\u011frayacak olmas\u0131 da son derece tabiidir.<\/p>\n<p style=\"text-align: justify;\">D\u00fcnyada i\u00e7inden nehir ge\u00e7en nice \u015fehirler var. Ama i\u00e7inden deniz ge\u00e7en yegane \u015fehir \u0130stanbul. \u015eu andan itibaren ba\u015flatt\u0131\u011f\u0131m\u0131z projemizle \u0130stanbul, i\u00e7inden 2 deniz ge\u00e7en bir \u015fehre d\u00f6n\u00fc\u015f\u00fcyor. \u0130stanbul&#8217;da bu projeyle beraber, 2 yar\u0131mada, 1 ada olu\u015fuyor. Anadolu yakas\u0131, zaten bir yar\u0131mada. Fakat \u015fimdi bir ada olu\u015facak. Bu projeyle birlikte bir yar\u0131m ada daha olu\u015facak. \u0130stanbul&#8217;un Avrupa yakas\u0131nda, \u015fehrin bat\u0131s\u0131nda, Karadeniz ile Marmara Denizi&#8217;nin aras\u0131na, yakla\u015f\u0131k 45-50 kilometre uzunlu\u011funda bir kanal yap\u0131yoruz. \u0130stanbul&#8217;umuza &#8216;Kanal \u0130stanbul&#8217;u kazand\u0131r\u0131yoruz.&#8221;<\/p>\n<p style=\"text-align: justify;\"><strong>&#8221;\u0130STANBUL&#8217;DA \u0130K\u0130 YARIMADA, B\u0130R ADA&#8221;<\/strong><\/p>\n<p style=\"text-align: justify;\">\u0130stanbul&#8217;da bu projeyle 2 yar\u0131mada, 1 ada olu\u015faca\u011f\u0131n\u0131 ve \u0130stanbul&#8217;un Avrupa yakas\u0131nda, \u015fehrin bat\u0131s\u0131nda, Karadeniz ile Marmara Denizi&#8217;nin aras\u0131nda yakla\u015f\u0131k 45-50 kilometre uzunlu\u011funda bir kanal olaca\u011f\u0131n\u0131 s\u00f6yleyen Erdo\u011fan, &#8221;Kanal \u0130stanbul&#8221; olarak adland\u0131rd\u0131\u011f\u0131 &#8221;\u00e7\u0131lg\u0131n proje&#8221; ile ilgili, &#8221;Panama Kanal\u0131 ile S\u00fcvey\u015f&#8217;te, Yunanistan&#8217;da Corinth Kanal\u0131 ile k\u0131yas dahi kabul etmeyecek, y\u00fczy\u0131l\u0131n en b\u00fcy\u00fck projelerinden biri i\u00e7in bug\u00fcn kollar\u0131 s\u0131v\u0131yoruz&#8221; diye konu\u015ftu.<\/p>\n<p style=\"text-align: justify;\">Kanal\u0131n su derinli\u011finin yakla\u015f\u0131k 25 metre, su y\u00fczeyinde geni\u015fli\u011fin yakla\u015f\u0131k 145-150 metre civar\u0131nda, tabanda ise yakla\u015f\u0131k 120 metre olaca\u011f\u0131n\u0131 belirten Ba\u015fbakan Erdo\u011fan, \u015fu bilgileri verdi:<\/p>\n<p style=\"text-align: justify;\">&#8221;D\u00fcnyadaki mevcut kanallardan bug\u00fcn d\u00fcnyan\u0131n en b\u00fcy\u00fck gemileri, 250-260 bin DW ton gemiler ge\u00e7ebiliyor ama bizim kanaldan 300 bin DW tonluk gemi ge\u00e7ebiliyor. Kanal \u00fczerine in\u015fa edece\u011fimiz k\u00f6pr\u00fclerle kara ve deniz yolu ula\u015f\u0131m\u0131 hi\u00e7bir kesintiye u\u011framayacak. Tam aksine bu k\u00f6pr\u00fcler de kanala ayr\u0131 bir g\u00fczellik ve cazibe katacak. \u00dc\u00e7\u00fcnc\u00fc k\u00f6pr\u00fc de bu kanal\u0131n \u00fczerinden ge\u00e7ecek, \u00fc\u00e7\u00fcnc\u00fc k\u00f6pr\u00fcn\u00fcn ba\u011flant\u0131s\u0131 olan yollar ge\u00e7ecek. Kanal\u0131n in\u015fas\u0131 s\u0131ras\u0131nda, milyonlarca metrek\u00fcp hafriyat \u00e7\u0131kar\u0131lacak. Kaz\u0131dan \u00e7\u0131kar\u0131lacak topraklar, uygun yere ta\u015f\u0131nacak. Kaz\u0131 malzemesini, b\u00fcy\u00fck bir liman ve havaliman\u0131n\u0131n yap\u0131m\u0131nda, s\u00f6nm\u00fc\u015f maden ocaklar\u0131n\u0131n bir k\u0131sm\u0131n\u0131n \u00e7evre d\u00fczenlemesinde, g\u00f6l olarak kullan\u0131lan baz\u0131 alanlar\u0131n kapat\u0131lma noktas\u0131nda de\u011ferlendirece\u011fiz.&#8221;<\/p>\n<p style=\"text-align: justify;\"><strong>&#8220;BO\u011eAZ TRAF\u0130\u011e\u0130N\u0130 AZALTACAK&#8221;<\/strong><\/p>\n<p style=\"text-align: justify;\">Bu projenin, sadece \u0130stanbul&#8217;u ve T\u00fcrkiye&#8217;yi de\u011fil, ba\u015fta i\u00e7inde bulunulan b\u00f6lge ile d\u00fcnyay\u0131 \u00e7ok yak\u0131ndan ilgilendirdi\u011fini anlatan Ba\u015fbakan Erdo\u011fan, s\u00f6zlerini \u015f\u00f6yle s\u00fcrd\u00fcrd\u00fc:<\/p>\n<p style=\"text-align: justify;\">&#8221;Projenin \u00f6nemli gerek\u00e7elerinden birisi, Bo\u011faz trafi\u011fini azaltmak ve Bo\u011faz&#8217;daki tehlikeyi art\u0131k ortadan kald\u0131racak derecede minimize etmeye y\u00f6neliktir. \u015eu anda \u0130stanbul Bo\u011faz\u0131&#8217;ndan y\u0131lda 358 milyon 590 bin ton y\u00fck ta\u015f\u0131n\u0131yor. Y\u0131lda yakla\u015f\u0131k 4 milyon ton LPG, 3 milyon ton kimyasal madde ve 139 milyon ton petrol ta\u015f\u0131n\u0131yor. 147 milyon ton tehlikeli madde her g\u00fcn her saat \u0130stanbulumuzu, \u0130stanbulumuzun g\u00fczelli\u011fini, \u0130stanbullular\u0131 ciddi manada tehdit ediyor. Bir medeniyet \u015fehri olan \u0130stanbul&#8217;da k\u00fclt\u00fcrel eserler, ata yadigarlar\u0131 ciddi tehdit alt\u0131nda. Bo\u011faz ve \u00e7evresinde ya\u015fayan, \u00e7al\u0131\u015fan 2 milyona yak\u0131n n\u00fcfus ayn\u0131 \u015fekilde tehdit alt\u0131nda. Bo\u011faz&#8217;da ve Marmara&#8217;da gemi trafi\u011fi nedeniyle do\u011fal ya\u015fam tehdit alt\u0131nda. Ge\u00e7mi\u015fte bu noktada \u00e7ok b\u00fcy\u00fck tehlikeler atlatt\u0131k. Zaman zaman meydana gelen kazalar, Bo\u011faz&#8217;\u0131 adeta bir cehenneme \u00e7evirdi. Yanan tankerler, suyu, havay\u0131 kirletti\u011fi kadar karada ya\u015fam\u0131 olumsuz etkiledi. T\u00fcrkiye&#8217;nin milli gelirinin y\u00fczde 40&#8217;\u0131n\u0131 sa\u011flayan \u0130stanbul&#8217;u, b\u00f6yle b\u00fcy\u00fck bir tehlikeden kurtar\u0131yor, \u0130stanbul&#8217;un, \u0130stanbullular\u0131n, T\u00fcrkiye&#8217;nin can g\u00fcvenli\u011fini sa\u011flamak, denizlerimizi korumak, k\u00fclt\u00fcr varl\u0131klar\u0131m\u0131z\u0131 muhafaza etmek ad\u0131na bu b\u00fcy\u00fck ad\u0131m\u0131 at\u0131yoruz.<\/p>\n<p style=\"text-align: justify;\">Kanal \u0130stanbul ile Bo\u011faz y\u00fck trafi\u011fini tamamen sona erdiriyoruz. B\u00f6ylece Bo\u011faz&#8217;\u0131 \u0130stanbul&#8217;a, T\u00fcrkiye&#8217;ye yeniden kazand\u0131r\u0131yoruz. Art\u0131k \u0130stanbul Bo\u011faz\u0131, tarihin ve gelece\u011fin i\u00e7 i\u00e7e ya\u015fayaca\u011f\u0131, su sporlar\u0131n\u0131n yap\u0131laca\u011f\u0131, kent i\u00e7i ula\u015f\u0131m\u0131n kolayla\u015faca\u011f\u0131 bir tabiat harikas\u0131 olarak eski g\u00fcnlerine geri d\u00f6n\u00fcyor.&#8221;<\/p>\n<p style=\"text-align: justify;\">Ba\u015fbakan Erdo\u011fan, projeyle Marmara&#8217;da demirleyen gemilerden art\u0131k b\u00fcy\u00fck oranda kurtulacaklar\u0131n\u0131 ve Bo\u011faz&#8217;\u0131n hemen a\u011fz\u0131nda olu\u015fturduklar\u0131 kirlili\u011fin \u00f6n\u00fcne ge\u00e7eceklerini ve biyo\u00e7e\u015fitlili\u011fi de muhafaza alt\u0131na alacaklar\u0131n\u0131 s\u00f6yledi.<\/p>\n<p style=\"text-align: justify;\">Kanal \u0130stanbul&#8217;dan, g\u00fcnde 130 ile 160 aras\u0131nda geminin ge\u00e7mesini hedeflediklerini bildiren Erdo\u011fan, \u0130stanbul Bo\u011faz\u0131&#8217;ndan g\u00fcnde ortalama 149 gemi ge\u00e7ti\u011fi d\u00fc\u015f\u00fcn\u00fcld\u00fc\u011f\u00fcnde kanal\u0131n gemi trafi\u011fini yava\u015flatmayaca\u011f\u0131n\u0131, tam tersine h\u0131zland\u0131raca\u011f\u0131n\u0131 belirtti.<\/p>\n<p style=\"text-align: justify;\">Erdo\u011fan, Bo\u011faz&#8217;dan ge\u00e7en gemilerin bekleme maliyetinin y\u0131ll\u0131k ortalama 1.4 milyar dolar oldu\u011funu bildirerek, kanal\u0131n tamamlanmas\u0131yla bekleme maliyetinde de \u00f6nemli \u00f6l\u00e7\u00fcde azalma olaca\u011f\u0131n\u0131 s\u00f6yledi.<\/p>\n<p style=\"text-align: justify;\"><strong>&#8220;YEN\u0130, MODERN B\u0130R YA\u015eAM MERKEZ\u0130 KURACA\u011eIZ&#8221;<\/strong><\/p>\n<p style=\"text-align: justify;\">Ba\u015fbakan Erdo\u011fan, &#8221;Kanal sadece bir ula\u015f\u0131m projesi, enerji ve \u00e7evre projesi olarak g\u00f6rev yapmayacak, kanal \u00e7evresinde modern bir ya\u015fam alan\u0131n\u0131 da olu\u015fturaca\u011f\u0131z. Bunlar d\u00fczenlemede \u00e7ok daha farkl\u0131 \u00f6l\u00e7\u00fctlerde olacak. Kongre, festival, fuar merkezleriyle, otelleri, spor tesisleriyle Kanal \u0130stanbul, yeni bir ya\u015fam merkezinin de ortaya \u00e7\u0131kmas\u0131n\u0131 sa\u011flayacak. \u0130stanbul&#8217;un kentsel d\u00f6n\u00fc\u015f\u00fcm\u00fc, kanal \u00e7evresinde ger\u00e7ekle\u015ftirece\u011fimiz projelerle devam edecek&#8221; dedi. Erdo\u011fan konu\u015fmas\u0131n\u0131 \u015f\u00f6yle s\u00fcrd\u00fcrd\u00fc.<\/p>\n<p style=\"text-align: justify;\"><strong>\u0130STANBUL&#8217;UN EN B\u00dcY\u00dcK HAVAALANI BU B\u00d6LGEYE GEL\u0130YOR<\/strong><\/p>\n<p style=\"text-align: justify;\">&#8220;\u0130stanbul&#8217;un en b\u00fcy\u00fck havaliman\u0131n\u0131 bu b\u00f6lgede ger\u00e7ekle\u015ftirece\u011fiz. Hedefimiz yakla\u015f\u0131k 60 milyon\/y\u0131l kapasiteye sahip bir havaliman\u0131. Art\u0131k Atat\u00fcrk Havaliman\u0131 ve Sabiha G\u00f6k\u00e7en Havaliman\u0131 ihtiyaca cevap vermiyor. Pist ba\u015flar\u0131nda u\u00e7aklar bekliyor. Bunlar\u0131 a\u015f\u0131yoruz.&#8221;<\/p>\n<p style=\"text-align: justify;\"><strong>F\u0130NANSMAN SIKINTISI OLMAYACAK<\/strong><\/p>\n<p style=\"text-align: justify;\">&#8220;Kanal ve \u00e7evresi turistleri cezbederken bu projeyle Bo\u011faz da eskisinden daha farkl\u0131 bir \u00e7ekim alan\u0131 olacak. Kanal\u0131n suyu durgun olmayacak. Kanal \u0130stanbul&#8217;un yeralt\u0131 ve yer\u00fcst\u00fc kaynaklar\u0131na zarar vermeyecek. \u00c7al\u0131\u015fmalar yap\u0131ld\u0131, yap\u0131l\u0131yor. Su sorununa sebep olmayacak. Tar\u0131m alanlar\u0131n\u0131n korunmas\u0131na dikkat edilecek. Topra\u011f\u0131n bir k\u0131sm\u0131 s\u00f6nm\u00fc\u015f maden ocaklar\u0131n\u0131n \u00f6rt\u00fclmesinde kullan\u0131lacak. Kanal\u0131n finansman\u0131 noktas\u0131nda s\u0131k\u0131nt\u0131 s\u00f6z konusu de\u011fil. Ula\u015f\u0131m, \u00e7evresindeki boyutuyla kanal cazip bir yat\u0131r\u0131m alan\u0131 olacak. B\u00f6yle bir proje \u00fczerinde her t\u00fcrl\u00fc ayr\u0131nt\u0131n\u0131n hesap edilmesini gerektiriyor. Et\u00fct \u00e7al\u0131\u015fmalar\u0131 olacak, proje \u00e7al\u0131\u015fmalar\u0131 devam edecek. Arkeologlar, jeolog, m\u00fchendisler, mimarlar g\u00f6rev alacak.&#8221;<\/p>\n<p style=\"text-align: justify;\"><strong>K\u0130MSEY\u0130 MA\u011eDUR ETMEYECE\u011e\u0130Z<\/strong><\/p>\n<p style=\"text-align: justify;\">&#8220;\u0130\u015f imkan\u0131 sa\u011flayacak. Her t\u00fcrl\u00fc yap\u0131c\u0131 ele\u015ftiri al\u0131nacak, katk\u0131 al\u0131nacak. STK&#8217;larla koordine halde bir proje y\u00fcr\u00fctece\u011fiz. Kanalla ilgili ayr\u0131nt\u0131lar \u00e7\u0131kt\u0131. Hesaplar\u0131n bir k\u0131sm\u0131 yap\u0131ld\u0131. Bu ayr\u0131nt\u0131lara \u015fimdi girmiyoruz. Hepsi dar \u00e7er\u00e7evedeki ekibimce bilinir. 12 Haziran&#8217;dan sonra et\u00fct \u00e7al\u0131\u015fmalar\u0131 ba\u015flayacak. Hazine arazileri kullan\u0131larak bu rpojeyi yap\u0131yoruz. Mesk\u00fcn mahallere girmemeye dikkat edece\u011fiz. Kimsenin ma\u011fduriyetine f\u0131rsat vermeyece\u011fiz. Belirlenen s\u00fcrede tamamlay\u0131p, \u0130stanbul&#8217;un, T\u00fcrkiye&#8217;nin, d\u00fcnyan\u0131n hizmetine sunmak AK Parti&#8217;ye nasip olacakt\u0131r.&#8221;<\/p>\n<p style=\"text-align: justify;\"><strong>\u0130ZM\u0130R VE ANKARA&#8217;YA DA S\u00d6Z<\/strong><\/p>\n<p style=\"text-align: justify;\">Bu t\u00fcr a\u00e7\u0131klamalar\u0131m\u0131z\u0131 se\u00e7ime kadar, \u00f6nemli projelerle devam ettirece\u011fiz. Ankara&#8217;ya ait olanlar\u0131, Ankara&#8217;da \u0130zmir&#8217;e ait olan\u0131 \u0130zmir&#8217;de a\u00e7\u0131klayaca\u011f\u0131z. Laf ola beri gele yok biz icraat istiyoruz. Bu kadro ustal\u0131k anlay\u0131\u015f\u0131n\u0131 yakalam\u0131\u015f bir kadrodur. \u0130stikrar s\u00fcrs\u00fcn, T\u00fcrkiye b\u00fcy\u00fcs\u00fcn. Bunu \u00f6nemsiyoruz. \u015eimdi sevgili \u0130stanbullular\u0131&#8230;<\/p>\n<p style=\"text-align: justify;\"><strong>\u0130K\u0130 YEN\u0130 \u015eEH\u0130R\u0130N A\u00c7IKLAMASI 2 HAFTA SONRA \u00c7AR\u015eAMBA<\/strong><\/p>\n<p style=\"text-align: justify;\">G\u00f6r\u00fcld\u00fc\u011f\u00fc gibi tamam\u0131yla bu \u00e7al\u0131\u015fmada topografik yap\u0131 dikkate al\u0131narak bu haz\u0131rl\u0131klar s\u00fcrd\u00fcr\u00fcld\u00fc. Burada daha \u00f6nce de sizlere ifade ettim. \u0130ki yeni \u015fehir dedi\u011fimiz olay\u0131n, \u0130stanbul&#8217;un bat\u0131s\u0131 ve do\u011fusu olarak takdim edece\u011fim. O da \u00f6n\u00fcm\u00fczdeki \u00c7ar\u015famba de\u011fil sonraki \u00c7ar\u015famba olacak. Onlar da beni heyecanland\u0131rd\u0131\u011f\u0131 kadar sizleri de heyecanland\u0131racak. Bu rpojede eme\u011fi ge\u00e7en arkada\u015flar\u0131m\u0131n d\u0131\u015f\u0131nda, gayretli olan arkada\u015flar\u0131m\u0131z da var. \u00c7ok de\u011ferli mimar, m\u00fchendislerimizden pek \u00e7ok arkada\u015f\u0131m var. Hepsine \u015fahs\u0131m ad\u0131na te\u015fekk\u00fcr ediyorum. Se\u00e7im sonras\u0131 da yo\u011fun bir bi\u00e7imde \u00e7al\u0131\u015faca\u011f\u0131z. Durmak yok yola devam, kap\u0131 kap\u0131 \u00e7almaya devam ediyoruz.<\/p>\n<p style=\"text-align: justify;\"><strong>\u00c7ATALCA \u0130MASI!<\/strong><\/p>\n<p style=\"text-align: justify;\">Erdo\u011fan, proje tan\u0131t\u0131m\u0131n\u0131n ard\u0131ndan salondan \u00e7\u0131karken kendisine sevgi g\u00f6sterilerinde bulunan vatanda\u015flara, &#8220;Bak bu proje \u00c7atalca&#8217;ya hediye ona g\u00f6re&#8221; diye seslendi.<\/p>\n<p style=\"text-align: justify;\"><a href=\"http:\/\/www.gazeteport.com.tr\/SIYASET\/NEWS\/GP_894705\" target=\"_blank\">Kaynak : GAZETEPORT<\/a><\/p>\n","protected":false},"excerpt":{"rendered":"<p style=\"text-align: center;\">\n<p style=\"text-align: justify;\">\u0130stanbul&#8217;la ilgili olan proje i\u00e7in d\u00fcn gece ge\u00e7 saatlerde \u0130stanbul&#8217;a gelip kurmaylar\u0131yla toplant\u0131 yapan Ba\u015fbakan Erdo\u011fan Hali\u00e7 Kongre Merkezi&#8217;nde &#8220;\u00e7\u0131lg\u0131n proje&#8221;sini a\u00e7\u0131klad\u0131: \u0130stanbul&#8217;a 2. Bo\u011faz &#8220;KANAL \u0130STANBUL&#8221;&#8230;<\/p>\n","protected":false},"author":1,"featured_media":0,"comment_status":"open","ping_status":"closed","sticky":false,"template":"","format":"standard","meta":{"footnotes":""},"categories":[105],"tags":[],"class_list":["post-31113","post","type-post","status-publish","format-standard","hentry","category-gundem","odd"],"_links":{"self":[{"href":"http:\/\/www.korhanyilmaz.com\/index.php?rest_route=\/wp\/v2\/posts\/31113","targetHints":{"allow":["GET"]}}],"collection":[{"href":"http:\/\/www.korhanyilmaz.com\/index.php?rest_route=\/wp\/v2\/posts"}],"about":[{"href":"http:\/\/www.korhanyilmaz.com\/index.php?rest_route=\/wp\/v2\/types\/post"}],"author":[{"embeddable":true,"href":"http:\/\/www.korhanyilmaz.com\/index.php?rest_route=\/wp\/v2\/users\/1"}],"replies":[{"embeddable":true,"href":"http:\/\/www.korhanyilmaz.com\/index.php?rest_route=%2Fwp%2Fv2%2Fcomments&post=31113"}],"version-history":[{"count":0,"href":"http:\/\/www.korhanyilmaz.com\/index.php?rest_route=\/wp\/v2\/posts\/31113\/revisions"}],"wp:attachment":[{"href":"http:\/\/www.korhanyilmaz.com\/index.php?rest_route=%2Fwp%2Fv2%2Fmedia&parent=31113"}],"wp:term":[{"taxonomy":"category","embeddable":true,"href":"http:\/\/www.korhanyilmaz.com\/index.php?rest_route=%2Fwp%2Fv2%2Fcategories&post=31113"},{"taxonomy":"post_tag","embeddable":true,"href":"http:\/\/www.korhanyilmaz.com\/index.php?rest_route=%2Fwp%2Fv2%2Ftags&post=31113"}],"curies":[{"name":"wp","href":"https:\/\/api.w.org\/{rel}","templated":true}]}}