{"id":31112,"date":"2011-04-27T17:38:28","date_gmt":"2011-04-27T14:38:28","guid":{"rendered":"http:\/\/www.korhanyilmaz.com\/?p=31112"},"modified":"2011-04-27T17:38:28","modified_gmt":"2011-04-27T14:38:28","slug":"basbakanin-cilgin-projesi-dspnin-projesidir","status":"publish","type":"post","link":"http:\/\/www.korhanyilmaz.com\/?p=31112","title":{"rendered":"&#8220;Ba\u015fbakan&#8217;\u0131n \u00e7\u0131lg\u0131n projesi DSP&#8217;nin projesidir&#8221;"},"content":{"rendered":"<div id=\"attachment_31117\" style=\"width: 344px\" class=\"wp-caption aligncenter\"><a title=\"DSP Genel Ba\u015fkan\u0131 Masum T\u00fcrker\" href=\"http:\/\/www.korhanyilmaz.com\/wp-content\/uploads\/2011\/04\/0373.jpg\"  class=\"lightview\"><img loading=\"lazy\" decoding=\"async\" aria-describedby=\"caption-attachment-31117\" class=\"size-full wp-image-31117\" title=\"DSP Genel Ba\u015fkan\u0131 Masum T\u00fcrker\" src=\"http:\/\/www.korhanyilmaz.com\/wp-content\/uploads\/2011\/04\/0373.jpg\" alt=\"\" width=\"334\" height=\"250\" \/><\/a><p id=\"caption-attachment-31117\" class=\"wp-caption-text\">DSP Genel Ba\u015fkan\u0131 Masum T\u00fcrker<\/p><\/div>\n<p style=\"text-align: justify;\">DSP Genel Ba\u015fkan\u0131 Masum T\u00fcrker, Ba\u015fbakan Erdo\u011fan&#8217;\u0131n projesiyle ilgili olarak, Milliyet Gazetesi&#8217;nin 18 Ocak 1994 tarihli n\u00fcshas\u0131nda, Sibel K\u00f6kl\u00fc imzas\u0131yla yay\u0131mlanan, &#8221;Ecevit: Karadeniz&#8217;den Marmara&#8217;ya kanal a\u00e7\u0131ls\u0131n&#8221; ba\u015fl\u0131kl\u0131 haberi g\u00f6sterdi&#8230;<!--more--><\/p>\n<p style=\"text-align: justify;\">\n<p style=\"text-align: justify;\">ANKARA- DSP Genel Ba\u015fkan\u0131 Masum T\u00fcrker, Ba\u015fbakan Recep Tayyip Erdo\u011fan&#8217;\u0131n a\u00e7\u0131klad\u0131\u011f\u0131 \u0130stanbul&#8217;a kanal projesinin, DSP&#8217;ye ait oldu\u011funu \u00f6ne s\u00fcrd\u00fc.<\/p>\n<p style=\"text-align: justify;\"><a href=\"http:\/\/www.korhanyilmaz.com\/wp-content\/uploads\/2011\/04\/035.jpg\"  class=\"lightview\"><img loading=\"lazy\" decoding=\"async\" class=\"aligncenter size-full wp-image-31109\" title=\"035\" src=\"http:\/\/www.korhanyilmaz.com\/wp-content\/uploads\/2011\/04\/035.jpg\" alt=\"\" width=\"282\" height=\"534\" \/><\/a><\/p>\n<p style=\"text-align: justify;\">T\u00fcrker, yapt\u0131\u011f\u0131 yaz\u0131l\u0131 a\u00e7\u0131klamada, projenin 1994 yerel se\u00e7imleri \u00f6ncesinde B\u00fclent Ecevit taraf\u0131ndan dile getirildi\u011fini ifade etti. Projenin, DSP \u0130stanbul B\u00fcy\u00fck\u015fehir Belediye Ba\u015fkan Aday\u0131 Necdet \u00d6zkan&#8217;\u0131n se\u00e7im bro\u015f\u00fcr\u00fcnde &#8221;Bo\u011faz ve DSP&#8217;nin Kanal Projesi&#8221; ba\u015fl\u0131\u011f\u0131yla yer ald\u0131\u011f\u0131n\u0131 aktaran T\u00fcrker, a\u00e7\u0131klamas\u0131nda \u015fu ifadelere yer verdi:<\/p>\n<p style=\"text-align: justify;\">&#8221;Say\u0131n Ba\u015fbakan&#8217;\u0131n &#8216;\u00c7\u0131lg\u0131n Proje&#8217; diye lanse etti\u011fi \u0130stanbul&#8217;a Kanal Projesi, DSP&#8217;nin projesidir. B\u00fclent Ecevit, yerel se\u00e7imler \u00f6ncesinde, 17 Ocak 1994&#8217;te DSP&#8217;nin \u0130stanbul B\u00fcy\u00fck\u015fehir Belediye Ba\u015fkan Aday\u0131 Necdet \u00d6zkan ile bir bas\u0131n toplant\u0131s\u0131 d\u00fczenlemi\u015f ve \u0130stanbul&#8217;un sorunlar\u0131na DSP&#8217;nin \u00e7\u00f6z\u00fcm \u00f6nerileri kapsam\u0131nda bu konuyu g\u00fcndeme getirmi\u015fti. Ayr\u0131ca Say\u0131n Necdet \u00d6zkan&#8217;\u0131n se\u00e7im bro\u015f\u00fcr\u00fcnde de bu konu yer alm\u0131\u015ft\u0131. Herhalde o d\u00f6nemde \u0130stanbul B\u00fcy\u00fck\u015fehir Belediye Ba\u015fkan Aday\u0131 olan Say\u0131n Tayyip Erdo\u011fan o bro\u015f\u00fcr\u00fc al\u0131p saklam\u0131\u015f.&#8221;<\/p>\n<p style=\"text-align: justify;\">T\u00fcrker, Milliyet Gazetesi&#8217;nin 18 Ocak 1994 tarihli n\u00fcshas\u0131nda, Sibel K\u00f6kl\u00fc imzas\u0131yla yay\u0131mlanan, &#8221;Ecevit: Karadeniz&#8217;den Marmara&#8217;ya kanal a\u00e7\u0131ls\u0131n&#8221; ba\u015fl\u0131kl\u0131 haberle projenin kamuoyuyla payla\u015f\u0131ld\u0131\u011f\u0131n\u0131 bildirdi.<\/p>\n<p style=\"text-align: justify;\"><a href=\"http:\/\/www.gazeteport.com.tr\/SIYASET\/NEWS\/GP_895067\" target=\"_blank\">Kaynak : GAZETEPORT<\/a><\/p>\n","protected":false},"excerpt":{"rendered":"<p id=\"caption-attachment-31117\" class=\"wp-caption-text\">DSP Genel Ba\u015fkan\u0131 Masum T\u00fcrker<\/p>\n<p style=\"text-align: justify;\">DSP Genel Ba\u015fkan\u0131 Masum T\u00fcrker, Ba\u015fbakan Erdo\u011fan&#8217;\u0131n projesiyle ilgili olarak, Milliyet Gazetesi&#8217;nin 18 Ocak 1994 tarihli n\u00fcshas\u0131nda, Sibel K\u00f6kl\u00fc imzas\u0131yla yay\u0131mlanan, &#8221;Ecevit: Karadeniz&#8217;den Marmara&#8217;ya kanal a\u00e7\u0131ls\u0131n&#8221; ba\u015fl\u0131kl\u0131 haberi g\u00f6sterdi&#8230;<\/p>\n","protected":false},"author":1,"featured_media":0,"comment_status":"open","ping_status":"closed","sticky":false,"template":"","format":"standard","meta":{"footnotes":""},"categories":[105],"tags":[],"class_list":["post-31112","post","type-post","status-publish","format-standard","hentry","category-gundem","odd"],"_links":{"self":[{"href":"http:\/\/www.korhanyilmaz.com\/index.php?rest_route=\/wp\/v2\/posts\/31112","targetHints":{"allow":["GET"]}}],"collection":[{"href":"http:\/\/www.korhanyilmaz.com\/index.php?rest_route=\/wp\/v2\/posts"}],"about":[{"href":"http:\/\/www.korhanyilmaz.com\/index.php?rest_route=\/wp\/v2\/types\/post"}],"author":[{"embeddable":true,"href":"http:\/\/www.korhanyilmaz.com\/index.php?rest_route=\/wp\/v2\/users\/1"}],"replies":[{"embeddable":true,"href":"http:\/\/www.korhanyilmaz.com\/index.php?rest_route=%2Fwp%2Fv2%2Fcomments&post=31112"}],"version-history":[{"count":0,"href":"http:\/\/www.korhanyilmaz.com\/index.php?rest_route=\/wp\/v2\/posts\/31112\/revisions"}],"wp:attachment":[{"href":"http:\/\/www.korhanyilmaz.com\/index.php?rest_route=%2Fwp%2Fv2%2Fmedia&parent=31112"}],"wp:term":[{"taxonomy":"category","embeddable":true,"href":"http:\/\/www.korhanyilmaz.com\/index.php?rest_route=%2Fwp%2Fv2%2Fcategories&post=31112"},{"taxonomy":"post_tag","embeddable":true,"href":"http:\/\/www.korhanyilmaz.com\/index.php?rest_route=%2Fwp%2Fv2%2Ftags&post=31112"}],"curies":[{"name":"wp","href":"https:\/\/api.w.org\/{rel}","templated":true}]}}