{"id":31107,"date":"2011-04-27T20:03:33","date_gmt":"2011-04-27T17:03:33","guid":{"rendered":"http:\/\/www.korhanyilmaz.com\/?p=31107"},"modified":"2011-04-27T20:03:33","modified_gmt":"2011-04-27T17:03:33","slug":"cilgin-proje-ecevite-ait","status":"publish","type":"post","link":"http:\/\/www.korhanyilmaz.com\/?p=31107","title":{"rendered":"&#8216;\u00c7\u0131lg\u0131n Proje&#8217; Ecevit&#8217;e ait"},"content":{"rendered":"<div id=\"attachment_31108\" style=\"width: 459px\" class=\"wp-caption aligncenter\"><a title=\"CHP Genel Ba\u015fkan Yard\u0131mc\u0131s\u0131 Emrehan Hal\u0131c\u0131\" href=\"http:\/\/www.korhanyilmaz.com\/wp-content\/uploads\/2011\/04\/034.jpg\"  class=\"lightview\"><img loading=\"lazy\" decoding=\"async\" aria-describedby=\"caption-attachment-31108\" class=\"size-full wp-image-31108\" title=\"CHP Genel Ba\u015fkan Yard\u0131mc\u0131s\u0131 Emrehan Hal\u0131c\u0131\" src=\"http:\/\/www.korhanyilmaz.com\/wp-content\/uploads\/2011\/04\/034.jpg\" alt=\"\" width=\"449\" height=\"231\" \/><\/a><p id=\"caption-attachment-31108\" class=\"wp-caption-text\">CHP Genel Ba\u015fkan Yard\u0131mc\u0131s\u0131 Emrehan Hal\u0131c\u0131<\/p><\/div>\n<p style=\"text-align: justify;\">CHP Genel Ba\u015fkan Yard\u0131mc\u0131s\u0131 Emrehan Hal\u0131c\u0131, Ba\u015fbakan Recep Tayyip Erdo\u011fan&#8217;\u0131n a\u00e7\u0131klad\u0131\u011f\u0131 &#8221;\u0130stanbul&#8217;a Kanal Projesi&#8221;nin, eski ba\u015fbakanlardan B\u00fclent Ecevit&#8217;e ait oldu\u011funu ileri s\u00fcrd\u00fc.<!--more--><\/p>\n<p style=\"text-align: justify;\">ANKARA &#8211; Hal\u0131c\u0131, parti genel merkezinde d\u00fczenledi\u011fi bas\u0131n toplant\u0131s\u0131nda, projenin 1994 yerel se\u00e7imleri \u00f6ncesinde B\u00fclent Ecevit taraf\u0131ndan dile getirildi\u011fini ve Ecevit&#8217;in projenin ayr\u0131nt\u0131lar\u0131n\u0131 da kendi daktilosunda yazd\u0131\u011f\u0131n\u0131 s\u00f6yledi.<\/p>\n<p style=\"text-align: justify;\"><a href=\"http:\/\/www.korhanyilmaz.com\/wp-content\/uploads\/2011\/04\/035.jpg\"  class=\"lightview\"><img loading=\"lazy\" decoding=\"async\" class=\"aligncenter size-full wp-image-31109\" title=\"\" src=\"http:\/\/www.korhanyilmaz.com\/wp-content\/uploads\/2011\/04\/035.jpg\" alt=\"\" width=\"282\" height=\"534\" \/><\/a><\/p>\n<p style=\"text-align: justify;\">Hal\u0131c\u0131, \u015f\u00f6yle konu\u015ftu:<\/p>\n<p style=\"text-align: justify;\">&#8221;Hem Ba\u015fbakan, hem H\u00fck\u00fcmet yetkililerinin \u00e7ok \u00f6nem verdikleri b\u00f6yle bir konuda, Ecevit&#8217;in isminden bahsetmemeleri, bu projenin sahibinin Ecevit oldu\u011funa vurgu yapmamalar\u0131 b\u00fcy\u00fck bir talihsizliktir. Say\u0131n Ba\u015fbakan belki bu konudan haberdar olmayabilir, biz bunu g\u00f6z \u00f6n\u00fcnde bulunduruyoruz ama \u015fu anda yapt\u0131\u011f\u0131m a\u00e7\u0131klama sonras\u0131 Say\u0131n Ba\u015fbakan&#8217;\u0131n gerekli d\u00fczeltmeleri yapaca\u011f\u0131n\u0131 umuyorum. Say\u0131n Ecevit&#8217;in asl\u0131nda ekonomi program\u0131n\u0131 kullanan ve bu kullanman\u0131n neticesinde hi\u00e7 bir te\u015fekk\u00fcr etmeyen H\u00fck\u00fcmet yetkilileri, bu projenin sahibinin Ecevit oldu\u011funu a\u00e7\u0131klamaktan umar\u0131m \u00e7ekinmezler ve onlara en az\u0131ndan bir te\u015fekk\u00fcr bor\u00e7lar\u0131n\u0131 yerine getirirler.&#8221;<\/p>\n<p style=\"text-align: justify;\">Hal\u0131c\u0131 toplant\u0131da B\u00fclent Ecevit taraf\u0131ndan 17 Ocak 1994&#8217;te yaz\u0131lm\u0131\u015f &#8221;\u0130stanbul Kanal\u0131 \u00d6nerisi&#8221; \u015feklindeki projeden al\u0131nt\u0131lar yaparak, konu ile ilgili \u00e7\u0131kan haberleri bas\u0131n mensuplar\u0131na da\u011f\u0131tt\u0131.<\/p>\n<p style=\"text-align: justify;\">Ecevit&#8217;in projenin maliyetine ili\u015fkin bir bilgi verip vermedi\u011finin sorulmas\u0131 \u00fczerine Hal\u0131c\u0131, &#8221;Asl\u0131nda rahmetli Ecevit bu projeyi yerel se\u00e7imler \u00f6ncesinde bir \u0130stanbul Projesi olarak sunuyor. Se\u00e7im \u00f6ncesi a\u00e7\u0131klanan bu &#8216;\u00c7\u0131lg\u0131n Proje&#8217; asl\u0131nda bir \u0130stanbul projesidir. Rahmetli Ecevit bunu bir \u0130stanbul&#8217;da yerel se\u00e7imler \u00f6ncesi partisiyle ilgili toplant\u0131 s\u0131ras\u0131nda bu a\u00e7\u0131klamay\u0131 yapm\u0131\u015ft\u0131r. Dolay\u0131s\u0131yla bu projeyi bir vizyon katmas\u0131 a\u00e7\u0131s\u0131ndan, projenin T\u00fcrkiye&#8217;ye neler kataca\u011f\u0131 her boyutuyla ilgili getirileri t\u00fcm ayr\u0131nt\u0131lar\u0131 ile anlat\u0131lm\u0131\u015ft\u0131r. Ama projenin hayata ge\u00e7irilmesi ile ilgili olarak tabii ki yerel y\u00f6netimler se\u00e7iminin kaz\u0131n\u0131lmas\u0131 beklenmektedir. Daha sonra b\u00fct\u00e7e \u00e7al\u0131\u015fmas\u0131 olup olmad\u0131\u011f\u0131 y\u00f6n\u00fcnde elimde belgeler mevcut de\u011fil&#8221; yan\u0131t\u0131n\u0131 verdi.<\/p>\n<p style=\"text-align: justify;\">&#8221;A\u00e7\u0131klanan projeyi nas\u0131l de\u011ferlendiriyorsunuz?&#8221; \u015feklindeki bir soru \u00fczerine de Hal\u0131c\u0131, detayl\u0131 bilgi sahibi olmad\u0131\u011f\u0131n\u0131, ayr\u0131nt\u0131lara ula\u015ft\u0131k\u00e7a a\u00e7\u0131klamalarda bulunaca\u011f\u0131n\u0131 kaydetti.<\/p>\n<p style=\"text-align: justify;\"><a href=\"http:\/\/www.gazeteport.com.tr\/SIYASET\/NEWS\/GP_895138\" target=\"_blank\">Kaynak : GAZETEPORT<\/a><\/p>\n<p style=\"text-align: justify;\">\n","protected":false},"excerpt":{"rendered":"<p id=\"caption-attachment-31108\" class=\"wp-caption-text\">CHP Genel Ba\u015fkan Yard\u0131mc\u0131s\u0131 Emrehan Hal\u0131c\u0131<\/p>\n<p style=\"text-align: justify;\">CHP Genel Ba\u015fkan Yard\u0131mc\u0131s\u0131 Emrehan Hal\u0131c\u0131, Ba\u015fbakan Recep Tayyip Erdo\u011fan&#8217;\u0131n a\u00e7\u0131klad\u0131\u011f\u0131 &#8221;\u0130stanbul&#8217;a Kanal Projesi&#8221;nin, eski ba\u015fbakanlardan B\u00fclent Ecevit&#8217;e ait oldu\u011funu ileri s\u00fcrd\u00fc.<\/p>\n","protected":false},"author":1,"featured_media":0,"comment_status":"open","ping_status":"closed","sticky":false,"template":"","format":"standard","meta":{"footnotes":""},"categories":[105],"tags":[],"class_list":["post-31107","post","type-post","status-publish","format-standard","hentry","category-gundem","odd"],"_links":{"self":[{"href":"http:\/\/www.korhanyilmaz.com\/index.php?rest_route=\/wp\/v2\/posts\/31107","targetHints":{"allow":["GET"]}}],"collection":[{"href":"http:\/\/www.korhanyilmaz.com\/index.php?rest_route=\/wp\/v2\/posts"}],"about":[{"href":"http:\/\/www.korhanyilmaz.com\/index.php?rest_route=\/wp\/v2\/types\/post"}],"author":[{"embeddable":true,"href":"http:\/\/www.korhanyilmaz.com\/index.php?rest_route=\/wp\/v2\/users\/1"}],"replies":[{"embeddable":true,"href":"http:\/\/www.korhanyilmaz.com\/index.php?rest_route=%2Fwp%2Fv2%2Fcomments&post=31107"}],"version-history":[{"count":0,"href":"http:\/\/www.korhanyilmaz.com\/index.php?rest_route=\/wp\/v2\/posts\/31107\/revisions"}],"wp:attachment":[{"href":"http:\/\/www.korhanyilmaz.com\/index.php?rest_route=%2Fwp%2Fv2%2Fmedia&parent=31107"}],"wp:term":[{"taxonomy":"category","embeddable":true,"href":"http:\/\/www.korhanyilmaz.com\/index.php?rest_route=%2Fwp%2Fv2%2Fcategories&post=31107"},{"taxonomy":"post_tag","embeddable":true,"href":"http:\/\/www.korhanyilmaz.com\/index.php?rest_route=%2Fwp%2Fv2%2Ftags&post=31107"}],"curies":[{"name":"wp","href":"https:\/\/api.w.org\/{rel}","templated":true}]}}