{"id":31097,"date":"2011-04-26T14:29:11","date_gmt":"2011-04-26T11:29:11","guid":{"rendered":"http:\/\/www.korhanyilmaz.com\/?p=31097"},"modified":"2011-04-26T14:29:11","modified_gmt":"2011-04-26T11:29:11","slug":"gerceker-cicek-gonderdim","status":"publish","type":"post","link":"http:\/\/www.korhanyilmaz.com\/?p=31097","title":{"rendered":"Ger\u00e7eker: \u00c7i\u00e7ek g\u00f6nderdim"},"content":{"rendered":"<p style=\"text-align: justify;\"><a href=\"http:\/\/www.korhanyilmaz.com\/wp-content\/uploads\/2011\/04\/033.jpg\"  class=\"lightview\"><img loading=\"lazy\" decoding=\"async\" class=\"aligncenter size-full wp-image-31098\" src=\"http:\/\/www.korhanyilmaz.com\/wp-content\/uploads\/2011\/04\/033.jpg\" alt=\"\" width=\"385\" height=\"198\" \/><\/a><\/p>\n<p style=\"text-align: justify;\">Yarg\u0131tay Ba\u015fkan\u0131 Hasan Ger\u00e7eker, Anayasa Mahkemesinin kurulu\u015f y\u0131l d\u00f6n\u00fcm\u00fc t\u00f6renini boykot ya da protesto etmesinin s\u00f6z konusu olamayaca\u011f\u0131n\u0131 belirterek, &#8221;Ben temsil etti\u011fim kurumun sayg\u0131nl\u0131\u011f\u0131n\u0131 ve onurunu korumak zorunday\u0131m. Yap\u0131lan a\u011f\u0131r ve haks\u0131z ele\u015ftirilere kar\u015f\u0131 burada fedakarca \u00e7al\u0131\u015fan arkada\u015flar\u0131m\u0131z\u0131n hakk\u0131n\u0131 korumak zorunday\u0131m&#8221; dedi.<!--more--><\/p>\n<p style=\"text-align: justify;\">ANKARA (A.A) &#8211; Ger\u00e7eker, makam\u0131nda AA muhabirinin sorular\u0131n\u0131 yan\u0131tlad\u0131.<\/p>\n<p style=\"text-align: justify;\">&#8221;Anayasa Mahkemesi Ba\u015fkan\u0131 Ha\u015fim K\u0131l\u0131\u00e7&#8217;\u0131n Yarg\u0131tay ve Dan\u0131\u015ftaydaki i\u015f y\u00fck\u00fcyle ilgili &#8216;Ba\u015fkanlar y\u0131llard\u0131r uyuyorlar&#8217; s\u00f6zleri nedeniyle Anayasa Mahkemesinin 49. kurulu\u015f y\u0131ld\u00f6n\u00fcm\u00fc t\u00f6renlerini protesto etti\u011fi&#8221; y\u00f6n\u00fcndeki de\u011ferlendirmelerin hat\u0131rlat\u0131lmas\u0131 \u00fczerine Ger\u00e7eker, t\u00f6reni boykot ya da protesto etmesinin s\u00f6z konusu olamayaca\u011f\u0131n\u0131 s\u00f6yledi.<\/p>\n<p style=\"text-align: justify;\">Hasan Ger\u00e7eker, &#8221;Ben temsil etti\u011fim kurumun sayg\u0131nl\u0131\u011f\u0131n\u0131 ve onurunu korumak zorunday\u0131m. Yap\u0131lan a\u011f\u0131r ve haks\u0131z ele\u015ftirilere kar\u015f\u0131 burada fedakarca \u00e7al\u0131\u015fan arkada\u015flar\u0131m\u0131z\u0131n hakk\u0131n\u0131 korumak zorunday\u0131m&#8221; dedi.<\/p>\n<p style=\"text-align: justify;\">G\u00f6reve geldi\u011fi g\u00fcnden beri yap\u0131lan i\u015flerin ortada oldu\u011funu dile getiren Ger\u00e7eker, &#8221;\u00c7ok haks\u0131z ve a\u011f\u0131r birtak\u0131m ele\u015ftirilere muhatap olmak \u00e7ok \u00fcz\u00fcnt\u00fc verici. Elbette ki Anayasa Mahkemesi y\u00fcce bir kurumdur, Y\u00fcksek Mahkemedir. Ben yine gerekli kutlama g\u00f6revimi yerine getirdim. \u00c7i\u00e7ek g\u00f6nderdim&#8221; diye konu\u015ftu.<\/p>\n<p style=\"text-align: justify;\">Ger\u00e7eker, g\u00f6reve geldi\u011finden beri kurumlar aras\u0131nda diyalo\u011fu sa\u011flamaya \u00e7al\u0131\u015ft\u0131\u011f\u0131n\u0131 da ifade ederek, \u015f\u00f6yle konu\u015ftu:<\/p>\n<p style=\"text-align: justify;\">&#8221;Bunu da yapt\u0131m asl\u0131nda. Daha \u00f6nceden Yarg\u0131tay ve Dan\u0131\u015ftay ile Anayasa Mahkemesi aras\u0131nda bir so\u011fukluk vard\u0131. Bunu ortadan kald\u0131rd\u0131m. Ben bu konuda \u00fczerime d\u00fc\u015fen g\u00f6revi yapt\u0131\u011f\u0131ma inan\u0131yorum. Yoksa t\u00f6rene kat\u0131lmamak, protesto etmek, boykot etmek gibi bir durum yok. B\u00f6yle bir anlam y\u00fcklenmesini de do\u011fru bulmuyorum. Bu kurumlar hepimizin. Kimsenin \u015fahsi yeri de\u011fil, mal\u0131 de\u011fil. Biz temsil g\u00f6revini yerine getiriyoruz sadece ama temsil etti\u011fim makam\u0131n, kurumun onurunu, sayg\u0131nl\u0131\u011f\u0131n\u0131 korumak da benim g\u00f6revim, sorumlulu\u011fum.&#8221;<\/p>\n<p style=\"text-align: justify;\">Ba\u015fkan K\u0131l\u0131\u00e7&#8217;\u0131n s\u00f6zleri \u00fczerine Yarg\u0131tay&#8217;\u0131 savunmak zorunda olmad\u0131\u011f\u0131n\u0131, yap\u0131lan \u00e7al\u0131\u015fmalar\u0131n somut olarak ortada oldu\u011funu s\u00f6yleyen Ger\u00e7eker, 2005 ile 2010 y\u0131l\u0131nda \u00e7\u0131kan i\u015f say\u0131s\u0131 k\u0131yasland\u0131\u011f\u0131nda, ayn\u0131 kadro, ayn\u0131 personelle yap\u0131lan i\u015fin 500 binden 800 bine \u00e7\u0131kt\u0131\u011f\u0131n\u0131n g\u00f6r\u00fclece\u011fini belirtti. Ger\u00e7eker, &#8221;Bu, s\u00f6ylenen s\u00f6zlerin ne kadar do\u011fru olmad\u0131\u011f\u0131n\u0131 g\u00f6steren en g\u00fczel g\u00f6sterge&#8221; dedi.<\/p>\n<p style=\"text-align: justify;\">&#8221;Dan\u0131\u015ftay Ba\u015fkan\u0131 Mustafa Birden ile anla\u015farak t\u00f6rene gitmediler&#8221; \u015feklinde yorumlar yap\u0131ld\u0131\u011f\u0131n\u0131 da hat\u0131rlatan Gere\u00e7eker, b\u00f6yle bir durumun da s\u00f6z konusu olmad\u0131\u011f\u0131n\u0131 s\u00f6yledi.<\/p>\n<p style=\"text-align: justify;\">Hasan Gere\u00e7eker, &#8221;Bunun protestoyla, boykotla ilgisi yok. Benim kimseyle k\u00fcsmek, dar\u0131lmak gibi bir huyum yok. Tamamen kurumsal bir \u00e7aba i\u00e7indeyiz. O kadar s\u0131k\u0131nt\u0131m\u0131z var. Bug\u00fcn yeni dairelerle, yeni binay\u0131 bitirmek i\u00e7in u\u011fra\u015f\u0131yoruz. Arkada\u015flar\u0131m\u0131z s\u00fcrekli kontrol ediyor. Ben devaml\u0131 kontrol ediyorum. Ama elimizden gelen bu, olanaklar\u0131m\u0131z bu. Ankara d\u0131\u015f\u0131ndan gelen yeni \u00fcyelerin lojman sorununu da halletmeye \u00e7al\u0131\u015f\u0131yoruz. Ama bunlar hep zaman istiyor&#8221; diye konu\u015ftu.<\/p>\n<p style=\"text-align: justify;\"><a href=\"http:\/\/www.gazeteport.com.tr\/GUNCEL\/NEWS\/GP_894283\" target=\"_blank\">Kaynak : GAZETEPORT<\/a><\/p>\n","protected":false},"excerpt":{"rendered":"<p style=\"text-align: justify;\">\n<p style=\"text-align: justify;\">Yarg\u0131tay Ba\u015fkan\u0131 Hasan Ger\u00e7eker, Anayasa Mahkemesinin kurulu\u015f y\u0131l d\u00f6n\u00fcm\u00fc t\u00f6renini boykot ya da protesto etmesinin s\u00f6z konusu olamayaca\u011f\u0131n\u0131 belirterek, &#8221;Ben temsil etti\u011fim kurumun sayg\u0131nl\u0131\u011f\u0131n\u0131 ve onurunu korumak zorunday\u0131m. Yap\u0131lan a\u011f\u0131r ve haks\u0131z ele\u015ftirilere kar\u015f\u0131 burada fedakarca \u00e7al\u0131\u015fan arkada\u015flar\u0131m\u0131z\u0131n hakk\u0131n\u0131 korumak zorunday\u0131m&#8221; dedi.<\/p>\n","protected":false},"author":1,"featured_media":0,"comment_status":"open","ping_status":"closed","sticky":false,"template":"","format":"standard","meta":{"footnotes":""},"categories":[105],"tags":[],"class_list":["post-31097","post","type-post","status-publish","format-standard","hentry","category-gundem","odd"],"_links":{"self":[{"href":"http:\/\/www.korhanyilmaz.com\/index.php?rest_route=\/wp\/v2\/posts\/31097","targetHints":{"allow":["GET"]}}],"collection":[{"href":"http:\/\/www.korhanyilmaz.com\/index.php?rest_route=\/wp\/v2\/posts"}],"about":[{"href":"http:\/\/www.korhanyilmaz.com\/index.php?rest_route=\/wp\/v2\/types\/post"}],"author":[{"embeddable":true,"href":"http:\/\/www.korhanyilmaz.com\/index.php?rest_route=\/wp\/v2\/users\/1"}],"replies":[{"embeddable":true,"href":"http:\/\/www.korhanyilmaz.com\/index.php?rest_route=%2Fwp%2Fv2%2Fcomments&post=31097"}],"version-history":[{"count":0,"href":"http:\/\/www.korhanyilmaz.com\/index.php?rest_route=\/wp\/v2\/posts\/31097\/revisions"}],"wp:attachment":[{"href":"http:\/\/www.korhanyilmaz.com\/index.php?rest_route=%2Fwp%2Fv2%2Fmedia&parent=31097"}],"wp:term":[{"taxonomy":"category","embeddable":true,"href":"http:\/\/www.korhanyilmaz.com\/index.php?rest_route=%2Fwp%2Fv2%2Fcategories&post=31097"},{"taxonomy":"post_tag","embeddable":true,"href":"http:\/\/www.korhanyilmaz.com\/index.php?rest_route=%2Fwp%2Fv2%2Ftags&post=31097"}],"curies":[{"name":"wp","href":"https:\/\/api.w.org\/{rel}","templated":true}]}}