{"id":31094,"date":"2011-04-26T16:37:56","date_gmt":"2011-04-26T13:37:56","guid":{"rendered":"http:\/\/www.korhanyilmaz.com\/?p=31094"},"modified":"2011-04-26T16:37:56","modified_gmt":"2011-04-26T13:37:56","slug":"kilicdaroglu-basbakanin-annesine-kufretti-ama","status":"publish","type":"post","link":"http:\/\/www.korhanyilmaz.com\/?p=31094","title":{"rendered":"&#8220;K\u0131l\u0131\u00e7daro\u011flu Ba\u015fbakan&#8217;\u0131n annesine k\u00fcfretti ama&#8230;&#8221;"},"content":{"rendered":"<p style=\"text-align: justify;\"><a href=\"http:\/\/www.korhanyilmaz.com\/wp-content\/uploads\/2011\/04\/032.jpg\"  class=\"lightview\"><img loading=\"lazy\" decoding=\"async\" class=\"aligncenter size-full wp-image-31095\" src=\"http:\/\/www.korhanyilmaz.com\/wp-content\/uploads\/2011\/04\/032.jpg\" alt=\"\" width=\"336\" height=\"229\" \/><\/a><\/p>\n<p style=\"text-align: justify;\">AK Partili H\u00fcseyin \u00c7elik, CHP lideri K\u0131l\u0131\u00e7daro\u011flu&#8217;nun Zonguldak mitinginde Ba\u015fbakan Erdo\u011fan&#8217;\u0131n annesine k\u00fcfretti\u011fini iddia ederek, &#8221;Say\u0131n K\u0131l\u0131\u00e7daro\u011flu, senin annen merhume Yemu\u015f K\u0131l\u0131\u00e7daro\u011flu bizim annemizdir, biz ona dil uzatmay\u0131z. Biz anneli\u011fin ne oldu\u011funu bilen insanlar\u0131z. Biz ona dil uzatmay\u0131z&#8221; dedi.<!--more--><\/p>\n<p style=\"text-align: justify;\">GAZ\u0130ANTEP- AK Parti Genel Ba\u015fkan Yard\u0131mc\u0131s\u0131 H\u00fcseyin \u00c7elik, CHP Genel Ba\u015fkan\u0131 Kemal K\u0131l\u0131\u00e7daro\u011flu&#8217;nun Zonguldak mitinginde s\u00f6yledi\u011fi s\u00f6zlerle ilgili olarak, &#8221;Say\u0131n K\u0131l\u0131\u00e7daro\u011flu, senin annen merhume Yemu\u015f K\u0131l\u0131\u00e7daro\u011flu bizim annemizdir, biz ona dil uzatmay\u0131z. Biz anneli\u011fin ne oldu\u011funu bilen insanlar\u0131z. Biz ona dil uzatmay\u0131z&#8221; dedi.<\/p>\n<p style=\"text-align: justify;\">Merkez il\u00e7e \u015eahinbey Belediyesince d\u00fczenlenen Ya\u015far Torun Gen\u00e7lik Merkezi&#8217;nin temel atma t\u00f6renine kat\u0131lan \u00c7elik, yapt\u0131\u011f\u0131 de\u011ferlendirmede K\u0131l\u0131\u00e7daro\u011flu&#8217;nun mitingdeki konu\u015fmas\u0131n\u0131 talihsiz bir olay olarak nitelendirdi.<\/p>\n<p style=\"text-align: justify;\"><strong>&#8220;SAYIN BA\u015eBAKAN&#8217;IN ANNES\u0130NE D\u0130L UZATIYOR&#8221;<\/strong><\/p>\n<p style=\"text-align: justify;\">&#8221;Televizyonda izlerken adeta iliklerime kadar dondum. CHP Genel Ba\u015fkan\u0131 Say\u0131n Kemal K\u0131l\u0131\u00e7daro\u011flu, k\u00fcrs\u00fcden say\u0131n Ba\u015fbakan&#8217;a sesleniyor ve say\u0131n ba\u015fbakan\u0131n muhterem annesine dil uzat\u0131yor, annesine k\u00fcfrediyor&#8221; diyen H\u00fcseyin \u00c7elik, \u015f\u00f6yle konu\u015ftu:<\/p>\n<p style=\"text-align: justify;\">&#8221;Bir yere geliyor ve kendisini tutuyor. Yapt\u0131\u011f\u0131 gaf\u0131n fark\u0131na var\u0131yor. Mitingden sonra gazeteciler diyor ki, &#8216;Ne diyecektiniz?&#8217; Diyor ki, &#8216;Ben daha a\u011f\u0131r bir ifade kullanacakt\u0131m ama durdum.&#8217; Ben buradan b\u00fct\u00fcn T\u00fcrkiye&#8217;ye sesleniyorum; Say\u0131n Kemal K\u0131l\u0131\u00e7daro\u011flu&#8217;na da sesleniyorum. Say\u0131n K\u0131l\u0131\u00e7daro\u011flu, senin annen merhume Yemu\u015f K\u0131l\u0131\u00e7daro\u011flu bizim annemizdir, biz ona dil uzatmay\u0131z. Biz anneli\u011fin ne oldu\u011funu bilen insanlar\u0131z. Biz kad\u0131n\u0131m\u0131z\u0131n ne oldu\u011funu bilen insanlar\u0131z. Biz kad\u0131na sayg\u0131 duyar\u0131z. Biz annelere sayg\u0131 duyar\u0131z hele hele ya\u015fIn\u0131 ba\u015f\u0131n\u0131 alm\u0131\u015f bir annemizin elini g\u00fcnde \u00fc\u00e7 kez \u00f6periz. Bu anne Kemal K\u0131l\u0131\u00e7daro\u011flu&#8217;nun annesi de olsa ona sayg\u0131da asla kusur etmeyiz.&#8221;<\/p>\n<p style=\"text-align: justify;\"><strong>&#8220;ANNES\u0130 MEZARINDA MUAZZEP OLMU\u015eTUR&#8221;<\/strong><\/p>\n<p style=\"text-align: justify;\">\u00c7elik, &#8221;Ben eminim ki, merhume Yemu\u015f K\u0131l\u0131\u00e7daro\u011flu b\u00f6yle bir evlad\u0131 oldu\u011fu i\u00e7in mezar\u0131nda muazzep olmu\u015ftur. B\u00f6yle bir evlad\u0131n sahibi oldu\u011fu i\u00e7in \u0131zd\u0131rap \u00e7ekmi\u015ftir&#8221; dedi.<\/p>\n<p style=\"text-align: justify;\"><strong>BU Z\u0130HN\u0130YET\u0130, TAVRI LANETL\u0130YORUM<\/strong><\/p>\n<p style=\"text-align: justify;\">K\u0131l\u0131\u00e7daro\u011flu&#8217;nu k\u0131nad\u0131\u011f\u0131n\u0131 ifade eden \u00c7elik, &#8221;Tek kelimeyle say\u0131n K\u0131l\u0131\u00e7daro\u011flu&#8217;nu d\u00fcnk\u00fc tavr\u0131ndan, kulland\u0131\u011f\u0131 bu ifadelerden, a\u011fz\u0131ma almaya terbiyemin m\u00fcsaade etmedi\u011fi bu ifadelerinden, bu k\u00fcf\u00fcrlerinden dolay\u0131 millete \u015fikayet ediyorum ve bu tavr\u0131n\u0131 k\u0131n\u0131yorum. Umar\u0131m bu ilk ve son olur&#8221; diye konu\u015ftu.<\/p>\n<p style=\"text-align: justify;\">H\u00fcseyin \u00c7elik, t\u00f6renin ard\u0131ndan sorular\u0131 yan\u0131tlad\u0131. ODT\u00dc \u00d6\u011frenci Temsilcisi Ahmet Kerem G\u00fcler&#8217;in arabas\u0131n\u0131n kundaklanmas\u0131 ile ilgili bir soruya, &#8221;\u00d6zg\u00fcrl\u00fckten ve demokrasiden s\u00f6z eden insanlar e\u011fer \u00f6zg\u00fcrl\u00fck ve demokrasiyi sadece kendileri i\u00e7in istiyorlarsa, kendileri gibi d\u00fc\u015f\u00fcnmeyen insanlara hayat hakk\u0131 tan\u0131m\u0131yorlarsa bunun ad\u0131 \u00f6zg\u00fcrl\u00fck de\u011fil, talep ettikleri \u015fey de \u00f6zg\u00fcrl\u00fck de\u011fildir. Sadece lafla bar\u0131\u015f, demokrasi demek kesinlikle kimseyi tatmin etmez. Bununla ancak kendi kendinizi kand\u0131r\u0131rs\u0131n\u0131z. Sabah ak\u015fam bar\u0131\u015f \u015fark\u0131lar\u0131 \u00e7alacaks\u0131n\u0131z, ondan sonra kendi \u00fcniversitesinde \u00f6\u011frencilerin \u00e7o\u011funlu\u011funun oyuyla se\u00e7ilen \u00f6\u011frenci konseyi ba\u015fkan\u0131n\u0131n arabas\u0131n\u0131 yakacaks\u0131n\u0131z. Bu zihniyeti, tavr\u0131 lanetliyorum. Umut ediyorum ki bunun failleri en k\u0131sa zamanda yakalan\u0131r&#8221; kar\u015f\u0131l\u0131\u011f\u0131n\u0131 verdi.<\/p>\n<p style=\"text-align: justify;\">YGS ve ALES ilgili bir soruyu ise \u00c7elik, \u015f\u00f6yle yan\u0131tlad\u0131:<\/p>\n<p style=\"text-align: justify;\">&#8221;Mesele yarg\u0131ya intikal etmi\u015f bir meseledir. \u0130dari ve adli soru\u015fturma yap\u0131lmaktad\u0131r. Orada \u00e7\u0131kan sonuca g\u00f6re elbette gere\u011fi neyse yap\u0131lacakt\u0131r. Bu \u015fifrenin varl\u0131\u011f\u0131 herkes taraf\u0131ndan bilinen bir olayd\u0131r. Bu \u00d6SYM kuruldu\u011fundan beri algoritman\u0131n ne oldu\u011funu bilen insanlar optik okuyucular taraf\u0131ndan bu ka\u011f\u0131tlar\u0131n de\u011ferlendirilmesi i\u00e7in \u015fifre verilir zaten. Hepinizin bankamatik kartlar\u0131n\u0131n \u015fifresi var. Sizin \u015fifrenizin var olmas\u0131 ayr\u0131 bir olayd\u0131r ama \u015fifrenizin ba\u015fkalar\u0131 taraf\u0131ndan bilinmesi ayr\u0131 bir olayd\u0131r. Ha \u015fifre vard\u0131r ama e\u011fer bu \u015fifre birileri taraf\u0131ndan \u00f6\u011frenilmi\u015f ve haks\u0131z rekabete yol a\u00e7\u0131lm\u0131\u015fsa bu kabul edilebilir bir \u015fey de\u011fildir ve nitekim \u00d6SYM ba\u015f\u0131ndan beri b\u00f6yle bir \u015fey olmad\u0131\u011f\u0131n\u0131 s\u00f6yl\u00fcyor. Hep birlikte g\u00f6relim. Savc\u0131 meseleye el koymu\u015ftur. Bir tek insan\u0131m\u0131z\u0131n bile haks\u0131zl\u0131\u011fa u\u011framas\u0131na h\u00fck\u00fcmetimiz tahamm\u00fcl etmez. Varsa bir yanl\u0131\u015fl\u0131k o yanl\u0131\u015fl\u0131k Ba\u011fdat&#8217;tan d\u00f6ner. &#8216;\u015eifre vard\u0131r&#8217;dan yola \u00e7\u0131karak buraya \u015faibe bula\u015fm\u0131\u015f, burada yolsuzluk var demek, burada kopya var demek do\u011fru de\u011fildir.&#8221;<\/p>\n<p style=\"text-align: justify;\"><a href=\"http:\/\/www.gazeteport.com.tr\/SIYASET\/NEWS\/GP_894382\" target=\"_blank\">Kaynak : GAZETEPORT<\/a><\/p>\n","protected":false},"excerpt":{"rendered":"<p style=\"text-align: justify;\">\n<p style=\"text-align: justify;\">AK Partili H\u00fcseyin \u00c7elik, CHP lideri K\u0131l\u0131\u00e7daro\u011flu&#8217;nun Zonguldak mitinginde Ba\u015fbakan Erdo\u011fan&#8217;\u0131n annesine k\u00fcfretti\u011fini iddia ederek, &#8221;Say\u0131n K\u0131l\u0131\u00e7daro\u011flu, senin annen merhume Yemu\u015f K\u0131l\u0131\u00e7daro\u011flu bizim annemizdir, biz ona dil uzatmay\u0131z. Biz anneli\u011fin ne oldu\u011funu bilen insanlar\u0131z. Biz ona dil uzatmay\u0131z&#8221; dedi.<\/p>\n","protected":false},"author":1,"featured_media":0,"comment_status":"open","ping_status":"closed","sticky":false,"template":"","format":"standard","meta":{"footnotes":""},"categories":[105],"tags":[],"class_list":["post-31094","post","type-post","status-publish","format-standard","hentry","category-gundem","odd"],"_links":{"self":[{"href":"http:\/\/www.korhanyilmaz.com\/index.php?rest_route=\/wp\/v2\/posts\/31094","targetHints":{"allow":["GET"]}}],"collection":[{"href":"http:\/\/www.korhanyilmaz.com\/index.php?rest_route=\/wp\/v2\/posts"}],"about":[{"href":"http:\/\/www.korhanyilmaz.com\/index.php?rest_route=\/wp\/v2\/types\/post"}],"author":[{"embeddable":true,"href":"http:\/\/www.korhanyilmaz.com\/index.php?rest_route=\/wp\/v2\/users\/1"}],"replies":[{"embeddable":true,"href":"http:\/\/www.korhanyilmaz.com\/index.php?rest_route=%2Fwp%2Fv2%2Fcomments&post=31094"}],"version-history":[{"count":0,"href":"http:\/\/www.korhanyilmaz.com\/index.php?rest_route=\/wp\/v2\/posts\/31094\/revisions"}],"wp:attachment":[{"href":"http:\/\/www.korhanyilmaz.com\/index.php?rest_route=%2Fwp%2Fv2%2Fmedia&parent=31094"}],"wp:term":[{"taxonomy":"category","embeddable":true,"href":"http:\/\/www.korhanyilmaz.com\/index.php?rest_route=%2Fwp%2Fv2%2Fcategories&post=31094"},{"taxonomy":"post_tag","embeddable":true,"href":"http:\/\/www.korhanyilmaz.com\/index.php?rest_route=%2Fwp%2Fv2%2Ftags&post=31094"}],"curies":[{"name":"wp","href":"https:\/\/api.w.org\/{rel}","templated":true}]}}