{"id":31091,"date":"2011-04-26T15:08:04","date_gmt":"2011-04-26T12:08:04","guid":{"rendered":"http:\/\/www.korhanyilmaz.com\/?p=31091"},"modified":"2011-04-26T15:08:04","modified_gmt":"2011-04-26T12:08:04","slug":"kilicdaroglu-ayagini-denk-al-diyecektim","status":"publish","type":"post","link":"http:\/\/www.korhanyilmaz.com\/?p=31091","title":{"rendered":"K\u0131l\u0131\u00e7daro\u011flu: &#8220;Aya\u011f\u0131n\u0131 denk al diyecektim&#8221;"},"content":{"rendered":"<p style=\"text-align: justify;\"><a href=\"http:\/\/www.korhanyilmaz.com\/wp-content\/uploads\/2011\/04\/031.jpg\"  class=\"lightview\"><img loading=\"lazy\" decoding=\"async\" class=\"aligncenter size-full wp-image-31092\" src=\"http:\/\/www.korhanyilmaz.com\/wp-content\/uploads\/2011\/04\/031.jpg\" alt=\"\" width=\"448\" height=\"231\" \/><\/a><\/p>\n<p style=\"text-align: justify;\">CHP lideri K\u0131l\u0131\u00e7daro\u011flu, Zonguldak mitinginde ba\u015flay\u0131p da s\u00f6ylemekten vazge\u00e7ti\u011fi, sonra da a\u011fz\u0131n\u0131 bozdu ele\u015ftirilerine maruz kald\u0131 c\u00fcmlenin a\u00e7\u0131klamas\u0131n\u0131 yapt\u0131 ve &#8220;&#8221;(Aya\u011f\u0131n\u0131 denk als\u0131n) diye bir \u015fey s\u00f6yleyecektim. Sonra onun biraz do\u011fru olmad\u0131\u011f\u0131n\u0131 d\u00fc\u015f\u00fcnd\u00fcm ve s\u00f6ylemedim&#8221; dedi. K\u0131l\u0131\u00e7daro\u011flu, s\u0131navlardaki skandallarla ilgili olarak da h\u00fck\u00fcmete y\u00fcklendi ve &#8220;Yanda\u015f giri\u015f s\u0131nav\u0131 yapt\u0131lar&#8221; ifadesini kulland\u0131. <!--more--><\/p>\n<p style=\"text-align: justify;\">AK Partili \u00c7elik ise, K\u0131l\u0131\u00e7daro\u011flu&#8217;nun Ba\u015fbakan&#8217;\u0131n annesine k\u00fcfretti\u011fini iddia etti ve ekledi &#8220;Annesi Yemu\u015f K\u0131l\u0131\u00e7daro\u011flu mezar\u0131nda muazzep olmu\u015ftur&#8230;&#8221;<\/p>\n<p style=\"text-align: justify;\">KONYA- CHP Genel Ba\u015fkan\u0131 Kemal K\u0131l\u0131\u00e7daro\u011flu, Zonguldak mitingindeki konu\u015fmas\u0131 s\u0131ras\u0131nda devam\u0131n\u0131 getirmedi\u011fi c\u00fcmleyle ilgili, &#8221;(Aya\u011f\u0131n\u0131 denk als\u0131n) diye bir \u015fey s\u00f6yleyecektim. Sonra onun biraz do\u011fru olmad\u0131\u011f\u0131n\u0131 d\u00fc\u015f\u00fcnd\u00fcm ve s\u00f6ylemedim&#8221; dedi.<\/p>\n<p style=\"text-align: justify;\">Helikopterle Konya&#8217;n\u0131n Ere\u011fli il\u00e7esine gelen K\u0131l\u0131\u00e7daro\u011flu, se\u00e7im otob\u00fcs\u00fcne bindi ve halk\u0131 selamlayarak il\u00e7e merkezine gitti. K\u0131l\u0131\u00e7daro\u011flu&#8217;nun AK Parti \u0130l\u00e7e Te\u015fkilat\u0131 \u00f6n\u00fcnden ge\u00e7erken, pencereden kendisini izleyen partilileri de selamlamas\u0131 dikkati \u00e7ekti.<\/p>\n<p style=\"text-align: justify;\">K\u0131l\u0131\u00e7daro\u011flu, konvoyun il\u00e7e merkezine gelmesinin ard\u0131ndan parti otob\u00fcs\u00fc \u00fczerinden halka hitap etti.<\/p>\n<p style=\"text-align: justify;\">Burada Karap\u0131nar Motorlu Ta\u015f\u0131y\u0131c\u0131lar Kooperatifini ziyaret eden K\u0131l\u0131\u00e7daro\u011flu, bas\u0131n mensuplar\u0131n\u0131n Zonguldak mitingindeki konu\u015fmas\u0131yla ilgili sorular\u0131n\u0131 cevapland\u0131rd\u0131.<\/p>\n<p style=\"text-align: justify;\"><strong>&#8220;AYA\u011eINI DENK AL D\u0130YECEKT\u0130M&#8230;&#8221;<\/strong><\/p>\n<p style=\"text-align: justify;\">K\u0131l\u0131\u00e7daro\u011flu, bir gazetecinin, mitingdeki s\u00f6zleriyle ilgili bir\u00e7ok medya organ\u0131nda \u00e7e\u015fitli yaz\u0131lar yaz\u0131ld\u0131\u011f\u0131n\u0131 hat\u0131rlatmas\u0131 \u00fczerine, \u015funlar\u0131 s\u00f6yledi:<\/p>\n<p style=\"text-align: justify;\">&#8221;Bu medya organ\u0131n\u0131n durumunu biliyoruz. Yanda\u015f medyayla merkez medya farkl\u0131. Biz farkl\u0131 bir \u015fey ama\u00e7lam\u0131\u015ft\u0131k. Do\u011frusu o de\u011fil. Konu\u015fma s\u0131ras\u0131nda &#8216;Aya\u011f\u0131n\u0131 denk als\u0131n&#8217; diye bir \u015fey s\u00f6yleyecektim. Sonra onun biraz do\u011fru olmad\u0131\u011f\u0131n\u0131 d\u00fc\u015f\u00fcnd\u00fcm ve s\u00f6ylemedim. \u0130\u015fin \u00f6zeti bu, do\u011frusu da bu.<\/p>\n<p style=\"text-align: justify;\">Yoksa alm\u0131\u015flar ba\u015fka t\u00fcrl\u00fc yorumlar yap\u0131yorlar. O yorumlar\u0131 yapanlar gazeteci de\u011fildir. En az\u0131ndan bir gazeteci sorar, &#8216;Sen bunu nas\u0131l s\u00f6yledin, niye s\u00f6yledin&#8217; diye. Sormadan kendi kafas\u0131na g\u00f6re, iktidar\u0131n ho\u015funa gidecek \u015fekilde haber ve yorum yap\u0131yor. Bunlar do\u011fru de\u011fil.&#8221;<\/p>\n<p style=\"text-align: justify;\"><strong>&#8220;\u00c7\u0130FT\u00c7\u0130YE MAZOTU 1.5 L\u0130RADAN VERECE\u011e\u0130Z&#8221;<\/strong><\/p>\n<p style=\"text-align: justify;\">K\u0131l\u0131\u00e7daro\u011flu, bug\u00fcn bir gazetenin man\u015fetinde fakir \u00e7ocuklara yard\u0131m yap\u0131ld\u0131\u011f\u0131na dair haber bulundu\u011funu, o \u00e7ocuklar\u0131n isimlerinin ve ailelerinin kamuoyunda afi\u015fe edildi\u011fini s\u00f6yledi.<\/p>\n<p style=\"text-align: justify;\">Yoksullu\u011fu afi\u015fe etmenin ay\u0131p ve g\u00fcnah oldu\u011funu ileri s\u00fcren K\u0131l\u0131\u00e7daro\u011flu, &#8221;Bizim inanc\u0131m\u0131z, bizim felsefemiz, siyasi g\u00f6r\u00fc\u015f\u00fcm\u00fcz: Sa\u011f elin verdi\u011fini sol el g\u00f6rmeyecek. Yoksulun yoksullu\u011funu istismar etmeyece\u011fiz. Ona sayg\u0131 duyaca\u011f\u0131z&#8221; diye konu\u015ftu.<\/p>\n<p style=\"text-align: justify;\">Mazot fiyatlar\u0131n\u0131n \u00e7ok y\u00fcksek oldu\u011funu \u00f6ne s\u00fcren K\u0131l\u0131\u00e7daro\u011flu, \u015f\u00f6yle devam etti:<\/p>\n<p style=\"text-align: justify;\">&#8221;\u00c7ift\u00e7i memnun de\u011fil ama Recep Bey \u00e7ift\u00e7ilerin durumunun \u00e7ok iyi oldu\u011funu s\u00f6yl\u00fcyor. Bunlar\u0131n iktidar\u0131nda her benzin istasyonu bir vergi dairesi oldu. Gidersiniz mazot al\u0131rs\u0131n\u0131z d\u00fcnyan\u0131n en pahal\u0131 mazotu odur. Bir g\u00fcbre al\u0131rs\u0131n\u0131z d\u00fcnyan\u0131n en pahal\u0131 g\u00fcbresi&#8230; \u0130la\u00e7 al\u0131rs\u0131n\u0131z d\u00fcnyan\u0131n en pahal\u0131 ilac\u0131&#8230; Bu \u00e7ift\u00e7i ne yapacak? Al\u0131n terinin kar\u015f\u0131l\u0131\u011f\u0131n\u0131 alamayacak. \u00c7ift\u00e7inin trakt\u00f6r\u00fcndeki mazotunun litresi bir bu\u00e7uk lira olacak. Bunun hesab\u0131n\u0131 kitab\u0131n\u0131 yapt\u0131k. \u015eimdi (bunu nas\u0131l yapacaks\u0131n) diyorlar? Sen 7 s\u00fclalene para bulurken, onlar k\u00f6\u015feyi d\u00f6nerken akl\u0131na soru sormak gelmiyor da \u00e7ift\u00e7iye s\u0131ra gelince mi akl\u0131na soru sormak geliyor? \u00c7ift\u00e7iye mazotu bir bu\u00e7uk liradan verece\u011fiz.&#8221;<\/p>\n<p style=\"text-align: justify;\"><strong>&#8221;YANDA\u015e G\u0130R\u0130\u015e SINAVI YAPTILAR&#8221;<\/strong><\/p>\n<p style=\"text-align: justify;\">20-30 y\u0131ld\u0131r \u00e7ocuklar\u0131n \u00fcniversite s\u0131navlar\u0131na girdi\u011fini, hi\u00e7 kimsenin akl\u0131na torpil i\u00e7in telefon edip, &#8221;Benim \u00e7ocu\u011fuma \u015fu \u00fcniversiteyi kazand\u0131r\u0131n&#8221; demek gelmedi\u011fini kaydeden K\u0131l\u0131\u00e7daro\u011flu, \u015f\u00f6yle devam etti:<\/p>\n<p style=\"text-align: justify;\">&#8221;\u0130lk kez s\u0131nav sorular\u0131, s\u0131nav \u015fekli \u015faibeli hale geldi. Yanda\u015f giri\u015f s\u0131nav\u0131 yapt\u0131lar. 1 milyon 700 bin \u00e7ocuk&#8230; Gelece\u011fe g\u00fcvenle bakmas\u0131 gereken, koruyup kollad\u0131\u011f\u0131m\u0131z, yemeyip yedirdi\u011fimiz, i\u00e7meyip i\u00e7irdi\u011fimiz, giymeyip giydirdi\u011fimiz \u00e7ocuklar\u0131m\u0131z bunlar. Dershaneye g\u00f6nderdik, s\u0131navlara haz\u0131rlad\u0131k. Bakt\u0131k s\u0131navda \u015fifreler var. Bu \u00e7ocuklara yapt\u0131\u011f\u0131n\u0131z haks\u0131zl\u0131\u011f\u0131 nas\u0131l gidereceksiniz? \u0130nsan\u0131n vicdan\u0131 s\u0131zlamaz m\u0131? Bunlar\u0131n vicdan\u0131 s\u0131zlamaz ama bizim vicdan\u0131m\u0131z s\u0131zl\u0131yor. Bu \u00e7ocuklara haks\u0131zl\u0131k yapt\u0131k. \u0130nsanda biraz utanma olur. Ar damar\u0131 \u00e7atlamam\u0131\u015fsa o koltuktan onlar\u0131n ayr\u0131lmas\u0131 laz\u0131m. Bunlar\u0131n ustal\u0131k, \u00e7\u0131rakl\u0131k diye bir s\u00f6ylemleri var. Bunlar\u0131n \u00e7\u0131rakl\u0131k d\u00f6nemleri y\u00fcr\u00fctme d\u00f6nemleri. Ustal\u0131k d\u00f6nemi de \u015fifre d\u00f6nemi. \u00c7ocuklar\u0131m\u0131z\u0131n al\u0131n terini \u00e7al\u0131yorlar. Buna izin vermeyece\u011fiz.&#8221;<\/p>\n<p style=\"text-align: justify;\"><strong>SAVCILARA &#8220;DEN\u0130Z FENER\u0130&#8221; UYARISI<\/strong><\/p>\n<p style=\"text-align: justify;\">&#8221;Deniz Feneri dosyas\u0131n\u0131 da takip ettiklerini, bu dosyay\u0131 da iktidar\u0131n se\u00e7imlere kadar s\u00fcmenalt\u0131 edece\u011fini&#8221; s\u00f6yleyen K\u0131l\u0131\u00e7daro\u011flu, konu\u015fmas\u0131n\u0131 \u015f\u00f6yle tamamlad\u0131:<\/p>\n<p style=\"text-align: justify;\">&#8221;Savc\u0131lara sesleniyorum. O dosyay\u0131 s\u00fcmenalt\u0131 ederseniz, halk\u0131n iktidar\u0131 da sizi s\u00fcmenalt\u0131 edecek. Hi\u00e7bir yolsuzlu\u011fa izin vermeyece\u011fiz. Soru\u015fturma yap\u0131yorum deyip uyutuyorsun. Otur adam gibi g\u00f6revini yap. Sen bir Cumhuriyet savc\u0131s\u0131s\u0131n. Hi\u00e7bir memurun, bakan\u0131n unvan\u0131nda Cumhuriyet s\u00f6zc\u00fc\u011f\u00fc yer almaz, sadece savc\u0131n\u0131n unvan\u0131nda yer al\u0131r. Cumhuriyet savc\u0131s\u0131ysan, Cumhuriyetin gere\u011fini yap. Yolsuzluk yapanlar\u0131, fakir fukaran\u0131n hakk\u0131n\u0131 yiyenleri, kul hakk\u0131 yiyenlerin dosyas\u0131n\u0131 mahkemeye getir. Niye getiremiyorsun? Siyasi iktidar bask\u0131 yapacak&#8230; Benim bildi\u011fim savc\u0131 T\u00fcrkiye Cumhuriyeti&#8217;nin savc\u0131s\u0131ysa zaten g\u00f6revi bask\u0131lara kar\u015f\u0131 boyun e\u011fmek de\u011fil, bask\u0131lara kar\u015f\u0131 direnmektir.&#8221;<\/p>\n<p style=\"text-align: justify;\"><a href=\"http:\/\/www.gazeteport.com.tr\/SIYASET\/NEWS\/GP_894309\" target=\"_blank\">Kaynak : GAZETEPORT<\/a><\/p>\n","protected":false},"excerpt":{"rendered":"<p style=\"text-align: justify;\">\n<p style=\"text-align: justify;\">CHP lideri K\u0131l\u0131\u00e7daro\u011flu, Zonguldak mitinginde ba\u015flay\u0131p da s\u00f6ylemekten vazge\u00e7ti\u011fi, sonra da a\u011fz\u0131n\u0131 bozdu ele\u015ftirilerine maruz kald\u0131 c\u00fcmlenin a\u00e7\u0131klamas\u0131n\u0131 yapt\u0131 ve &#8220;&#8221;(Aya\u011f\u0131n\u0131 denk als\u0131n) diye bir \u015fey s\u00f6yleyecektim. Sonra onun biraz do\u011fru olmad\u0131\u011f\u0131n\u0131 d\u00fc\u015f\u00fcnd\u00fcm ve s\u00f6ylemedim&#8221; dedi. K\u0131l\u0131\u00e7daro\u011flu, s\u0131navlardaki skandallarla ilgili olarak da h\u00fck\u00fcmete y\u00fcklendi ve &#8220;Yanda\u015f giri\u015f s\u0131nav\u0131 yapt\u0131lar&#8221; ifadesini <\/p>\n","protected":false},"author":1,"featured_media":0,"comment_status":"open","ping_status":"closed","sticky":false,"template":"","format":"standard","meta":{"footnotes":""},"categories":[105],"tags":[],"class_list":["post-31091","post","type-post","status-publish","format-standard","hentry","category-gundem","odd"],"_links":{"self":[{"href":"http:\/\/www.korhanyilmaz.com\/index.php?rest_route=\/wp\/v2\/posts\/31091","targetHints":{"allow":["GET"]}}],"collection":[{"href":"http:\/\/www.korhanyilmaz.com\/index.php?rest_route=\/wp\/v2\/posts"}],"about":[{"href":"http:\/\/www.korhanyilmaz.com\/index.php?rest_route=\/wp\/v2\/types\/post"}],"author":[{"embeddable":true,"href":"http:\/\/www.korhanyilmaz.com\/index.php?rest_route=\/wp\/v2\/users\/1"}],"replies":[{"embeddable":true,"href":"http:\/\/www.korhanyilmaz.com\/index.php?rest_route=%2Fwp%2Fv2%2Fcomments&post=31091"}],"version-history":[{"count":0,"href":"http:\/\/www.korhanyilmaz.com\/index.php?rest_route=\/wp\/v2\/posts\/31091\/revisions"}],"wp:attachment":[{"href":"http:\/\/www.korhanyilmaz.com\/index.php?rest_route=%2Fwp%2Fv2%2Fmedia&parent=31091"}],"wp:term":[{"taxonomy":"category","embeddable":true,"href":"http:\/\/www.korhanyilmaz.com\/index.php?rest_route=%2Fwp%2Fv2%2Fcategories&post=31091"},{"taxonomy":"post_tag","embeddable":true,"href":"http:\/\/www.korhanyilmaz.com\/index.php?rest_route=%2Fwp%2Fv2%2Ftags&post=31091"}],"curies":[{"name":"wp","href":"https:\/\/api.w.org\/{rel}","templated":true}]}}