{"id":31065,"date":"2011-04-26T08:36:14","date_gmt":"2011-04-26T05:36:14","guid":{"rendered":"http:\/\/www.korhanyilmaz.com\/?p=31065"},"modified":"2011-04-26T08:36:14","modified_gmt":"2011-04-26T05:36:14","slug":"erdogan%e2%80%99a-karsi-ordu-cicek-elele","status":"publish","type":"post","link":"http:\/\/www.korhanyilmaz.com\/?p=31065","title":{"rendered":"Erdo\u011fan\u2019a kar\u015f\u0131 Ordu-\u00c7i\u00e7ek elele"},"content":{"rendered":"<p style=\"text-align: justify;\"><a href=\"http:\/\/www.korhanyilmaz.com\/wp-content\/uploads\/2011\/04\/023.jpg\"  class=\"lightview\"><img loading=\"lazy\" decoding=\"async\" class=\"aligncenter size-full wp-image-31066\" src=\"http:\/\/www.korhanyilmaz.com\/wp-content\/uploads\/2011\/04\/023.jpg\" alt=\"\" width=\"307\" height=\"236\" \/><\/a><\/p>\n<p style=\"text-align: justify;\">ABD&#8217;li diplomatlara g\u00f6re Cemil \u00c7i\u00e7ek ve 30 adam\u0131, Ordu ile ortak hareket ederek Ba\u015fbakan Recep Tayyip Erdo\u011fan\u2019\u0131 iyice yaln\u0131zla\u015ft\u0131rmaya \u00e7al\u0131\u015f\u0131yor.<\/p>\n<p style=\"text-align: justify;\">Taraf gazetesinin Wikileaks belgelerine dayand\u0131rarak yay\u0131mlad\u0131\u011f\u0131 haber \u015f\u00f6yle:<\/p>\n<p style=\"text-align: justify;\">1981\u2019de Yale \u00dcniversitesi\u2019nde Amerikan Siyasi Tarihi \u00fczerine doktoras\u0131n\u0131 tamamlad\u0131\u011f\u0131nda hen\u00fcz 30 ya\u015f\u0131nda olan Eric Edelman, 1992\u2019de nispeten ge\u00e7 say\u0131labilecek bir ya\u015fta ad\u0131m att\u0131\u011f\u0131 diplomatik kariyerinde en tepeye kadar t\u0131rmand\u0131ysa da, onun mesleki hayat\u0131 bir diplomat\u0131nkinden ziyade, bir siyaset\u00e7ininki gibi \u015fekillendi. <!--more--><\/p>\n<p style=\"text-align: justify;\">Edelman, 22 Temmuz 2003\u2019te Washington\u2019da ABD\u2019nin Ankara B\u00fcy\u00fckel\u00e7isi olarak yemin ederken t\u00f6renin ba\u015fkanl\u0131\u011f\u0131n\u0131 ABD Ba\u015fkan Yard\u0131mc\u0131s\u0131 Dick Cheney yap\u0131yordu. Nitekim Edelman Ankara\u2019ya, do\u011frudan Cheney\u2019nin ofisinden geliyordu; 2001-2003 aras\u0131nda Cheney\u2019nin Ulusal G\u00fcvenlik \u0130\u015flerinden sorumlu dan\u0131\u015fman\u0131 olarak g\u00f6rev yapm\u0131\u015ft\u0131 ve Irak Sava\u015f\u0131\u2019n\u0131n fikirsel mimarlar\u0131ndan biriydi.<\/p>\n<p style=\"text-align: justify;\">1 Mart 2003 tezkeresinin reddedili\u015fi ertesinde Edelman\u2019\u0131n Ankara\u2019ya tayin edilmesi ve 4 Temmuz 2003\u2019te S\u00fcleymaniye\u2019de ya\u015fanan \u201c\u00e7uval\u201d olay\u0131ndan birka\u00e7 hafta sonra bu g\u00f6revi resmen \u00fcstlenmesi, Bush y\u00f6netiminin T\u00fcrkiye\u2019ye verdi\u011fi siyasi \u00f6nemin de bir g\u00f6stergesiydi asl\u0131nda. Edelman ise belki de kendinden bekleneni yapt\u0131; Ankara\u2019daki seleflerinden ve -zamanla g\u00f6r\u00fclece\u011fi gibi- haleflerinden farkl\u0131 olarak, &#8220;ABD\u2019nin B\u00fcy\u00fckel\u00e7isi&#8221; olman\u0131n \u00f6tesinde, ayn\u0131 zamanda daha dar tan\u0131ml\u0131 bir siyasi zihniyetin de temsilcisi gibi davrand\u0131.<\/p>\n<p style=\"text-align: justify;\">Ba\u015ftan itibaren, AKP h\u00fck\u00fcmetine mesafeli ve 11 Eyl\u00fcl sald\u0131r\u0131lar\u0131n\u0131n yaratt\u0131\u011f\u0131 derin sars\u0131nt\u0131n\u0131n da etkisiyle, \u0130slam\u2019a kar\u015f\u0131 epeyce ku\u015fkuluydu.<\/p>\n<p style=\"text-align: justify;\">&#8220;WikiLeaks T\u00fcrkiye Belgeleri&#8221; kapsam\u0131nda, Edelman\u2019\u0131n kaleminden \u00e7\u0131kan gizli telgraflar\u0131 okurken, b\u00fct\u00fcn bunlar\u0131n i\u015faretlerini g\u00f6rmek ve Edelman\u2019\u0131, Ba\u015fbakan Erdo\u011fan\u2019dan randevu almak i\u00e7in haftalarca bekleme, nihayetinde de T\u00fcrkiye\u2019den ayr\u0131lma noktas\u0131na getiren &#8220;siyasi&#8221; gerginli\u011fin ipu\u00e7lar\u0131n\u0131 bulmak m\u00fcmk\u00fcn. Biz, bug\u00fcn Edelman\u2019\u0131n siyasi yorumculu\u011funun yan\u0131 s\u0131ra, bu yorumlar\u0131 yaparken kimlerden, nas\u0131l etkilendi\u011fini de ortaya koyan bir kripto yay\u0131ml\u0131yoruz.<\/p>\n<p style=\"text-align: justify;\">ABD\u2019nin Ankara B\u00fcy\u00fckel\u00e7isi Eric Edelman\u2019\u0131n 20 May\u0131s 2004\u2019te kaleme ald\u0131\u011f\u0131 &#8221; <strong>G\u0130ZL\u0130<\/strong> &#8221; telgraf\u0131n ba\u015fl\u0131\u011f\u0131, &#8221; <strong>T\u00fcrkiye\u2019nin Siyasi \u0130stikrars\u0131zl\u0131\u011f\u0131: Gerilimler Y\u00fczeyi K\u0131r\u0131yor.<\/strong> &#8220;<\/p>\n<p style=\"text-align: justify;\"><span style=\"color: #993300;\"><strong><span style=\"text-decoration: underline; font-size: medium;\">Telgraf \u015f\u00f6yle:<\/span><\/strong><\/span><\/p>\n<p style=\"text-align: justify;\"><strong>(1)<\/strong> \u00d6ZET: T\u00fcrkiye, e\u011fitimde reform tart\u0131\u015fmas\u0131n\u0131n sonucu olarak artan bir siyasi gerginlik d\u00f6nemine giriyor. Ba\u015fbakan Erdo\u011fan, kendi AK Parti\u2019sinin i\u00e7inden ve T\u00fcrk ordusundan s\u00fcrekli bir bask\u0131 alt\u0131nda kalacak. \u201cLaik\u201d m\u00fcesses nizam\u0131n nispeten &#8220;liberal&#8221; \u00fcyeleri bile AKP\u2019nin g\u00fcndemini yeniden sorgularken, Erdo\u011fan ve AKP de gerginlikler g\u00f6steriyor. Erdo\u011fan\u2019\u0131n siyasi sermayeyi kullanma yetene\u011fi azald\u0131 ve ABD\u2019nin T\u00fcrkiye\u2019ye ili\u015fkin hedeflerinin de, yeniden i\u00e7 politika alan\u0131nda manip\u00fclasyona u\u011frama ihtimali var. Ger\u00e7ekten laik bir T\u00fcrkiye yerine &#8220;\u0131l\u0131ml\u0131 \u0130slami&#8221; bir T\u00fcrkiye pe\u015findeymi\u015fiz ya da askeriyeye i\u00e7 politika manevralar\u0131nda sar\u0131 \u0131\u015f\u0131k dahi yak\u0131yormu\u015fuz gibi g\u00f6r\u00fcnmekten (ye\u015fil \u0131\u015f\u0131k asla yakmamal\u0131y\u0131z anlam\u0131n\u0131 da i\u00e7eriyor) uzak durmal\u0131y\u0131z. T\u00fcrkiye\u2019nin AB \u00fcyeli\u011fi bu m\u00fccadelede ba\u015fl\u0131ca dizginleyici g\u00fc\u00e7 olmaya devam ediyor. ** \u00d6ZET\u0130N SONU **<\/p>\n<p style=\"text-align: justify;\"><strong>Mant\u0131kl\u0131 \u00e7\u00f6z\u00fcmlerde bile anla\u015fma sa\u011flanam\u0131yor<\/strong><\/p>\n<p style=\"text-align: justify;\"><strong>(2)<\/strong> Ba\u015fbakan Erdo\u011fan, &#8220;laik&#8221; T\u00fcrk m\u00fcesses nizam\u0131na meydan okuyarak, m\u00fcesses nizam\u0131n &#8220;laik&#8221; T\u00fcrkiye\u2019nin temel de\u011ferleri olarak tan\u0131mlad\u0131\u011f\u0131 \u015feyi tehdit eden bir \u0130slamile\u015ftirme g\u00fcndeminin i\u015fareti gibi g\u00f6rd\u00fc\u011f\u00fc e\u011fitim reform yasas\u0131n\u0131 ge\u00e7irmekte \u0131srar ediyor. Erdo\u011fan\u2019\u0131n yakla\u015f\u0131m\u0131, geleneksel m\u00fcesses nizam\u0131n Erdo\u011fan ve onun Anadolu y\u00f6nelimli, \u0130slam\u2019dan etkilenmi\u015f AKP\u2019sine duydu\u011fu derin g\u00fcvensizli\u011fi y\u00fczeye ta\u015f\u0131d\u0131. Biz, Cumhurba\u015fkan\u0131 Sezer\u2019in bu yasay\u0131 veto etmesini bekliyoruz; e\u011fer Erdo\u011fan, yasay\u0131 ge\u00e7irmekte yine \u0131srarc\u0131 olursa (Devlet\u2019in husumetini daha da keskinle\u015ftirirse) Sezer\u2019in, konuyu Anayasa Mahkemesi\u2019ne g\u00f6t\u00fcrmesi i\u00e7in ana muhalefetteki CHP ile i\u015fbirli\u011fi yapmas\u0131n\u0131 da bekliyoruz.<\/p>\n<p style=\"text-align: justify;\"><strong>(3)<\/strong> Referanstaki A ve B belgelerinin de i\u015faret etti\u011fi gibi (bu belgeler telgraf\u0131n metninde yer alm\u0131yor), s\u00f6z konusu reform yasas\u0131, y\u00fcksek \u00f6\u011frenimi daha kolay eri\u015filebilir ve daha anlaml\u0131 bir hale getirmeyi ve, liselerindeki uzmanl\u0131k alan\u0131 d\u0131\u015f\u0131ndaki alanlarda \u00fcniversite e\u011fitimi g\u00f6rmek isteyen lise mezunlar\u0131na (\u00f6zellikle de imam hatip mezunlar\u0131na) y\u00f6nelik ayr\u0131mc\u0131l\u0131\u011f\u0131 ortadan kald\u0131rmay\u0131 hedefliyor. AKP\u2019nin izlenmesi i\u00e7in bast\u0131rd\u0131\u011f\u0131 yol, din\u00ee liseleri (imam hatipler kastediliyor) daha cazip k\u0131lmaya hizmet edebilir ama bunun, din\u00ee e\u011fitimin \u015fu anki dengesiz kalitesinde herhangi bir iyile\u015fme sa\u011flamas\u0131 ya da y\u00fcksek \u00f6\u011frenimin kalitesini ve eri\u015filebilirli\u011fini artt\u0131rmas\u0131 beklenmiyor.<\/p>\n<p style=\"text-align: justify;\"><strong>Erdo\u011fan ve AK Parti\u2019nin dengesi bozuldu<\/strong><\/p>\n<p style=\"text-align: justify;\"><strong>(4)<\/strong> AKP liderli\u011fi, hem se\u00e7mene hem kendi parlamento grubuna karr\u015f\u0131, hem de, her ne kadar b\u00f6yle bir diyalogun zorlu\u011fu \u015fu ana dek g\u00f6r\u00fclm\u00fc\u015f de olsa, devlet g\u00fcc\u00fcn\u00fcn di\u011fer merkezleriyle tutarl\u0131 bir diyalog s\u00fcrd\u00fcr\u00fcp e\u015fg\u00fcd\u00fcm sa\u011flamak suretiyle niyetlerini ve hedeflerini a\u00e7\u0131k bir \u015fekilde ortaya koymay\u0131 reddediyor. AKP\u2019de irtibatta oldu\u011fumuz ki\u015filerin geni\u015f bir k\u0131sm\u0131, pasif bi\u00e7imde bile olsa, halkla ili\u015fkiler (PR) alan\u0131ndaki bu zaaf\u0131n bir sorun oldu\u011funu hemen kabul ediyor.<\/p>\n<p style=\"text-align: justify;\"><strong>(5)<\/strong> Erdo\u011fan, kendisini partisinden de, siyasi geli\u015fmeler, T\u00fcrk Genelkurmay\u0131&#8217;n\u0131n ve Devlet&#8217;in di\u011fer temel unsurlar\u0131n\u0131n niyetleri ve iktisad\u00ee\/mali geli\u015fmeler konusunda geni\u015f, taze ve do\u011fru bir enformasyon ak\u0131\u015f\u0131ndan da uzak tutuyor; Ak\u015fam&#8217;\u0131n Ankara Temsilcisi&#8217;nin \u2013gazeteci Nuray Ba\u015faran kastediliyor\u2013k\u0131sa s\u00fcre \u00f6nce yazd\u0131\u011f\u0131 k\u00f6\u015fe yaz\u0131s\u0131\u2014&#8221;Erdo\u011fan&#8217;\u0131n Stratejik \u0130zolasyonu&#8221;\u2013 partililer taraf\u0131ndan yayg\u0131n bi\u00e7imde okundu ve isabetli bulundu. Erdo\u011fan, AKP meclis grubunu kamuoyu \u00f6n\u00fcnde k\u00fc\u00e7\u00fck d\u00fc\u015f\u00fcrerek sorunlar\u0131n\u0131 peki\u015ftirdi: Milletvekilleri, onun, kendilerini sadece &#8220;dolgu malzemesi&#8221; olarak g\u00f6ren kibrini hakaret say\u0131yor. Kendisine yak\u0131n olan kabine \u00fcyelerini bile yabanc\u0131la\u015ft\u0131rd\u0131. Bu son noktada, irtibatta oldu\u011fumuz iki ki\u015fi bize, 10 may\u0131staki kabine toplant\u0131s\u0131nda Erdo\u011fan&#8217;\u0131n Ula\u015ft\u0131rma Bakan\u0131 (Binali) Y\u0131ld\u0131r\u0131m&#8217;\u0131 hor g\u00f6ren bir edayla \u015firketlerin \u00f6zel u\u00e7aklar\u0131na binme tekliflerini kabul etmekten vazge\u00e7mesini s\u00f6yledi\u011fini ve Maliye Bakan\u0131 (Kemal) Unak\u0131tan&#8217;a, &#8220;Bu senin o k\u00fc\u00e7\u00fck m\u0131s\u0131r i\u015fine benzemez&#8221; (Unak\u0131tan&#8217;\u0131n o\u011flunun ithalat vergisinde art\u0131\u015f olmas\u0131ndan hemen \u00f6nce i\u00e7eriden ald\u0131\u011f\u0131 bilgiyi kullanarak m\u0131s\u0131r ithal edip, d\u00fc\u015fe\u015f kazan\u00e7 sa\u011flamas\u0131na atfen) diyerek alayl\u0131 bir \u015fekilde mali durumu d\u00fczeltme talimat\u0131 verdi\u011fini anlatt\u0131lar.<\/p>\n<p style=\"text-align: justify;\"><strong>(6)<\/strong> Erdo\u011fan bazen, T\u00fcrkiye&#8217;yi y\u00f6netmesi i\u00e7in Tanr\u0131 buyru\u011fuyla g\u00f6revlendirilmi\u015f biri gibi bir hava yay\u0131yor \u00e7evresine. H\u00e2l\u00e2 mutlak g\u00fcce susam\u0131\u015f bir halde. O ve partisi, silahl\u0131 kuvvetlerin h\u00e2l\u00e2 \u00f6nemli bir n\u00fcfuza sahip ve hesaba kat\u0131lmas\u0131 gereken bir siyasi g\u00fc\u00e7 oldu\u011fu ger\u00e7e\u011fiyle ak\u0131ll\u0131ca ba\u015fa \u00e7\u0131kmay\u0131 beceremediler.<\/p>\n<p style=\"text-align: justify;\"><strong>T\u00fcrk ordusu AKP&#8217;nin zaaf\u0131n\u0131 istismar ediyor<\/strong><\/p>\n<p style=\"text-align: justify;\"><strong>(7)<\/strong> Genelkurmay Ba\u015fkan\u0131 (Hilmi) \u00d6zk\u00f6k&#8217;\u00fcn nisan ortas\u0131nda, askeriyenin k\u0131rm\u0131z\u0131 \u00e7izgileri konusunda yapt\u0131\u011f\u0131 uyar\u0131lar\u0131, Erdo\u011fan&#8217;\u0131n e\u011fitim reformu tasla\u011f\u0131 \u00fczerinden stat\u00fckoya kafa tutmakta \u0131srar etmesine cevaben daha da a\u00e7\u0131k s\u00f6zl\u00fc bir Genelkurmay uyar\u0131s\u0131 izlemi\u015fti. T\u00fcrk Genelkurmay\u0131, T\u00fcrk kamuoyunun muhtemel AB \u00fcyeli\u011fine verdi\u011fi destek ve darbelere duydu\u011fu tepkiyle dizginlenmi\u015f gibi g\u00f6r\u00fcn\u00fcyor. Bu nedenle, siyaset sahnesini manip\u00fcle etme aray\u0131\u015f\u0131ndaki T\u00fcrk Genelkurmay\u0131, art\u0131k bir darbenin de, 1997&#8217;de \u0130slamc\u0131 Ba\u015fbakan Necmettin Erbakan&#8217;\u0131 g\u00f6revden uzakla\u015ft\u0131rmay\u0131 sa\u011flamakta kullan\u0131lan post-modern darbeye (&#8220;28 \u015eubat s\u00fcreci&#8221;) e\u015fde\u011fer bir \u015feyin de \u00f6tesine bak\u0131yor. Yorumcular\u0131n post-postmodern yakla\u015f\u0131m diye adland\u0131rmaya ba\u015flad\u0131klar\u0131 \u015feyle, emekli ve baz\u0131 muvazzaf \u00fcst r\u00fctbeli subaylar, hem alternatif g\u00fc\u00e7 merkezleri yaratmak hem de AKP&#8217;deki mevcut \u00e7atlaklar\u0131 b\u00fcy\u00fctmek ve Erdo\u011fan&#8217;\u0131n parti i\u00e7inde daha fazla yaln\u0131z kalmas\u0131na yol a\u00e7mak i\u00e7in \u00e7al\u0131\u015f\u0131yorlar.<\/p>\n<p style=\"text-align: justify;\"><strong>\u00c7i\u00e7ek ile 30 milletvekilinden olu\u015fan fraksiyon&#8230;.<\/strong><\/p>\n<p style=\"text-align: justify;\"><strong>(8)<\/strong> Adalet Bakan\u0131 Cemil \u00c7i\u00e7ek, kendisinin ve 30 milletvekilinden olu\u015fan fraksiyonunun Erdo\u011fan&#8217;\u0131 daha fazla \u00e7at\u0131\u015fmaya sokma \u00e7abalar\u0131ndan ordunun da haberdar ve bu \u00e7abalar\u0131n par\u00e7as\u0131 oldu\u011funu, Ak\u015fam&#8217;\u0131n Ankara Temsilcisi Nuray Ba\u015faran&#8217;la \u00f6zel konu\u015fmas\u0131nda aktard\u0131. D\u0131\u015fi\u015fleri Bakan\u0131 G\u00fcl&#8217;\u00fcn en yak\u0131n m\u00fcttefiklerinden biri olan AKP Grup Ba\u015fkanvekili Salih Kapusuz bize irtibatta oldu\u011fumuz ba\u015fka ki\u015filerden de duydu\u011fumuz bir \u015feyi do\u011frulad\u0131: Bu da, kendisinin ve kuvvetle ima etti\u011fi \u00fczere G\u00fcl&#8217;\u00fcn, emekli orgeneral eski MGK Genel Sekreteri Tuncer K\u0131l\u0131n\u00e7 ile do\u011frudan temasta oldu\u011fuydu. Erdo\u011fan&#8217;la gayet kontroll\u00fc ama rekabet\u00e7i bir ili\u015fkisi olan ve, makul d\u0131\u015f g\u00f6r\u00fcn\u00fcm\u00fc alt\u0131nda G\u00fcl&#8217;\u00fcn \u00e7ok daha kararl\u0131 bir \u0130slamc\u0131 oldu\u011fu sonucuna varmas\u0131 \u00f6ncesinde T\u00fcrk Genelkurmay\u0131&#8217;n\u0131n Erdo\u011fan&#8217;a tercih etti\u011fi G\u00fcl, Erdo\u011fan&#8217;\u0131 \u00c7i\u00e7ek&#8217;e k\u0131yasla daha uyumlu bir \u015fekilde manip\u00fcle etmeye \u00e7al\u0131\u015f\u0131yor. Ancak G\u00fcl ve onun gibi d\u00fc\u015f\u00fcnen 25 milletvekilinin, 10 may\u0131sta Erbakan&#8217;\u0131n 1997&#8217;de orduya ald\u0131r\u0131\u015f etmemesinin bedelini hat\u0131rlatma \u00e7abas\u0131, Erdo\u011fan taraf\u0131ndan duymazdan gelindi.<\/p>\n<p style=\"text-align: justify;\"><strong>Liberal m\u00fcesses nizam nerede duruyor?<\/strong><\/p>\n<p style=\"text-align: justify;\"><strong>(9)<\/strong> Laik m\u00fcesses nizam\u0131n nispeten ayd\u0131n kesitinin \u00f6nde gelenlerinden giderek daha \u00e7ok say\u0131da ki\u015finin, orduyla AKP aras\u0131ndaki u\u00e7urumun ne kadar ciddi oldu\u011funu, AKP&#8217;nin b\u00fcy\u00fck meselelerdeki zamanlamas\u0131n\u0131 ve odaklanmas\u0131n\u0131 d\u00fczeltemeyece\u011fini ya da d\u00fczeltmeyece\u011fini, veya AKP&#8217;nin ivmesini nas\u0131l kaybetti\u011fini farkettiklerini g\u00f6r\u00fcyoruz.<\/p>\n<p style=\"text-align: justify;\"><strong>(10)<\/strong> Kat\u0131 bir laik\u00e7i olan ama ordunun m\u00fcdahale etmesini isteyen sertlik yanl\u0131s\u0131 Kemalist \u00e7izgiyi hi\u00e7 desteklemeyen D\u0131\u015fi\u015fleri Bakanl\u0131\u011f\u0131 S\u00f6zc\u00fcs\u00fc Nam\u0131k Tan (\u015fu andaki Washington B\u00fcy\u00fckel\u00e7isi), 13 may\u0131sta bize AKPordu gerginli\u011finin \u00e7ok ciddi oldu\u011funu s\u00f6yledi. AKP&#8217;nin uzun zamand\u0131r ihtiyac\u0131 duyulan reformlar\u0131n motoru olaca\u011f\u0131n\u0131 \u00fcmit etmi\u015f olan ve evvelden beri a\u00e7\u0131k toplumu savunan bir grup \u00f6nde gelen \u0131l\u0131ml\u0131 laik\u00e7i (T\u00fcrkiye Ekonomi Bankas\u0131 Y\u00f6netim Kurulu Ba\u015fkan\u0131 Hasan \u00c7olako\u011flu, akademisyen ve k\u00f6\u015fe yazar\u0131 Soli \u00d6zel, eski b\u00fcy\u00fckel\u00e7i ve \u00f6nde gelen STK temsilcisi \u00d6zdem Sanberk, eski Hazine M\u00fcste\u015far\u0131 Faik \u00d6ztrak, Merkez Bankas\u0131 Ba\u015fkan Yard\u0131mc\u0131s\u0131 \u015e\u00fckr\u00fc Binay) 12 may\u0131sta, periyodik olarak yapt\u0131klar\u0131 kapal\u0131 toplant\u0131lardan birinde, T\u00fcrkiye&#8217;nin istikbalinin \u2013\u00f6zellikle de NATO&#8217;nun gelece\u011fi ve Irak gibi \u00f6nemli d\u0131\u015f politika meselelerinin\u2013 bundan b\u00f6yle AKP&#8217;ye de\u011fil, T\u00fcrk askeriyesinin ABD ile ili\u015fkisinin ne kadar yak\u0131n oldu\u011funa ba\u011fl\u0131 olaca\u011f\u0131na karar verdiler. Kitlesel bir tiraja sahip ve yolsuzluk soru\u015fturmalar\u0131ndan kendini koruyabilmek i\u00e7in Erdo\u011fan&#8217;\u0131n iyiniyetine g\u00fcvenen bir medya grubuna ait olan H\u00fcrriyet&#8217;in yay\u0131n y\u00f6netmeni Ertu\u011frul \u00d6zk\u00f6k, 9 may\u0131staki k\u00f6\u015fe yaz\u0131s\u0131n\u0131 Erdo\u011fan&#8217;\u0131n kar\u0131s\u0131 Emine&#8217;yi, Erdo\u011fanlar\u0131n k\u0131sa s\u00fcre \u00f6nce Atina&#8217;ya yapt\u0131klar\u0131 resm\u00ee ziyaret s\u0131ras\u0131nda, \u0130slam\u00ee k\u0131yafetinin alt\u0131na topuklu stilettolar giydi\u011fi i\u00e7in mecaz\u00ee olarak \u00e7\u0131r\u0131l\u00e7\u0131plak soyarak hicvetmek i\u00e7in kulland\u0131. (\u00d6zk\u00f6k&#8217;\u00fcn, &#8220;O ayakkab\u0131lar\u0131 g\u00f6rd\u00fcn\u00fcz m\u00fc&#8221; ba\u015fl\u0131kl\u0131 yaz\u0131s\u0131nda \u015fu sat\u0131rlar vard\u0131: Emine Erdo\u011fan&#8217;\u0131n ba\u015f\u0131 \u00f6rt\u00fcl\u00fcyd\u00fc, ama aya\u011f\u0131nda topuklar\u0131 normalden y\u00fcksek bir \u00e7ift ayakkab\u0131 vard\u0131&#8230; Emine Erdo\u011fan&#8217;\u0131n aya\u011f\u0131ndaki ayakkab\u0131lar\u0131 be\u011fendim. Ben klasik\u00e7i oldu\u011fum i\u00e7in, y\u00fcksek topuklar\u0131 \u00e7ok ho\u015fuma gitti. \u0130tiraf edeyim, c\u00fcretli ve gen\u00e7 bir \u00e7ift ayakkab\u0131yd\u0131. Foto\u011fraftan \u00e7\u0131kard\u0131\u011f\u0131m kadar\u0131yla, ayakkab\u0131y\u0131 iyi de ta\u015f\u0131yor. O ayakkab\u0131y\u0131 giyen insan\u0131n i\u00e7 d\u00fcnyas\u0131n\u0131n ne olabilece\u011fini de d\u00fc\u015f\u00fcnd\u00fcm&#8230;&#8221;)<\/p>\n<p style=\"text-align: justify;\"><strong>ABD&#8217;nin nerede durdu\u011fu konusunda fal bakmak<\/strong><\/p>\n<p style=\"text-align: justify;\"><strong>(11)<\/strong> AKP&#8217;de ve orduda irtibatta oldu\u011fumuz ki\u015filer sayesinde a\u00e7\u0131k\u00e7a biliyoruz ki, iki taraf da ABD&#8217;nin nerede durdu\u011funu anlamaya ve ABD&#8217;yi kendi yan\u0131na \u00e7ekmeye \u00e7al\u0131\u015f\u0131yor. Ayn\u0131 zamanda, AKP d\u0131\u015f\u0131ndan temasta oldu\u011fumuz herkesin kat\u00ee surette hemfikir oldu\u011fu bir \u015fey de, yabanc\u0131 g\u00f6zlemcilerin kamuoyuna y\u00f6nelik s\u00f6zlerden kesinlikle uzak durmas\u0131 gerekti\u011fidir, zira her a\u00e7\u0131klama taraf tutmak olarak yorumlanabilir. Nam\u0131k Tan bize 13 may\u0131sta yapt\u0131\u011f\u0131 de\u011ferlendirmede, AB B\u00fcy\u00fckel\u00e7isi (Hansj\u00f6rg) Kretschmer&#8217;in ordunun y\u00fcksek \u00f6\u011frenim reform yasas\u0131na m\u00fcdahale etmesini aptalca, dengesiz ve yap\u0131c\u0131 olmaktan uzak bulan ele\u015ftirisini reddederken, \u00f6zellikle keskin bir dil kulland\u0131.<\/p>\n<p style=\"text-align: justify;\"><strong>YORUM<\/strong><\/p>\n<p style=\"text-align: justify;\"><strong>(12)<\/strong> Askeriye\/geleneksel elit ile AKP aras\u0131ndaki bu gerilim bir ilkbahar ate\u015fi de\u011fil. Bu ge\u00e7meyecektir. Bir yandan, Erdo\u011fan ve partisi onlar\u0131 hi\u00e7bir \u015feyin durdurayamayaca\u011f\u0131na kani olmu\u015f bir halde. Bu kanaat, Erdo\u011fan ve AKP, parlamentoda anayasal \u00e7o\u011funlu\u011fa ve g\u00fc\u00e7l\u00fc halk deste\u011fine sahip olmay\u0131 s\u00fcrd\u00fcrd\u00fck\u00e7e bir \u00f6l\u00e7\u00fcde ge\u00e7erli g\u00f6r\u00fcn\u00fcyor. \u00d6te yandan, Erdo\u011fan&#8217;\u0131n h\u00fck\u00fcmetini ve partisini, haber d\u00f6ng\u00fcs\u00fc hakk\u0131nda bir fikir sahibi olan dan\u0131\u015fmanlarla uyumlu bir b\u00fct\u00fcn haline getirerek, i\u00e7 ve d\u0131\u015f geli\u015fmeleri analiz etmek ve ileriye do\u011fru tutarl\u0131 bir vizyon olu\u015fturmak konusundaki ba\u015far\u0131s\u0131zl\u0131\u011f\u0131 onu sald\u0131r\u0131lara a\u00e7\u0131k k\u0131l\u0131yor. AKP&#8217;nin halkla ili\u015fkiler (PR) konusundaki beceriksizli\u011fi ve bir\u00e7ok AKP yetkilisinin \u0130slam\u00ee ge\u00e7mi\u015fi, T\u00fcrk Genelkurmay\u0131&#8217;n\u0131n AKP&#8217;nin niyetleri konusundaki ku\u015fkular\u0131n\u0131 besliyor ve askeriyenin alternatif siyasi g\u00fc\u00e7ler aray\u0131\u015f\u0131n\u0131 yo\u011funla\u015ft\u0131r\u0131yor.<\/p>\n<p style=\"text-align: justify;\"><strong>(13)<\/strong> Sonu\u00e7ta ortaya \u00e7\u0131kan m\u00fccadele e\u015fit bir m\u00fccadele de\u011fil. Birincisi, AKP&#8217;nin niyetleri konusundaki berrakl\u0131k eksikli\u011fi ve Erdo\u011fan h\u00fck\u00fcmetinin, ABD&#8217;nin dolays\u0131z ve maddi \u00e7\u0131karlar\u0131n\u0131 ilgilendiren konular da dahil olmak \u00fczere, makul, h\u0131zl\u0131 kararlar almay\u0131 ba\u015faramay\u0131\u015f\u0131, AKP&#8217;yi a\u015fa\u011f\u0131ya \u00e7ekiyor. \u0130kincisi, Devlet g\u00fcc\u00fcn\u00fcn ara\u00e7lar\u0131 olarak korku ve sindirmenin a\u011f\u0131rl\u0131\u011f\u0131, Erdo\u011fan&#8217;\u0131n, G\u00fcl&#8217;\u00fcn ve AKP&#8217;deki cemaat ve tarikatlar\u0131n iddia etti\u011fi \u00f6l\u00e7\u00fcde azalm\u0131\u015f de\u011fil. Ve \u00fc\u00e7\u00fcnc\u00fc olarak, T\u00fcrk Genelkurmay\u0131&#8217;n\u0131n yarg\u0131da, b\u00fcrokraside ve i\u015f d\u00fcnyas\u0131nda kuvvetli m\u00fcttefikleri ve AKP i\u00e7indeki ve d\u0131\u015f\u0131ndaki siyaset\u00e7ilerin ki\u015fisel h\u0131rslar\u0131 ve rekabetleriyle oynama yetene\u011fi var. Ordu, T\u00fcrkiye&#8217;nin AB \u00fcyeli\u011fini \u00f6nemli addetmek ile kendisinin Cumhuriyet&#8217;in &#8220;laik&#8221; niteli\u011fini korumakla g\u00f6revli oldu\u011funu ifade etmek aras\u0131nda bir \u00e7eli\u015fki oldu\u011funu kabul etmiyor. Bu, ordunun savunmaktan geri durmayaca\u011f\u0131n\u0131 bir kez daha kuvvetli bir \u015fekilde ilan etti\u011fi bir g\u00f6rev. Sorun, ordunun y\u00fcz\u00fcn\u00fc d\u00f6nebilece\u011fi ger\u00e7ek\u00e7i hi\u00e7bir siyasi alternatifin olmay\u0131\u015f\u0131 ve siyasi \u015fampiyonlar se\u00e7mek konusunda da zay\u0131f h\u00fck\u00fcmler verdi\u011fini g\u00f6steren bir tarihe sahip olmas\u0131.<\/p>\n<p style=\"text-align: justify;\"><strong>(14)<\/strong> <strong><span style=\"text-decoration: underline;\">Son s\u00f6z<\/span><\/strong> :\u00a0 T\u00fcrkiye, kendisinin \u00e7\u00f6zmesi gereken ve gidi\u015fat\u0131n y\u00f6n\u00fcn\u00fc d\u0131\u015far\u0131dan etkileme ama\u00e7l\u0131 giri\u015fimlerin, \u00f6ng\u00f6r\u00fclemeyen ve ku\u015fku g\u00f6t\u00fcrmez bi\u00e7imde olumsuz etkiler yapabilece\u011fi bir belirsizlik d\u00f6nemine giriyor. \u00d6n\u00fcm\u00fczdeki alt\u0131 ay i\u00e7indeki biricik yol g\u00f6sterici konu, T\u00fcrkiye&#8217;nin AB kat\u0131l\u0131m\u0131 m\u00fczakereleri i\u00e7in ba\u015flang\u0131\u00e7 tarihi alma \u00e7abas\u0131 olacakt\u0131r.<\/p>\n<p style=\"text-align: justify;\"><a href=\"http:\/\/www.cnnturk.com\/2011\/yazarlar\/04\/26\/erdogan.a.karsi.ordu.cicek.elele\/614519.0\/index.html\" target=\"_blank\">Kaynak : CNN T\u00dcRK<\/a><\/p>\n","protected":false},"excerpt":{"rendered":"<p style=\"text-align: justify;\">\n<p style=\"text-align: justify;\">ABD&#8217;li diplomatlara g\u00f6re Cemil \u00c7i\u00e7ek ve 30 adam\u0131, Ordu ile ortak hareket ederek Ba\u015fbakan Recep Tayyip Erdo\u011fan\u2019\u0131 iyice yaln\u0131zla\u015ft\u0131rmaya \u00e7al\u0131\u015f\u0131yor.<\/p>\n<p style=\"text-align: justify;\">Taraf gazetesinin Wikileaks belgelerine dayand\u0131rarak yay\u0131mlad\u0131\u011f\u0131 haber \u015f\u00f6yle:<\/p>\n<p style=\"text-align: justify;\">1981\u2019de Yale \u00dcniversitesi\u2019nde Amerikan Siyasi Tarihi \u00fczerine doktoras\u0131n\u0131 tamamlad\u0131\u011f\u0131nda hen\u00fcz 30 ya\u015f\u0131nda olan Eric Edelman, 1992\u2019de nispeten ge\u00e7 <\/p>\n","protected":false},"author":1,"featured_media":0,"comment_status":"open","ping_status":"closed","sticky":false,"template":"","format":"standard","meta":{"footnotes":""},"categories":[105],"tags":[],"class_list":["post-31065","post","type-post","status-publish","format-standard","hentry","category-gundem","odd"],"_links":{"self":[{"href":"http:\/\/www.korhanyilmaz.com\/index.php?rest_route=\/wp\/v2\/posts\/31065","targetHints":{"allow":["GET"]}}],"collection":[{"href":"http:\/\/www.korhanyilmaz.com\/index.php?rest_route=\/wp\/v2\/posts"}],"about":[{"href":"http:\/\/www.korhanyilmaz.com\/index.php?rest_route=\/wp\/v2\/types\/post"}],"author":[{"embeddable":true,"href":"http:\/\/www.korhanyilmaz.com\/index.php?rest_route=\/wp\/v2\/users\/1"}],"replies":[{"embeddable":true,"href":"http:\/\/www.korhanyilmaz.com\/index.php?rest_route=%2Fwp%2Fv2%2Fcomments&post=31065"}],"version-history":[{"count":0,"href":"http:\/\/www.korhanyilmaz.com\/index.php?rest_route=\/wp\/v2\/posts\/31065\/revisions"}],"wp:attachment":[{"href":"http:\/\/www.korhanyilmaz.com\/index.php?rest_route=%2Fwp%2Fv2%2Fmedia&parent=31065"}],"wp:term":[{"taxonomy":"category","embeddable":true,"href":"http:\/\/www.korhanyilmaz.com\/index.php?rest_route=%2Fwp%2Fv2%2Fcategories&post=31065"},{"taxonomy":"post_tag","embeddable":true,"href":"http:\/\/www.korhanyilmaz.com\/index.php?rest_route=%2Fwp%2Fv2%2Ftags&post=31065"}],"curies":[{"name":"wp","href":"https:\/\/api.w.org\/{rel}","templated":true}]}}