{"id":31056,"date":"2011-04-25T07:25:57","date_gmt":"2011-04-25T04:25:57","guid":{"rendered":"http:\/\/www.korhanyilmaz.com\/?p=31056"},"modified":"2011-04-25T07:25:57","modified_gmt":"2011-04-25T04:25:57","slug":"tarihi-afta-basvuru-suresi-uzuyor","status":"publish","type":"post","link":"http:\/\/www.korhanyilmaz.com\/?p=31056","title":{"rendered":"Tarihi afta ba\u015fvuru s\u00fcresi uzuyor"},"content":{"rendered":"<p style=\"text-align: justify;\"><a href=\"http:\/\/www.korhanyilmaz.com\/wp-content\/uploads\/2011\/04\/021.jpg\"  class=\"lightview\"><img loading=\"lazy\" decoding=\"async\" class=\"aligncenter size-full wp-image-31057\" title=\"\" src=\"http:\/\/www.korhanyilmaz.com\/wp-content\/uploads\/2011\/04\/021.jpg\" alt=\"\" width=\"298\" height=\"189\" \/><\/a><\/p>\n<p style=\"text-align: justify;\">H\u00fck\u00fcmet, tarihin en b\u00fcy\u00fck bor\u00e7 aff\u0131nda ba\u015fvuru s\u00fcresini bir ay uzatacak. B\u00f6ylece son ba\u015fvuru s\u00fcresi 2 Haziran olacak.<\/p>\n<p style=\"text-align: justify;\">\u0130STANBUL &#8211; Vergi ve sigorta prim bor\u00e7lar\u0131 ba\u015fta olmak \u00fczere yakla\u015f\u0131k 300 kalemde kamu kurumlar\u0131n\u0131n alacaklar\u0131n\u0131 kapsayan tarihin en b\u00fcy\u00fck bor\u00e7 aff\u0131nda ba\u015fvuru s\u00fcresi 2 May\u0131s&#8217;ta doluyor. <!--more--><\/p>\n<p style=\"text-align: justify;\">Ancak h\u00e2l\u00e2 vergi daireleri ve Sosyal G\u00fcvenlik Kurumu (SGK) il m\u00fcd\u00fcrl\u00fcklerinde yo\u011funluk ya\u015fan\u0131yor. Kamu kurumlar\u0131 hafta sonu da mesai yaparak ba\u015fvurulara cevap vermeye \u00e7al\u0131\u015f\u0131yor. H\u00fck\u00fcmet, bu durumu dikkate alarak ba\u015fvuru s\u00fcresini bir ay uzatacak. B\u00f6ylece son ba\u015fvuru s\u00fcresi 2 Haziran&#8217;a kadar uzayacak. Ba\u015fvurular\u0131 olumsuz etkilememesi i\u00e7in ertelemeye ili\u015fkin duyuru ise s\u00fcre bitimine bir ya da iki g\u00fcn kala yap\u0131lacak.<\/p>\n<p style=\"text-align: justify;\">Ancak h\u00fck\u00fcmet, s\u00fcre uzat\u0131m\u0131n\u0131n s\u00fcren ba\u015fvurular\u0131 olumsuz etkileyece\u011fini de\u011ferlendirerek bu karar\u0131 ay sonuna kadar duyurmayacak. Ertelemeye ili\u015fkin duyuru, s\u00fcre bitimine 1 ya da iki g\u00fcn kala yap\u0131lacak. Yeniden yap\u0131land\u0131rmaya ili\u015fkin s\u00fcre uzat\u0131m\u0131, ba\u015fvurular i\u00e7in ge\u00e7erli olacak. Taksit \u00f6deme s\u00fcresi uzamayacak.<\/p>\n<p style=\"text-align: justify;\">Zaman&#8217;\u0131n haberine g\u00f6re, vergi ve SGK primleri ba\u015fta olmak \u00fczere 300 kalemdeki kamu alaca\u011f\u0131n\u0131n faizlerinin silinerek enflasyon oran\u0131nda yeniden hesapland\u0131\u011f\u0131 af ba\u015fvurular\u0131 2 May\u0131s&#8217;ta sona erecek.<\/p>\n<p style=\"text-align: justify;\">Ancak torba yasa ile Bakanlar Kurulu&#8217;na ba\u015fvuru s\u00fcresini ve ilk taksit \u00f6deme s\u00fcresini bir ay uzatma yetkisi verildi. Zaman&#8217;\u0131n edindi\u011fi bilgiye g\u00f6re ya\u015fanan yo\u011funlu\u011fu dikkate alan Bakanlar Kurulu, bu yetkiyi ba\u015fvuru s\u00fcresi i\u00e7in kullanacak. Ancak ilk taksit \u00f6demesinde s\u00fcre uzamayacak. B\u00f6ylece bor\u00e7lular, 2 Haziran&#8217;a kadar ba\u015fvurabilecek.<\/p>\n<p style=\"text-align: justify;\">Yeniden yap\u0131land\u0131rma ile prim borcunun asl\u0131nda indirim yap\u0131lm\u0131yor. Ancak birikmi\u015f gecikme zamm\u0131 ve cezas\u0131 siliniyor. Bunun yerine, enflasyon oran\u0131nda faiz hesaplan\u0131yor. B\u00f6ylelikle birikmi\u015f faizlerin yakla\u015f\u0131k \u00fc\u00e7te ikisi silinecek. Buna g\u00f6re 100 bin lira faiz borcu biriken bir i\u015fveren, ana paraya ek olarak yakla\u015f\u0131k 30 bin TL \u00f6deyip borucunu kapatabilecek. Borcunu \u00f6demek isteyenler, 36 aya kadar, iki ayda bir \u00f6deme \u015fart\u0131yla vade yapabilecek. Taksitlendirilen alacaklar\u0131n toplam\u0131na ise y\u0131ll\u0131k y\u00fczde 5 faiz uygulanacak. Yap\u0131land\u0131rmada taksitlerin zaman\u0131nda \u00f6denmesi gerekiyor. \u0130kiden fazla taksitin \u00f6denmesi aksat\u0131l\u0131rsa yap\u0131land\u0131rma bozulacak. \u0130steyenler bor\u00e7lar\u0131n\u0131 kredi kart\u0131 ile de \u00f6deyebilecek.<\/p>\n<p style=\"text-align: justify;\"><a href=\"http:\/\/www.ntvmsnbc.com\/id\/25206185\/\" target=\"_blank\">Kaynak : NTVMSNBC<\/a><\/p>\n","protected":false},"excerpt":{"rendered":"<p style=\"text-align: justify;\">\n<p style=\"text-align: justify;\">H\u00fck\u00fcmet, tarihin en b\u00fcy\u00fck bor\u00e7 aff\u0131nda ba\u015fvuru s\u00fcresini bir ay uzatacak. B\u00f6ylece son ba\u015fvuru s\u00fcresi 2 Haziran olacak.<\/p>\n<p style=\"text-align: justify;\">\u0130STANBUL &#8211; Vergi ve sigorta prim bor\u00e7lar\u0131 ba\u015fta olmak \u00fczere yakla\u015f\u0131k 300 kalemde kamu kurumlar\u0131n\u0131n alacaklar\u0131n\u0131 kapsayan tarihin en b\u00fcy\u00fck bor\u00e7 aff\u0131nda ba\u015fvuru s\u00fcresi 2 May\u0131s&#8217;ta doluyor. <\/p>\n","protected":false},"author":1,"featured_media":0,"comment_status":"open","ping_status":"closed","sticky":false,"template":"","format":"standard","meta":{"footnotes":""},"categories":[7],"tags":[],"class_list":["post-31056","post","type-post","status-publish","format-standard","hentry","category-ekonomi","odd"],"_links":{"self":[{"href":"http:\/\/www.korhanyilmaz.com\/index.php?rest_route=\/wp\/v2\/posts\/31056","targetHints":{"allow":["GET"]}}],"collection":[{"href":"http:\/\/www.korhanyilmaz.com\/index.php?rest_route=\/wp\/v2\/posts"}],"about":[{"href":"http:\/\/www.korhanyilmaz.com\/index.php?rest_route=\/wp\/v2\/types\/post"}],"author":[{"embeddable":true,"href":"http:\/\/www.korhanyilmaz.com\/index.php?rest_route=\/wp\/v2\/users\/1"}],"replies":[{"embeddable":true,"href":"http:\/\/www.korhanyilmaz.com\/index.php?rest_route=%2Fwp%2Fv2%2Fcomments&post=31056"}],"version-history":[{"count":0,"href":"http:\/\/www.korhanyilmaz.com\/index.php?rest_route=\/wp\/v2\/posts\/31056\/revisions"}],"wp:attachment":[{"href":"http:\/\/www.korhanyilmaz.com\/index.php?rest_route=%2Fwp%2Fv2%2Fmedia&parent=31056"}],"wp:term":[{"taxonomy":"category","embeddable":true,"href":"http:\/\/www.korhanyilmaz.com\/index.php?rest_route=%2Fwp%2Fv2%2Fcategories&post=31056"},{"taxonomy":"post_tag","embeddable":true,"href":"http:\/\/www.korhanyilmaz.com\/index.php?rest_route=%2Fwp%2Fv2%2Ftags&post=31056"}],"curies":[{"name":"wp","href":"https:\/\/api.w.org\/{rel}","templated":true}]}}