{"id":31039,"date":"2011-04-25T19:58:37","date_gmt":"2011-04-25T16:58:37","guid":{"rendered":"http:\/\/www.korhanyilmaz.com\/?p=31039"},"modified":"2011-04-25T19:58:37","modified_gmt":"2011-04-25T16:58:37","slug":"ygsnin-sifresini-cozenlere-tehdit","status":"publish","type":"post","link":"http:\/\/www.korhanyilmaz.com\/?p=31039","title":{"rendered":"YGS&#8217;nin \u015fifresini \u00e7\u00f6zenlere tehdit"},"content":{"rendered":"<p style=\"text-align: justify;\"><a href=\"http:\/\/www.korhanyilmaz.com\/wp-content\/uploads\/2011\/04\/017.jpg\"  class=\"lightview\"><img loading=\"lazy\" decoding=\"async\" class=\"aligncenter size-full wp-image-31041\" title=\"\" src=\"http:\/\/www.korhanyilmaz.com\/wp-content\/uploads\/2011\/04\/017.jpg\" alt=\"\" width=\"278\" height=\"201\" \/><\/a><\/p>\n<p style=\"text-align: justify;\">Dershaneci Fahri Aky\u00fcz ile birlikte YGS&#8217;deki \u015fifre skandal\u0131n\u0131 ortaya \u00e7\u0131karan avukat Ayla Varan, bu olay nedeniyle tehdit ald\u0131klar\u0131n\u0131 a\u00e7\u0131klad\u0131.<\/p>\n<p style=\"text-align: justify;\">Artvin &#8211; YGS&#8217;deki \u015fifre skandal\u0131n\u0131n ortaya \u00e7\u0131kmas\u0131n\u0131n ard\u0131ndan iki ki\u015finin imzas\u0131 vard\u0131; dershaneci Fahri Aky\u00fcz ve avukat Ayla Varan. <!--more--><\/p>\n<p style=\"text-align: justify;\">Varan ve e\u015fi Artvin Baro Ba\u015fkan\u0131 \u0130zzet Varan, skandal\u0131n ortaya \u00e7\u0131kmas\u0131n\u0131n ard\u0131ndan \u00e7ok say\u0131da tehdit telefonu geldi\u011fini a\u00e7\u0131klad\u0131lar.<\/p>\n<p style=\"text-align: justify;\">Telefondakilerin, &#8220;Bu i\u015fle u\u011fra\u015fmay\u0131n, sonunuz iyi olmayacak&#8230;&#8221; dedi\u011fini belirten Ayla Varan, bu tehditleri ciddiye almad\u0131klar\u0131n\u0131 da belirtti.<\/p>\n<p style=\"text-align: justify;\">YGS&#8217;deki \u015fifre skandal\u0131n\u0131n ortaya \u00e7\u0131kmas\u0131n\u0131 sa\u011flayan dershaneci Fahri Aky\u00fcz ile avukat Ayla Varan ve Varan&#8217;\u0131n e\u015fi Artin Baro Ba\u015fkan\u0131 \u0130zzet Varan&#8217;dan a\u00e7\u0131klamalar geldi.<\/p>\n<p style=\"text-align: justify;\"><strong>&#8220;TEHD\u0130T TELEFONLARI GELD\u0130&#8221;<\/strong><\/p>\n<p style=\"text-align: justify;\">Ayla Varan, olay\u0131n g\u00fcndeme gelmesinin ard\u0131ndan telefonla tehditler ald\u0131\u011f\u0131n\u0131 belirterek, &#8220;Olay ortaya \u00e7\u0131k\u0131nca telefonla arayan baz\u0131 ki\u015filer k\u00fcf\u00fcrler savurdu, bu i\u015fle u\u011fra\u015fmamam\u0131z\u0131 istedi, sonumuzun iyi olmayaca\u011f\u0131n\u0131 s\u00f6yledi. Bu tehditler bir s\u00fcre s\u00fcrd\u00fc. Ancak ben ve e\u015fim bu tehditleri ciddiye almad\u0131k. Bu konuda Cumhuriyet Savc\u0131l\u0131\u011f\u0131&#8217;na su\u00e7 duyurusunda bulunmaya da gerek g\u00f6rmedik. Sonra bu telefonlar\u0131 kesildi&#8221; dedi.<\/p>\n<p style=\"text-align: justify;\"><strong>&#8220;TEHD\u0130TLER K\u0130MSEY\u0130 YILDIRMAZ&#8221;<\/strong><\/p>\n<p style=\"text-align: justify;\">Gazetecilerin sorular\u0131 \u00fczerine \u0130zzet Varan da, \u015fifre olay\u0131n\u0131n ortaya \u00e7\u0131kmas\u0131n\u0131n ard\u0131ndan kendisi ve e\u015finin \u00e7ok ciddi tehditler ald\u0131\u011f\u0131n\u0131 belirterek, &#8220;Tehditler al\u0131yoruz. Ama \u00f6nemli olan do\u011frunun ortaya \u00e7\u0131kmas\u0131d\u0131r. Bu tehditler kimseyi y\u0131ld\u0131rmaz&#8230;<\/p>\n<p style=\"text-align: justify;\">Bir siyasi partinin genel ba\u015fkan\u0131 10 binlerce militan\u0131 soka\u011fa d\u00f6kece\u011fini s\u00f6yleyebilir. Bir ba\u015fka siyasi partinin genel ba\u015fkan\u0131 Bozkurtlar\u0131 soka\u011fa d\u00f6kece\u011fini s\u00f6yleyebilir. \u00d6nemli olan halk soka\u011fa inmesin. Halk soka\u011fa indi\u011fi zaman ne onlar\u0131n militanlar\u0131 kal\u0131r, ne de birilerinin yanda\u015flar\u0131. Halk soka\u011fa indi\u011fi zaman ki inmeye ba\u015flam\u0131\u015ft\u0131r, esas korkmalar\u0131 gereken onlard\u0131r&#8221; \u015feklinde konu\u015ftu.<\/p>\n<p style=\"text-align: justify;\"><strong>NASIL ORTAYA \u00c7IKTI?<\/strong><\/p>\n<p style=\"text-align: justify;\">Ayla Varan, \u015fifre olay\u0131n\u0131 nas\u0131l \u00e7\u00f6zd\u00fckleriyle ilgili, ald\u0131\u011f\u0131 duyum ard\u0131ndan sorular\u0131 inceledi\u011fini belirtirken, Artvin S\u0131nav Dershanesi kurucular\u0131ndan Fahri Aky\u00fcz de, bir velinin ba\u015fvurusu \u00fczerine sorularda yapt\u0131klar\u0131 incelemede \u015fifreleme form\u00fcl\u00fcn\u00fc tespit ettiklerini dile getirdi.<\/p>\n<p style=\"text-align: justify;\"><a href=\"http:\/\/www.ntvmsnbc.com\/id\/25206544\/\" target=\"_blank\">Kaynak : NTVMSNBC<\/a><\/p>\n","protected":false},"excerpt":{"rendered":"<p style=\"text-align: justify;\">\n<p style=\"text-align: justify;\">Dershaneci Fahri Aky\u00fcz ile birlikte YGS&#8217;deki \u015fifre skandal\u0131n\u0131 ortaya \u00e7\u0131karan avukat Ayla Varan, bu olay nedeniyle tehdit ald\u0131klar\u0131n\u0131 a\u00e7\u0131klad\u0131.<\/p>\n<p style=\"text-align: justify;\">Artvin &#8211; YGS&#8217;deki \u015fifre skandal\u0131n\u0131n ortaya \u00e7\u0131kmas\u0131n\u0131n ard\u0131ndan iki ki\u015finin imzas\u0131 vard\u0131; dershaneci Fahri Aky\u00fcz ve avukat Ayla Varan. <\/p>\n","protected":false},"author":1,"featured_media":0,"comment_status":"open","ping_status":"closed","sticky":false,"template":"","format":"standard","meta":{"footnotes":""},"categories":[105],"tags":[],"class_list":["post-31039","post","type-post","status-publish","format-standard","hentry","category-gundem","odd"],"_links":{"self":[{"href":"http:\/\/www.korhanyilmaz.com\/index.php?rest_route=\/wp\/v2\/posts\/31039","targetHints":{"allow":["GET"]}}],"collection":[{"href":"http:\/\/www.korhanyilmaz.com\/index.php?rest_route=\/wp\/v2\/posts"}],"about":[{"href":"http:\/\/www.korhanyilmaz.com\/index.php?rest_route=\/wp\/v2\/types\/post"}],"author":[{"embeddable":true,"href":"http:\/\/www.korhanyilmaz.com\/index.php?rest_route=\/wp\/v2\/users\/1"}],"replies":[{"embeddable":true,"href":"http:\/\/www.korhanyilmaz.com\/index.php?rest_route=%2Fwp%2Fv2%2Fcomments&post=31039"}],"version-history":[{"count":0,"href":"http:\/\/www.korhanyilmaz.com\/index.php?rest_route=\/wp\/v2\/posts\/31039\/revisions"}],"wp:attachment":[{"href":"http:\/\/www.korhanyilmaz.com\/index.php?rest_route=%2Fwp%2Fv2%2Fmedia&parent=31039"}],"wp:term":[{"taxonomy":"category","embeddable":true,"href":"http:\/\/www.korhanyilmaz.com\/index.php?rest_route=%2Fwp%2Fv2%2Fcategories&post=31039"},{"taxonomy":"post_tag","embeddable":true,"href":"http:\/\/www.korhanyilmaz.com\/index.php?rest_route=%2Fwp%2Fv2%2Ftags&post=31039"}],"curies":[{"name":"wp","href":"https:\/\/api.w.org\/{rel}","templated":true}]}}