{"id":31036,"date":"2011-04-26T08:15:45","date_gmt":"2011-04-26T05:15:45","guid":{"rendered":"http:\/\/www.korhanyilmaz.com\/?p=31036"},"modified":"2011-04-26T08:15:45","modified_gmt":"2011-04-26T05:15:45","slug":"anayasa-mahkemesinden-chpye-surpriz","status":"publish","type":"post","link":"http:\/\/www.korhanyilmaz.com\/?p=31036","title":{"rendered":"Anayasa Mahkemesi&#8217;nden CHP&#8217;ye s\u00fcrpriz"},"content":{"rendered":"<p style=\"text-align: center;\"><a href=\"http:\/\/www.korhanyilmaz.com\/wp-content\/uploads\/2011\/04\/016.jpg\"  class=\"lightview\"><img loading=\"lazy\" decoding=\"async\" class=\"aligncenter size-full wp-image-31037\" src=\"http:\/\/www.korhanyilmaz.com\/wp-content\/uploads\/2011\/04\/016.jpg\" alt=\"\" width=\"350\" height=\"244\" \/><\/a><\/p>\n<p style=\"text-align: justify;\">Anayasa Mahkemesi\u2019nin 49. Kurulu\u015f Y\u0131ld\u00f6n\u00fcm\u00fc nedeniyle d\u00fczenlenen t\u00f6rene CHP Genel Ba\u015fkan\u0131 Kemal K\u0131l\u0131\u00e7daro\u011flu\u2019nun davet edilmedi\u011fi ortaya \u00e7\u0131kt\u0131.<\/p>\n<p style=\"text-align: justify;\">ANKARA &#8211; Anayasa Mahkemesi\u2019nin d\u00fcn d\u00fczenlenen 49. Kurulu\u015f Y\u0131ld\u00f6n\u00fcm\u00fc t\u00f6reninde sadece Cumhurba\u015fkan\u0131 Abdullah G\u00fcl\u2019le, iktidar partisinin temsilcileri yer ald\u0131. <!--more--><\/p>\n<p style=\"text-align: justify;\">Ba\u015fbakan Erdo\u011fan ve \u00e7ok say\u0131da bakan\u0131n haz\u0131r bulundu\u011fu t\u00f6rende, CHP, MHP ve BDP\u2019den kat\u0131l\u0131m olmad\u0131.<\/p>\n<p style=\"text-align: justify;\">Milliyet&#8217;in haberine g\u00f6re, eskiden bu yana etkinlikleri i\u00e7in sadece anamuhalefet partisine davetiye g\u00f6nderdi\u011fi bilinen Anayasa Mahkemesi\u2019nin bu kez de ayn\u0131 y\u00f6ntemi izledi\u011fi, MHP ve BDP\u2019ye davetiye g\u00f6ndermedi\u011fi ancak davetiye g\u00f6nderdi\u011fi CHP\u2019nin de t\u00f6rene kat\u0131lmad\u0131\u011f\u0131 yorumu yap\u0131ld\u0131.<\/p>\n<p style=\"text-align: justify;\">T\u00f6renin yap\u0131ld\u0131\u011f\u0131 saatte gazetecilerce sohbet eden Anayasa Mahkemesi yetkilileri de CHP\u2019ye davetiye g\u00f6nderdikleri bilgisini verdi.<\/p>\n<p style=\"text-align: justify;\">T\u00f6renin yap\u0131ld\u0131\u011f\u0131 saatlerde Zonguldak\u2019taki mitingte bulunan K\u0131l\u0131\u00e7daro\u011flu ise, \u201cBana davetiye gelmedi. Partiye ve TBMM\u2019deki sekreterime \u00f6zellikle sordum. Davetiye g\u00f6nderilmedi\u011fini s\u00f6ylediler\u201d dedi.<\/p>\n<p style=\"text-align: justify;\"><span style=\"text-decoration: underline;\">K\u0131l\u0131\u00e7daro\u011flu\u2019nun bu iddias\u0131, ak\u015fam saatlerinde Anayasa Mahkemesi Ba\u015fkan\u0131 Ha\u015fim K\u0131l\u0131\u00e7 taraf\u0131ndan da do\u011fruland\u0131. K\u0131l\u0131\u00e7, davetiyenin g\u00f6nderilmemesini, \u201c<strong>Yasada yeri olmad\u0131\u011f\u0131 i\u00e7in g\u00f6nderilmedi<\/strong>\u201d diye a\u00e7\u0131klad\u0131.<\/span><\/p>\n<p style=\"text-align: justify;\">Bu arada protokol listesinde anamuhalefet lideri\u00a0 4. ,\u00a0 Anayasa Mahkemesi Ba\u015fkan\u0131 6.\u00a0 s\u0131rada yer al\u0131yor.<\/p>\n<p style=\"text-align: justify;\"><a href=\"http:\/\/www.ntvmsnbc.com\/id\/25206607\/\" target=\"_blank\">Kaynak : NTVMSNBC<\/a><\/p>\n","protected":false},"excerpt":{"rendered":"<p style=\"text-align: center;\">\n<p style=\"text-align: justify;\">Anayasa Mahkemesi\u2019nin 49. Kurulu\u015f Y\u0131ld\u00f6n\u00fcm\u00fc nedeniyle d\u00fczenlenen t\u00f6rene CHP Genel Ba\u015fkan\u0131 Kemal K\u0131l\u0131\u00e7daro\u011flu\u2019nun davet edilmedi\u011fi ortaya \u00e7\u0131kt\u0131.<\/p>\n<p style=\"text-align: justify;\">ANKARA &#8211; Anayasa Mahkemesi\u2019nin d\u00fcn d\u00fczenlenen 49. Kurulu\u015f Y\u0131ld\u00f6n\u00fcm\u00fc t\u00f6reninde sadece Cumhurba\u015fkan\u0131 Abdullah G\u00fcl\u2019le, iktidar partisinin temsilcileri yer ald\u0131. <\/p>\n","protected":false},"author":1,"featured_media":0,"comment_status":"open","ping_status":"closed","sticky":false,"template":"","format":"standard","meta":{"footnotes":""},"categories":[105],"tags":[],"class_list":["post-31036","post","type-post","status-publish","format-standard","hentry","category-gundem","odd"],"_links":{"self":[{"href":"http:\/\/www.korhanyilmaz.com\/index.php?rest_route=\/wp\/v2\/posts\/31036","targetHints":{"allow":["GET"]}}],"collection":[{"href":"http:\/\/www.korhanyilmaz.com\/index.php?rest_route=\/wp\/v2\/posts"}],"about":[{"href":"http:\/\/www.korhanyilmaz.com\/index.php?rest_route=\/wp\/v2\/types\/post"}],"author":[{"embeddable":true,"href":"http:\/\/www.korhanyilmaz.com\/index.php?rest_route=\/wp\/v2\/users\/1"}],"replies":[{"embeddable":true,"href":"http:\/\/www.korhanyilmaz.com\/index.php?rest_route=%2Fwp%2Fv2%2Fcomments&post=31036"}],"version-history":[{"count":0,"href":"http:\/\/www.korhanyilmaz.com\/index.php?rest_route=\/wp\/v2\/posts\/31036\/revisions"}],"wp:attachment":[{"href":"http:\/\/www.korhanyilmaz.com\/index.php?rest_route=%2Fwp%2Fv2%2Fmedia&parent=31036"}],"wp:term":[{"taxonomy":"category","embeddable":true,"href":"http:\/\/www.korhanyilmaz.com\/index.php?rest_route=%2Fwp%2Fv2%2Fcategories&post=31036"},{"taxonomy":"post_tag","embeddable":true,"href":"http:\/\/www.korhanyilmaz.com\/index.php?rest_route=%2Fwp%2Fv2%2Ftags&post=31036"}],"curies":[{"name":"wp","href":"https:\/\/api.w.org\/{rel}","templated":true}]}}