{"id":31032,"date":"2011-04-26T09:00:53","date_gmt":"2011-04-26T06:00:53","guid":{"rendered":"http:\/\/www.korhanyilmaz.com\/?p=31032"},"modified":"2011-04-26T09:00:53","modified_gmt":"2011-04-26T06:00:53","slug":"kaymakamdan-ak-partili-milletvekili-adaylarina-nazar-boncugu","status":"publish","type":"post","link":"http:\/\/www.korhanyilmaz.com\/?p=31032","title":{"rendered":"Kaymakamdan AK Partili milletvekili adaylar\u0131na nazar boncu\u011fu"},"content":{"rendered":"<p style=\"text-align: center;\"><a href=\"http:\/\/www.korhanyilmaz.com\/wp-content\/uploads\/2011\/04\/015.jpg\"  class=\"lightview\"><img loading=\"lazy\" decoding=\"async\" class=\"aligncenter size-full wp-image-31033\" src=\"http:\/\/www.korhanyilmaz.com\/wp-content\/uploads\/2011\/04\/015.jpg\" alt=\"\" width=\"390\" height=\"224\" \/><\/a><\/p>\n<p style=\"text-align: justify;\">SAKARYA\u2019n\u0131n Hendek \u0130l\u00e7esi Kaymakam\u0131 Mustafa Ayd\u0131n, 12 Haziran\u2019da yap\u0131lacak olan genel se\u00e7imler i\u00e7in \u00e7al\u0131\u015fma yapmak amac\u0131yla il\u00e7eye gelen ve 3\u2019\u00fc h\u00e2l\u00e2 milletvekili olan AK Partili adaylara nazar boncu\u011fu takt\u0131. <!--more--><\/p>\n<p style=\"text-align: justify;\">Ak Parti Sakarya Milletvekili adaylar\u0131, Hendek \u0130l\u00e7esi\u2019ndeki tan\u0131t\u0131m program\u0131n\u0131n ard\u0131ndan, partinin il ve il\u00e7e te\u015fkilat\u0131 y\u00f6neticileri ile birlikte Hendek Belediye Ba\u015fkan\u0131 Ali \u0130nci\u2019yi ziyaret etti. Aralar\u0131nda halen milletvekili olan Hasan Ali \u00c7elik, Ayhan Sefer \u00dcst\u00fcn ve \u015eaban Di\u015fli\u2019nin de bulundu\u011fu 7 AK Partili aday, Hendek Kaymakam\u0131 Mustafa Ayhan\u2019la da makam\u0131nda bir araya geldi.<\/p>\n<p style=\"text-align: justify;\"><strong>Adaylara s\u00fcrpriz<\/strong><\/p>\n<p style=\"text-align: justify;\">Kaymakam Mustafa Ayhan ziyaretten duydu\u011fu memnuniyeti dile getirirken, g\u00f6r\u00fc\u015fmenin sonunda ayr\u0131lmak \u00fczere kalkan adaylara s\u00fcrpriz yapt\u0131. Kaymakam Ayhan, \u201cUygun g\u00f6r\u00fcrseniz nazar boncu\u011fu takmak istiyorum\u201d diyerek, halen milletvekilli\u011fi devam eden adaylar Hasan Ali \u00c7elik, Ayhan Sefer \u00dcst\u00fcn ve \u015eaban Di\u015fli\u2019ye birer nazar boncu\u011fu takt\u0131. Di\u011fer adaylar\u0131n nazar boncuklar\u0131n\u0131 ise ziyarete adaylarla birlikte gelen AK Partili Belediye Ba\u015fkan\u0131 Ali \u0130nci ve Ak Parti Hendek \u0130l\u00e7e Ba\u015fkan\u0131 \u015eenay Sakal takt\u0131.<\/p>\n<p style=\"text-align: justify;\"><strong>\u00d6l\u00e7\u00fcy\u00fc ka\u00e7\u0131rd\u0131<\/strong><\/p>\n<p style=\"text-align: justify;\">HENDEK Kaymakam\u0131 Mustafa Ayd\u0131n\u2019\u0131n AK Partili adaylara nazar boncu\u011fu takmas\u0131, muhalefet partilerinin tepkilerine yol a\u00e7t\u0131. Konuya ili\u015fkin konu\u015fan MHP Sakarya \u0130l Ba\u015fkan\u0131 Orhan \u00dcnver, \u201cKaymakam bey \u00f6l\u00e7\u00fcy\u00fc ka\u00e7\u0131rd\u0131\u201d yorumunda bulundu. \u201cBu, devletin kaymakam\u0131 m\u0131, il\u00e7e ba\u015fkan\u0131 m\u0131?\u2019 diye soran Orhan \u00dcnver, \u015f\u00f6yle devam etti: \u201cBu konuda da devleti g\u00f6reve davet ediyorum. Devletin ilgili birimlerini de g\u00f6reve davet ediyorum. Ak Parti iktidar\u0131nda hi\u00e7bir \u015feyin \u00f6l\u00e7\u00fcs\u00fcn\u00fcn kalmad\u0131\u011f\u0131n\u0131n da ispat\u0131d\u0131r. \u0130n\u015fallah bu zul\u00fcm iktidar\u0131 12 Haziran\u2019da sona erecek.\u201d<\/p>\n<p style=\"text-align: justify;\">CHP Sakarya \u0130l Ba\u015fkan\u0131 Ya\u015far Erdem de, kamu g\u00f6revlilerinin g\u00f6revlerinin halk\u0131n sorunlar\u0131 ile ilgilenmek oldu\u011funu belirterek, \u201cKaymakam\u0131n g\u00f6revi iktidar partisi milletvekillerine nazar boncu\u011fu takmak de\u011fildir. Herhalde kamu g\u00f6revlisi olduklar\u0131n\u0131 unutuyorlar\u201d dedi. Hendek Kaymakam\u0131 Mustafa Ayhan, 2 y\u0131ld\u0131r il\u00e7ede g\u00f6rev yap\u0131yor.<\/p>\n<p style=\"text-align: justify;\"><a href=\"http:\/\/www.hurriyet.com.tr\/gundem\/17636862.asp?gid=381\" target=\"_blank\">Kaynak : H\u00fcrriyet Gazetesi<\/a><\/p>\n","protected":false},"excerpt":{"rendered":"<p style=\"text-align: center;\">\n<p style=\"text-align: justify;\">SAKARYA\u2019n\u0131n Hendek \u0130l\u00e7esi Kaymakam\u0131 Mustafa Ayd\u0131n, 12 Haziran\u2019da yap\u0131lacak olan genel se\u00e7imler i\u00e7in \u00e7al\u0131\u015fma yapmak amac\u0131yla il\u00e7eye gelen ve 3\u2019\u00fc h\u00e2l\u00e2 milletvekili olan AK Partili adaylara nazar boncu\u011fu takt\u0131. <\/p>\n","protected":false},"author":1,"featured_media":0,"comment_status":"open","ping_status":"closed","sticky":false,"template":"","format":"standard","meta":{"footnotes":""},"categories":[105],"tags":[],"class_list":["post-31032","post","type-post","status-publish","format-standard","hentry","category-gundem","odd"],"_links":{"self":[{"href":"http:\/\/www.korhanyilmaz.com\/index.php?rest_route=\/wp\/v2\/posts\/31032","targetHints":{"allow":["GET"]}}],"collection":[{"href":"http:\/\/www.korhanyilmaz.com\/index.php?rest_route=\/wp\/v2\/posts"}],"about":[{"href":"http:\/\/www.korhanyilmaz.com\/index.php?rest_route=\/wp\/v2\/types\/post"}],"author":[{"embeddable":true,"href":"http:\/\/www.korhanyilmaz.com\/index.php?rest_route=\/wp\/v2\/users\/1"}],"replies":[{"embeddable":true,"href":"http:\/\/www.korhanyilmaz.com\/index.php?rest_route=%2Fwp%2Fv2%2Fcomments&post=31032"}],"version-history":[{"count":0,"href":"http:\/\/www.korhanyilmaz.com\/index.php?rest_route=\/wp\/v2\/posts\/31032\/revisions"}],"wp:attachment":[{"href":"http:\/\/www.korhanyilmaz.com\/index.php?rest_route=%2Fwp%2Fv2%2Fmedia&parent=31032"}],"wp:term":[{"taxonomy":"category","embeddable":true,"href":"http:\/\/www.korhanyilmaz.com\/index.php?rest_route=%2Fwp%2Fv2%2Fcategories&post=31032"},{"taxonomy":"post_tag","embeddable":true,"href":"http:\/\/www.korhanyilmaz.com\/index.php?rest_route=%2Fwp%2Fv2%2Ftags&post=31032"}],"curies":[{"name":"wp","href":"https:\/\/api.w.org\/{rel}","templated":true}]}}