{"id":31028,"date":"2011-04-26T08:54:00","date_gmt":"2011-04-26T05:54:00","guid":{"rendered":"http:\/\/www.korhanyilmaz.com\/?p=31028"},"modified":"2011-04-26T08:54:00","modified_gmt":"2011-04-26T05:54:00","slug":"yikima-ab%e2%80%99den-tepki","status":"publish","type":"post","link":"http:\/\/www.korhanyilmaz.com\/?p=31028","title":{"rendered":"Y\u0131k\u0131ma AB\u2019den tepki"},"content":{"rendered":"<p style=\"text-align: justify;\"><a href=\"http:\/\/www.korhanyilmaz.com\/wp-content\/uploads\/2011\/04\/014.jpg\"  class=\"lightview\"><img loading=\"lazy\" decoding=\"async\" class=\"size-full wp-image-31029 aligncenter\" src=\"http:\/\/www.korhanyilmaz.com\/wp-content\/uploads\/2011\/04\/014.jpg\" alt=\"\" width=\"342\" height=\"192\" \/><\/a><\/p>\n<p style=\"text-align: justify;\">Kars\u2019taki \u2018\u0130nsanl\u0131k An\u0131t\u0131\u2019n\u0131n y\u0131k\u0131m\u0131na ba\u015flanmas\u0131, Avrupa Birli\u011fi\u2019nde tepkiyle kar\u015f\u0131land\u0131.<\/p>\n<p style=\"text-align: justify;\">T\u00fcrkiye-AB Karma Parlamento Komisyonu E\u015fba\u015fkan\u0131 Helene Flautre y\u0131k\u0131m\u0131, \u2018sanata sans\u00fcr\u2019 olarak adland\u0131rd\u0131 ve \u015fu a\u00e7\u0131klamay\u0131 yapt\u0131: \u201cYap\u0131m s\u00fcrecinde olan bir an\u0131t\u0131n y\u0131k\u0131lmas\u0131, sanat eserlerine y\u00f6nelik a\u00e7\u0131k bir sans\u00fcrd\u00fcr ve bu geli\u015fmeyi kayg\u0131 verici buluyorum. Bu eserin ayn\u0131 zamanda T\u00fcrkler ve Ermenilerle karde\u015flik ve e\u015fitlik projesi olmas\u0131, y\u0131k\u0131m karar\u0131yla bu mesaj\u0131n da ortadan kald\u0131r\u0131lmas\u0131 anlam\u0131na geliyor.\u201d <!--more--><\/p>\n<p style=\"text-align: justify;\"><strong>Bakan G\u00fcnay devreye girdi\u00a0<\/strong><\/p>\n<p style=\"text-align: justify;\">HEYKELTIRA\u015e Mehmet Aksoy\u2019un avukat\u0131 Turgut Kazan\u2019\u0131n, Kars\u2019taki \u0130nsanl\u0131k An\u0131t\u0131\u2019n\u0131n y\u0131k\u0131m\u0131na be\u015f kala K\u00fclt\u00fcr ve Turizm Bakan\u0131 Ertu\u011frul G\u00fcnay\u2019a yapt\u0131\u011f\u0131 \u00e7a\u011fr\u0131 ayn\u0131 g\u00fcn yan\u0131t buldu. G\u00fcnay, \u00f6nce Kazan\u2019\u0131 arad\u0131, ard\u0131ndan Erzurum B\u00f6lge Koruma Kurulu\u2019nu devreye sokarak y\u0131k\u0131m\u0131n, kurulca de\u011ferlendirilinceye kadar durdurulmas\u0131n\u0131 istedi. Kazan ge\u00e7en hafta Bakan Ertu\u011frul G\u00fcnay\u2019a bir dilek\u00e7e vererek 12 Eyl\u00fcl darbesinden sonra a\u00e7\u0131lan Bar\u0131\u015f Derne\u011fi davas\u0131nda birlikte yarg\u0131land\u0131klar\u0131n\u0131 hat\u0131rlatm\u0131\u015ft\u0131.<\/p>\n<p style=\"text-align: justify;\"><strong>Dan\u0131\u015ftaya ba\u015fvuracak<\/strong><\/p>\n<p style=\"text-align: justify;\">Turgut Kazan, \u201cSonu\u00e7 olarak, ba\u015flat\u0131lan y\u0131k\u0131m faaliyeti, Koruma Y\u00fcksek Kurulu ve Erzurum Koruma B\u00f6lge Kurulu kararlar\u0131na a\u00e7\u0131k\u00e7a ayk\u0131r\u0131d\u0131r. B\u00f6lge Koruma Kurulu\u2019nun a\u00e7\u0131k uyar\u0131s\u0131na ra\u011fmen, y\u0131k\u0131m\u0131 s\u00fcrd\u00fcrmek, Belediye Ba\u015fkan\u0131, Belediye yetkilileri ve y\u0131k\u0131m\u0131 \u00fcstlenip y\u00fcr\u00fcten ki\u015filer i\u00e7in cezai ve hukuki sorumluluk do\u011furacakt\u0131r\u201d diyor. Y\u0131k\u0131ma ba\u015flan\u0131rsa Cumhuriyet Ba\u015fsavc\u0131l\u0131\u011f\u0131\u2019na ba\u015fvurulaca\u011f\u0131 gibi, tazminat davas\u0131 a\u00e7\u0131lacak. Kazan, bug\u00fcn Dan\u0131\u015ftay\u2019a da ba\u015fvuracak.<\/p>\n<p><strong>R\u00fczg\u00e2r y\u0131kt\u0131rmad\u0131<\/strong><\/p>\n<p>\u0130skelenin \u00fczerine vin\u00e7le kald\u0131r\u0131lan elmas kesme makinesini haz\u0131rlayan Av\u015fin \u0130n\u015faat\u2019\u0131n i\u015f\u00e7ileri, \u015fiddetli r\u00fczgar y\u00fcz\u00fcnden \u00e7al\u0131\u015fmalara ara verdi. Belediyeden de y\u0131k\u0131m talimat\u0131 gelmedi.<\/p>\n<p style=\"text-align: justify;\"><a href=\"http:\/\/www.hurriyet.com.tr\/gundem\/17636436.asp?gid=381\" target=\"_blank\">Kaynak : H\u00fcrriyet Gazetesi<\/a><\/p>\n","protected":false},"excerpt":{"rendered":"<p style=\"text-align: justify;\">\n<p style=\"text-align: justify;\">Kars\u2019taki \u2018\u0130nsanl\u0131k An\u0131t\u0131\u2019n\u0131n y\u0131k\u0131m\u0131na ba\u015flanmas\u0131, Avrupa Birli\u011fi\u2019nde tepkiyle kar\u015f\u0131land\u0131.<\/p>\n<p style=\"text-align: justify;\">T\u00fcrkiye-AB Karma Parlamento Komisyonu E\u015fba\u015fkan\u0131 Helene Flautre y\u0131k\u0131m\u0131, \u2018sanata sans\u00fcr\u2019 olarak adland\u0131rd\u0131 ve \u015fu a\u00e7\u0131klamay\u0131 yapt\u0131: \u201cYap\u0131m s\u00fcrecinde olan bir an\u0131t\u0131n y\u0131k\u0131lmas\u0131, sanat eserlerine y\u00f6nelik a\u00e7\u0131k bir sans\u00fcrd\u00fcr ve bu geli\u015fmeyi kayg\u0131 verici buluyorum. Bu eserin ayn\u0131 zamanda T\u00fcrkler <\/p>\n","protected":false},"author":1,"featured_media":0,"comment_status":"open","ping_status":"closed","sticky":false,"template":"","format":"standard","meta":{"footnotes":""},"categories":[105],"tags":[],"class_list":["post-31028","post","type-post","status-publish","format-standard","hentry","category-gundem","odd"],"_links":{"self":[{"href":"http:\/\/www.korhanyilmaz.com\/index.php?rest_route=\/wp\/v2\/posts\/31028","targetHints":{"allow":["GET"]}}],"collection":[{"href":"http:\/\/www.korhanyilmaz.com\/index.php?rest_route=\/wp\/v2\/posts"}],"about":[{"href":"http:\/\/www.korhanyilmaz.com\/index.php?rest_route=\/wp\/v2\/types\/post"}],"author":[{"embeddable":true,"href":"http:\/\/www.korhanyilmaz.com\/index.php?rest_route=\/wp\/v2\/users\/1"}],"replies":[{"embeddable":true,"href":"http:\/\/www.korhanyilmaz.com\/index.php?rest_route=%2Fwp%2Fv2%2Fcomments&post=31028"}],"version-history":[{"count":0,"href":"http:\/\/www.korhanyilmaz.com\/index.php?rest_route=\/wp\/v2\/posts\/31028\/revisions"}],"wp:attachment":[{"href":"http:\/\/www.korhanyilmaz.com\/index.php?rest_route=%2Fwp%2Fv2%2Fmedia&parent=31028"}],"wp:term":[{"taxonomy":"category","embeddable":true,"href":"http:\/\/www.korhanyilmaz.com\/index.php?rest_route=%2Fwp%2Fv2%2Fcategories&post=31028"},{"taxonomy":"post_tag","embeddable":true,"href":"http:\/\/www.korhanyilmaz.com\/index.php?rest_route=%2Fwp%2Fv2%2Ftags&post=31028"}],"curies":[{"name":"wp","href":"https:\/\/api.w.org\/{rel}","templated":true}]}}