{"id":31016,"date":"2011-04-26T08:09:43","date_gmt":"2011-04-26T05:09:43","guid":{"rendered":"http:\/\/www.korhanyilmaz.com\/?p=31016"},"modified":"2011-04-26T08:09:43","modified_gmt":"2011-04-26T05:09:43","slug":"bozkurt-polislerin-basi-belaya-girdi","status":"publish","type":"post","link":"http:\/\/www.korhanyilmaz.com\/?p=31016","title":{"rendered":"&#8216;Bozkurt&#8217; polislerin ba\u015f\u0131 belaya girdi"},"content":{"rendered":"<p style=\"text-align: justify;\"><a href=\"http:\/\/www.korhanyilmaz.com\/wp-content\/uploads\/2011\/04\/013.jpg\"  class=\"lightview\"><img loading=\"lazy\" decoding=\"async\" class=\"aligncenter size-full wp-image-31017\" src=\"http:\/\/www.korhanyilmaz.com\/wp-content\/uploads\/2011\/04\/013.jpg\" alt=\"\" width=\"396\" height=\"207\" \/><\/a><\/p>\n<p style=\"text-align: justify;\">Sivas&#8217;ta 10 Nisan Polis G\u00fcn\u00fc etkinlikleri \u00e7er\u00e7evesinde y\u00fcr\u00fcy\u00fc\u015f yapan \u00f6zel harekat polislerinin &#8216;Bozkurtlar&#8217; slogan\u0131 atmas\u0131 soru\u015fturma konusu oldu.<\/p>\n<p style=\"text-align: justify;\">S\u0130VAS &#8211; \u0130nternet ortam\u0131nda payla\u015fan g\u00f6r\u00fcnt\u00fclerle ilgili de\u011ferlendirme yapan Vali Ali Kolat, &#8220;Polisin neyi s\u00f6yleyip s\u00f6ylemeyece\u011fi bellidir. Yersiz at\u0131lan bir slogan.&#8221; dedi. <!--more--><\/p>\n<p style=\"text-align: justify;\">10 Nisan 2011 tarihinde t\u00f6ren ge\u00e7i\u015fi yapan polislerin, t\u00f6renden d\u00f6nerken Atat\u00fcrk Caddesi \u00fczerinde kaydedilen g\u00f6r\u00fcnt\u00fcleri bug\u00fcn \u00e7e\u015fitli internet sitelerinde haber konusu oldu. Ozan Arif&#8217;in besteledi\u011fi &#8216;\u00d6lmez bu hareket, \u00f6lmez bu dava&#8217; adl\u0131 t\u00fcrk\u00fcs\u00fcn\u00fc koro halinde seslendiren polisler, &#8216; <strong>Kim bunlar<\/strong> &#8216; diye ba\u011f\u0131r\u0131larak sorulan soruya &#8216; <strong>Bozkurtlar<\/strong> &#8216; diye kar\u015f\u0131l\u0131k veriyor.<\/p>\n<p style=\"text-align: justify;\">Soru ve cevap birka\u00e7 kez tekrarlan\u0131yor. \u0130\u00e7i\u015fleri Bakanl\u0131\u011f\u0131 ve Sivas Valili\u011fi, kald\u0131r\u0131mdaki bir vatanda\u015f taraf\u0131ndan cep telefonuyla kayda al\u0131nan bu g\u00f6r\u00fcnt\u00fc internette yay\u0131nlan\u0131nca harekete ge\u00e7ti.Vali Ali Kolat, olayda art niyet olup olmad\u0131\u011f\u0131n\u0131n ara\u015ft\u0131r\u0131ld\u0131\u011f\u0131n\u0131 s\u00f6yledi. Polislerin t\u00f6renlerde neyi s\u00f6yleyip s\u00f6ylemeyece\u011finin belli oldu\u011funu ifade eden Kolat, yap\u0131lan\u0131n yersiz ve yanl\u0131\u015f oldu\u011funu dile getirdi. Kolat, &#8220;Yersiz s\u00f6ylenen bir \u015fey. Olayla ilgili soru\u015fturma a\u00e7aca\u011f\u0131z. Art niyetli olup olmad\u0131\u011f\u0131n\u0131n ortaya \u00e7\u0131kar\u0131lmas\u0131n\u0131n ard\u0131ndan gereken neyse yap\u0131lacak.&#8221; diye konu\u015ftu.<\/p>\n<p style=\"text-align: justify;\"><a href=\"http:\/\/www.gazeteport.com.tr\/GUNCEL\/NEWS\/GP_893930\" target=\"_blank\">Kaynak : GAZETEPORT<\/a><\/p>\n","protected":false},"excerpt":{"rendered":"<p style=\"text-align: justify;\">\n<p style=\"text-align: justify;\">Sivas&#8217;ta 10 Nisan Polis G\u00fcn\u00fc etkinlikleri \u00e7er\u00e7evesinde y\u00fcr\u00fcy\u00fc\u015f yapan \u00f6zel harekat polislerinin &#8216;Bozkurtlar&#8217; slogan\u0131 atmas\u0131 soru\u015fturma konusu oldu.<\/p>\n<p style=\"text-align: justify;\">S\u0130VAS &#8211; \u0130nternet ortam\u0131nda payla\u015fan g\u00f6r\u00fcnt\u00fclerle ilgili de\u011ferlendirme yapan Vali Ali Kolat, &#8220;Polisin neyi s\u00f6yleyip s\u00f6ylemeyece\u011fi bellidir. Yersiz at\u0131lan bir slogan.&#8221; dedi. <\/p>\n","protected":false},"author":1,"featured_media":0,"comment_status":"open","ping_status":"closed","sticky":false,"template":"","format":"standard","meta":{"footnotes":""},"categories":[105],"tags":[],"class_list":["post-31016","post","type-post","status-publish","format-standard","hentry","category-gundem","odd"],"_links":{"self":[{"href":"http:\/\/www.korhanyilmaz.com\/index.php?rest_route=\/wp\/v2\/posts\/31016","targetHints":{"allow":["GET"]}}],"collection":[{"href":"http:\/\/www.korhanyilmaz.com\/index.php?rest_route=\/wp\/v2\/posts"}],"about":[{"href":"http:\/\/www.korhanyilmaz.com\/index.php?rest_route=\/wp\/v2\/types\/post"}],"author":[{"embeddable":true,"href":"http:\/\/www.korhanyilmaz.com\/index.php?rest_route=\/wp\/v2\/users\/1"}],"replies":[{"embeddable":true,"href":"http:\/\/www.korhanyilmaz.com\/index.php?rest_route=%2Fwp%2Fv2%2Fcomments&post=31016"}],"version-history":[{"count":0,"href":"http:\/\/www.korhanyilmaz.com\/index.php?rest_route=\/wp\/v2\/posts\/31016\/revisions"}],"wp:attachment":[{"href":"http:\/\/www.korhanyilmaz.com\/index.php?rest_route=%2Fwp%2Fv2%2Fmedia&parent=31016"}],"wp:term":[{"taxonomy":"category","embeddable":true,"href":"http:\/\/www.korhanyilmaz.com\/index.php?rest_route=%2Fwp%2Fv2%2Fcategories&post=31016"},{"taxonomy":"post_tag","embeddable":true,"href":"http:\/\/www.korhanyilmaz.com\/index.php?rest_route=%2Fwp%2Fv2%2Ftags&post=31016"}],"curies":[{"name":"wp","href":"https:\/\/api.w.org\/{rel}","templated":true}]}}