{"id":31010,"date":"2011-04-25T17:53:42","date_gmt":"2011-04-25T14:53:42","guid":{"rendered":"http:\/\/www.korhanyilmaz.com\/?p=31010"},"modified":"2011-04-25T17:53:42","modified_gmt":"2011-04-25T14:53:42","slug":"recep-koseyi-donmus-herkesi-dondu-saniyor","status":"publish","type":"post","link":"http:\/\/www.korhanyilmaz.com\/?p=31010","title":{"rendered":"&#8221;Recep k\u00f6\u015feyi d\u00f6nm\u00fc\u015f herkesi d\u00f6nd\u00fc san\u0131yor&#8221;"},"content":{"rendered":"<p style=\"text-align: center;\"><a href=\"http:\/\/www.korhanyilmaz.com\/wp-content\/uploads\/2011\/04\/012.jpg\"  class=\"lightview\"><img loading=\"lazy\" decoding=\"async\" class=\"aligncenter size-full wp-image-31011\" src=\"http:\/\/www.korhanyilmaz.com\/wp-content\/uploads\/2011\/04\/012.jpg\" alt=\"\" width=\"334\" height=\"251\" \/><\/a><\/p>\n<p style=\"text-align: justify;\">CHP lideri Kemal K\u0131l\u0131\u00e7daro\u011flu se\u00e7im \u00f6ncesi mitinglerine Zonguldak&#8217;tan devam etti. Halk\u0131n ge\u00e7im s\u0131k\u0131nt\u0131s\u0131n\u0131 g\u00fcndeme getiren K\u0131l\u0131\u00e7daro\u011flu, &#8220;Recep bu k\u00f6\u015feyi d\u00f6nm\u00fc\u015f herkesi de k\u00f6\u015feyi d\u00f6nm\u00fc\u015f san\u0131yor&#8221; diyerek Erdo\u011fan&#8217;a y\u00fcklendi.<!--more--><\/p>\n<p style=\"text-align: justify;\">Zonguldak- CHP lideri K\u0131l\u0131\u00e7daro\u011flu, partisince Zonguldak&#8217;taki i\u015f\u00e7i an\u0131t\u0131 \u00f6n\u00fcndeki meydanda d\u00fczenlenen mitinge i\u015f\u00e7i baretiyle geldi. K\u0131l\u0131\u00e7daro\u011flu, burada yapt\u0131\u011f\u0131 konu\u015fmada alana gelenleri, &#8221;merhaba al\u0131n terinin sahipleri, kara elmas\u0131n ba\u015fkenti, eme\u011fin ba\u015fkenti&#8221; s\u00f6zleriyle selamlad\u0131.<\/p>\n<p style=\"text-align: justify;\">K\u0131l\u0131\u00e7daro\u011flu&#8217;nun konu\u015fmas\u0131ndan sat\u0131rba\u015flar\u0131:<\/p>\n<p style=\"text-align: justify;\">&#8211; Kalkt\u0131 dedi ki; Ben B\u00fcy\u00fck Ortado\u011fu Projesi&#8217;nin e\u015fba\u015fkan\u0131y\u0131m. Irak&#8217;ta binlerce kad\u0131na tecav\u00fcz edildi. Bu projenin e\u015fba\u015fkan\u0131 kimdi? \u0130nsanda biraz utanma olur. Size s\u00f6yledim s\u00f6z\u00fcm var. Bunlar\u0131n maskelerini indirece\u011fiz. Biz k\u00f6k\u00fcm\u00fczle de tarihimizle de kad\u0131n\u0131m\u0131zla da erke\u011fimizle de her zaman gurur duyar\u0131z. Biz \u00f6zg\u00fcrl\u00fc\u011f\u00fc ve demokrasiyi isteriz.<\/p>\n<p style=\"text-align: justify;\">&#8211; Bu \u00fclkede \u00e7ocuklar a\u00e7l\u0131ktan \u00f6ld\u00fc. Bunun sorumlusu kim sen de\u011fil misin? Bir gazimiz de yata\u011f\u0131nda a\u00e7l\u0131ktan \u00f6ld\u00fc.<\/p>\n<p style=\"text-align: justify;\">&#8211; Efendim dolar milyarderi say\u0131m\u0131z japonyay\u0131 ge\u00e7ti. Yolda gelirken i\u015f\u00e7iler yolumu kesti. Vallahi biz bin dolar\u0131 bulamad\u0131k dedi. Ben de Recep bu k\u00f6\u015feyi d\u00f6nm\u00fc\u015f herkesi de k\u00f6\u015feyi d\u00f6nm\u00fc\u015f san\u0131yor..<\/p>\n<p style=\"text-align: justify;\">&#8211; Aile sigortas\u0131yla anneler yanda\u015f marketlerde al\u0131p s\u0131raya dizerek veriyorsun biz \u00f6yle yapmayaca\u011f\u0131z. Senin o\u011flun valinin g\u00f6zetiminde el bebek g\u00fcl bebek askerlik yap\u0131yor da fakirin o\u011flu niye askerlik yapmas\u0131n.<\/p>\n<p style=\"text-align: justify;\">&#8211; Zonguldak 8 y\u0131lda s\u00fcrekli kaybetti. Biz ta\u015feron i\u015f\u00e7ili\u011fi de tarihe g\u00f6mece\u011fiz.<\/p>\n<p style=\"text-align: justify;\">&#8211; S\u00f6zde referandumda ikinci sendikaya \u00fcye olmay\u0131 getirdiler. Bir sendikaya \u00fcye olan\u0131 kap\u0131 \u00f6n\u00fcne koyuyorsun iki sendikaya \u00fcye olan\u0131 idam edersiniz siz. Biz bir c\u0131mb\u0131zla ta\u015feronu aradan kald\u0131rmaya karar verdik.<\/p>\n<p style=\"text-align: justify;\">&#8211; \u00d6nce askerli\u011fi 9 aya sonra 6 aya indirece\u011fiz. Askerli\u011fi orduyu yeniden ele alaca\u011f\u0131z. Daha dinamik bir ordu haline getirece\u011fiz. Hantal bir yap\u0131dan kurtaraca\u011f\u0131z orduyu. Gen\u00e7leri daha aktif kullanaca\u011f\u0131z.<\/p>\n<p style=\"text-align: justify;\">&#8211; \u00c7ocu\u011funu s\u0131nava g\u00f6nderen 1.7 milyon vatanda\u015fa sesleniyorum. Bu aileler sand\u0131\u011fa gidince bunlara bir ders versin. Bir \u00f6zg\u00fcvenimiz olsun art\u0131k. Bu memleketin bu kadar peri\u015fan edilmesine kimin hakk\u0131 var.<\/p>\n<p style=\"text-align: justify;\">&#8211; Tersanelerde 700 i\u015f\u00e7i bile \u00e7al\u0131\u015fm\u0131yor. Kimin sayesinde Recep Bey sayesinde. Bu kriz size niye i\u015flemiyor. Madem kriz vard\u0131 diyorsan\u0131z size niye u\u011fram\u0131yor.<\/p>\n<p style=\"text-align: justify;\"><strong>&#8220;R\u00fc\u015fvetin belgesi olur mu?&#8221;<\/strong><\/p>\n<p style=\"text-align: justify;\">&#8211; Kayseri&#8217;deki yolsuzlu\u011fun belgesini g\u00f6nderdim diyor ki imzas\u0131 yok. R\u00fc\u015fvetin belgesi olur mu? M\u00fcfetti\u015f g\u00f6nder diyoruz g\u00f6ndermiyor. Bu millet niye sana oy versin.<\/p>\n<p style=\"text-align: justify;\">&#8211; Onu s\u00f6yl\u00fcyorsan art\u0131n imzay\u0131 sen atm\u0131\u015fs\u0131n demektir. Size para \u00f6denmemesi T\u00fcrkiye&#8217;nin b\u00fcy\u00fcmemesinden de\u011fil. B\u00fcy\u00fcmeden birileri faydalan\u0131yor.<\/p>\n<p style=\"text-align: justify;\">&#8211; Biz esnaf karde\u015flerimize destek olaca\u011f\u0131z. Verece\u011fimiz para analar\u0131n\u0131n ak s\u00fct\u00fc kadar helal parad\u0131r.<\/p>\n<p style=\"text-align: justify;\">&#8211; \u0130ktidsat kitaplar\u0131nda hala yazar: Ekonomi b\u00fcy\u00fcrse i\u015fsizlik azal\u0131r. Ama bunlar \u00f6yle bir ekonomi politikas\u0131 s\u00fcrd\u00fcrd\u00fcler ki ekonomi b\u00fcy\u00fcd\u00fck\u00e7e i\u015fsizlik de b\u00fcy\u00fcyor. Yoksul say\u0131s\u0131 ka\u00e7 oldu biliyor musunuz? 12 milyon 715 bin ki\u015fi. Bir y\u0131lda artan artan yoksul say\u0131s\u0131 815 bin. \u00c7\u00fcnk\u00fc o yoksullar\u0131 idare etmek istiyor. Aram\u0131zdaki fark bu siyahla beyaz gibi. Bir karde\u015finiz Mehmet Haberal milletvekili aday\u0131m\u0131z.<\/p>\n<p style=\"text-align: justify;\"><strong>Haberal&#8217;\u0131n su\u00e7u ne?<\/strong><\/p>\n<p style=\"text-align: justify;\">&#8211; Efendim Haberal&#8217;\u0131n su\u00e7u ne? D\u00fcnyan\u0131n say\u0131l\u0131 cerrahlar\u0131ndan biri. Fakir fukaray\u0131 d\u00fc\u015f\u00fcn\u00fcyor diye mal varl\u0131\u011f\u0131n\u0131 \u00fcniversiteye ba\u011f\u0131\u015flad\u0131. Babas\u0131 Zonguldak&#8217;ta \u00f6ld\u00fc\u011f\u00fc zaman cenazesine kat\u0131lamad\u0131. Bu ay\u0131p bile bu iktidara yeter. \u0130nsanda biraz ahlak olur. Siz bir h\u00fccrede o ac\u0131y\u0131 ya\u015fatt\u0131n\u0131z. Ortada bir mahkeme karar\u0131 yok. Milletvekili adayl\u0131\u011f\u0131 dilek\u00e7esini verirken dokunulmazl\u0131\u011f\u0131n kald\u0131r\u0131lmas\u0131 i\u00e7in ilk imzay\u0131 ben ataca\u011f\u0131m dedi. 2002&#8217;de dokunulmazl\u0131\u011f\u0131 kald\u0131raca\u011f\u0131m dedin ama 8 y\u0131ld\u0131r kald\u0131ramad\u0131. \u00c7\u00fcnk\u00fc Ba\u015fbakan&#8217;da dokunulmazl\u0131\u011f\u0131 kald\u0131racak y\u00fcrek yok. \u015eimdi gelmi\u015f Haberal&#8217;\u0131 su\u00e7luyorsun. Sen kim Haberal kim. Rahmetli Ecevit&#8217;in yan\u0131nda ayr\u0131lmad\u0131. Ecevit onu Cumhurba\u015fkan\u0131 aday\u0131 olarak aday g\u00f6sterdi.<\/p>\n<p style=\"text-align: justify;\"><strong>Haberal T\u00fcrkiye&#8217;nin, Zonguldak&#8217;\u0131n onurudur<\/strong><\/p>\n<p style=\"text-align: justify;\">&#8211; Yanda\u015f Giri\u015f S\u0131nav\u0131 ile \u00e7ocuklar\u0131m\u0131z\u0131n gelece\u011fiyle oynad\u0131lar. O gen\u00e7 \u00e7ocuklar \u015fifre var peri\u015fan olduk diyorlar. \u0130leri demokrasi timsali adam\u0131n s\u00f6zlerine bak\u0131n ben de 5-10 bin insan koyar\u0131m diyor. 12 Eyl\u00fcl&#8217;deki gibi karde\u015fi karde\u015fe k\u0131rd\u0131rmak istiyor.<\/p>\n<p style=\"text-align: justify;\">&#8211; Bunlar memleketi y\u00f6netemez. Hep beraber m\u00fccadele edece\u011fiz. \u0130\u015f\u00e7isi \u00e7ift\u00e7isi hep beraber m\u00fccadele edece\u011fiz. Bir T\u00fcrkiye d\u00fc\u015f\u00fcnmeyen demokrasiye sayg\u0131l\u0131, itiraz eden adam\u0131 dinleyen bir T\u00fcrkiye, gazetecilerin hapiste olmad\u0131\u011f\u0131 bir T\u00fcrkiye d\u00fc\u015f\u00fcn\u00fcn. Yarg\u0131n\u0131n ba\u011f\u0131ms\u0131z oldu\u011fu, soyguncular\u0131n hapiste oldu\u011fu bir T\u00fcrkiye d\u00fc\u015f\u00fcn\u00fcn. Sabah kahvalt\u0131s\u0131 veremedi diye intihar eden bir T\u00fcrkiye&#8217;yi d\u00fc\u015f\u00fcnmek istemiyoruz.<\/p>\n<p style=\"text-align: justify;\">&#8211; \u00d6zg\u00fcr ve g\u00fcveni olan bir T\u00fcrkiye d\u00fc\u015f\u00fcn\u00fcn.<\/p>\n<p style=\"text-align: justify;\">&#8211; Beraber m\u00fccadele edersek, ayr\u0131l\u0131\u011f\u0131 gayr\u0131l\u0131\u011f\u0131 atarsak, ge\u00e7mi\u015fte hangi partiye oy verirse versin yolsuzlu\u011fa ve yoksullu\u011fa kar\u015f\u0131ysan\u0131z ba\u015far\u0131y\u0131 elde ederiz.<\/p>\n<p style=\"text-align: justify;\">&#8211; Bir \u00fclke d\u00fc\u015f\u00fcn\u00fcn ki Yunanistan&#8217;dan pamuk al\u0131yoruz. Ben s\u00f6z verdim mazot 1.5 olacak. Herkes \u00fcretecek. Cumhuriyet tarihinde ilk kez ithal kurbanl\u0131k getirildi. Kurbanl\u0131k koyunu ithal edecek hale gelmi\u015fseniz bu milletin \u00f6n\u00fcne \u00e7\u0131k\u0131p hangi y\u00fczle oy istiyorsunuz. Bu \u00fclke sadece T\u00fcrkiye&#8217;ye de\u011fil Ortado\u011fu&#8217;ya hayvan ihra\u00e7 ediyorduk. \u015eimdi kalkm\u0131\u015f b\u00fcy\u00fcyoruz diyorlar. Cebinizde dolarlar var m\u0131? Ama Ba\u015fbakan&#8217;\u0131n yan\u0131ndakilere bak\u0131n onun yanda\u015flar\u0131 zenginle\u015fti.<\/p>\n<p style=\"text-align: justify;\">&#8211; Her mitingde s\u00f6ylerim, Bir a\u011fa\u00e7 gibi tek ve h\u00fcr ve bir orman gibi karde\u015f\u00e7e ya\u015fayaca\u011f\u0131z.<\/p>\n<p style=\"text-align: justify;\">&#8211; Deniz Feneri dosyas\u0131 a\u00e7\u0131lmaz. H\u0131rs\u0131zlar a\u00e7\u0131\u011fa \u00e7\u0131kacak \u00e7\u00fcnk\u00fc. Amerikaya iltica etseler de oradan getirtece\u011fiz. Bunlar\u0131n yatacak yeri yok. Bunlar ba\u015flar\u0131n\u0131 yast\u0131\u011fa koyunca nas\u0131l rahat uyuyorlar. Yalan var talan var. Bunlar\u0131n saltanat\u0131n\u0131 sona erdirece\u011fiz.<\/p>\n<p style=\"text-align: justify;\"><strong>&#8220;Sizin sayenizde bulundu. Sa\u011f bulmu\u015f kadar sevindik&#8221;<\/strong><\/p>\n<p style=\"text-align: justify;\">K\u0131l\u0131\u00e7daro\u011flu, Zonguldak program\u0131 kapsam\u0131nda \u00f6\u011fle saatlerinde geldi\u011fi kentte ilk olarak Salt\u0131kova beldesinde bulunan Engin D\u00fczc\u00fck&#8217;\u00fcn ailesinin evine geldi.<\/p>\n<p style=\"text-align: justify;\">Aileyle bir s\u00fcre sohbet eden K\u0131l\u0131\u00e7daro\u011flu, daha sonra ayn\u0131 beldede bulunan di\u011fer madenci Dursun Kartal&#8217;\u0131n evine geldi. K\u0131l\u0131\u00e7daro\u011flu, burada da bir s\u00fcre aileyle g\u00f6r\u00fc\u015ft\u00fc. Kartal&#8217;\u0131n e\u015fi G\u00fclizar Kartal, K\u0131l\u0131\u00e7daro\u011flu&#8217;na &#8221;Sizin sayenizde bulundu. Sa\u011f bulmu\u015f kadar sevindik&#8221; dedi.<\/p>\n<p style=\"text-align: justify;\">K\u0131l\u0131\u00e7daro\u011flu, belde ziyareti kapsam\u0131nda esnaf\u0131 da ziyaret etti. Bir kahvehanede k\u0131sa s\u00fcre oturan K\u0131l\u0131\u00e7daro\u011flu, vatanda\u015flar\u0131n sorunlar\u0131n\u0131 dinledi. Bir kad\u0131n\u0131n &#8221;O\u011flunun ta\u015feron i\u015f\u00e7isi oldu\u011funu ve asgari \u00fccretten d\u00fc\u015f\u00fck \u00fccret ald\u0131\u011f\u0131n\u0131&#8221; s\u00f6ylemesi \u00fczerine K\u0131l\u0131\u00e7daro\u011flu, &#8220;bu d\u00fczeni hep birlikte de\u011fi\u015ftirece\u011fiz&#8221; dedi. Ba\u015fka bir vatanda\u015f\u0131n ise &#8221;Ki\u015fi ba\u015f\u0131 gelir 10 bin dolar diyorlar. Bizim cebimizde hi\u00e7bir \u015fey yok&#8221; demesi \u00fczerine K\u0131l\u0131\u00e7daro\u011flu, &#8221;O onlar\u0131n 10 bin dolar\u0131&#8221; dedi.<\/p>\n<p style=\"text-align: justify;\">Bir kad\u0131n\u0131n 12 Haziran&#8217;daki se\u00e7imi hat\u0131rlatmas\u0131 \u00fczerine de K\u0131l\u0131\u00e7daro\u011flu, &#8221;13 Haziran kurtulu\u015fumuz olacak&#8221; diye konu\u015ftu.<\/p>\n<p style=\"text-align: justify;\">K\u0131l\u0131\u00e7daro\u011flu&#8217;nun yan\u0131na kuca\u011f\u0131nda k\u00fc\u00e7\u00fck bir \u00e7ocukla gelen bir vatanda\u015f ise K\u0131l\u0131\u00e7daro\u011flu&#8217;na &#8221;Bu \u00e7ocu\u011fun gelece\u011fi size ba\u011fl\u0131&#8221; diye seslendi. K\u0131l\u0131\u00e7daro\u011flu da &#8221;Hepimizin gelece\u011fi i\u00e7in \u00e7al\u0131\u015f\u0131yoruz&#8221; \u015feklinde konu\u015ftu.<\/p>\n<p style=\"text-align: justify;\"><strong>Zonguldak Belediye Ba\u015fkan\u0131&#8217;n\u0131 ziyaret etti<\/strong><\/p>\n<p style=\"text-align: justify;\">K\u0131l\u0131\u00e7daro\u011flu, partisinin Zonguldak&#8217;ta d\u00fczenledi\u011fi mitingin ard\u0131ndan Zonguldak Belediye Ba\u015fkan\u0131 Muharrem Akdemir&#8217;i makam\u0131nda ziyaret etti.<\/p>\n<p style=\"text-align: justify;\">Kentin sorunlar\u0131yla ve belediyenin \u00e7al\u0131\u015fmalar\u0131yla ilgili bilgiler veren Akdemir, 41. belediye ba\u015fkan\u0131 oldu\u011funu s\u00f6yleyince K\u0131l\u0131\u00e7daro\u011flu, &#8221;41 kere ma\u015fallah, bizim 41 vaatle uyu\u015fuyor&#8221; diye espri yapt\u0131.<\/p>\n<p style=\"text-align: justify;\">K\u0131l\u0131\u00e7daro\u011flu, iktidarlar\u0131 d\u00f6neminde belediyelere yetki vererek ta\u015feron i\u015f\u00e7ilerin kadroya al\u0131nmas\u0131n\u0131 sa\u011flayacaklar\u0131n\u0131 s\u00f6yledi.<\/p>\n<p style=\"text-align: justify;\">Akdemir, K\u0131l\u0131\u00e7daro\u011flu&#8217;na, k\u00f6m\u00fcr vagonu iten madenci heykeli, madenci bastonu ve Zonguldakspor atk\u0131s\u0131 hediye etti.<\/p>\n<p style=\"text-align: justify;\">Belediye Meclis \u00fcyeleriyle hat\u0131ra foto\u011fraf\u0131 \u00e7ektiren K\u0131l\u0131\u00e7daro\u011flu, Genel Maden \u0130\u015f\u00e7ileri Sendikas\u0131 (GM\u0130S) Genel Ba\u015fkan\u0131 Ey\u00fcp Alaba\u015f&#8217;\u0131 da makam\u0131nda ziyaret etti.<\/p>\n<p style=\"text-align: justify;\">K\u0131l\u0131\u00e7daro\u011flu, GM\u0130S&#8217;in T\u00fcrkiye&#8217;ye \u00f6rnek olacak pek \u00e7ok \u00f6nemli eyleme imza atan bir i\u015f\u00e7i sendikas\u0131 oldu\u011funu belirterek, &#8221;Buran\u0131n gelenekleri var. Maalesef Zonguldak kan kaybederken, sendika da kan kaybediyor. \u00d6zellikle i\u015f\u00e7ilerin \u00f6rg\u00fctlenmesinden korkan siyasal yap\u0131 sizin \u00f6n\u00fcn\u00fcze engeller \u00e7\u0131kar\u0131yor&#8221; diye konu\u015ftu.<\/p>\n<p style=\"text-align: justify;\">\u00d6rg\u00fctl\u00fc toplumdan yana olduklar\u0131n\u0131, herkesin \u00f6rg\u00fctlenerek d\u00fc\u015f\u00fcncelerini ifade edebilmesi gerekti\u011fini ifade eden K\u0131l\u0131\u00e7daro\u011flu, \u015f\u00f6yle konu\u015ftu:<\/p>\n<p style=\"text-align: justify;\">&#8221;\u0130\u015f\u00e7ilerin sendikala\u015fmas\u0131 sadece T\u00fcrkiye&#8217;ye \u00f6zg\u00fc bir olay de\u011fil. B\u00fct\u00fcn d\u00fcnyada eme\u011fin g\u00fcc\u00fcn\u00fc biliyoruz. Ta\u015feron i\u015f\u00e7ilik sendikac\u0131l\u0131k \u00f6n\u00fcndeki en ciddi engellerden birisi g\u00f6r\u00fcl\u00fcyor. TBMM dahil b\u00fct\u00fcn bakanl\u0131klarda, hastanelerde ta\u015feron i\u015f\u00e7iler \u00e7al\u0131\u015ft\u0131r\u0131l\u0131yor. O i\u015f\u00e7ilerin dram\u0131 ger\u00e7ekten \u00e7ok y\u00fcre\u011fin kabul edilemeyece\u011fi derecede ciddidir. \u00d6m\u00fcr boyu asgari \u00fccrete mahkum, saat kavram\u0131 yok. Biz emekten yanay\u0131z. \u0130\u015fverenin eme\u011fine de sayg\u0131 duyuyoruz. \u00dcreten insanlar\u0131n mutlaka haklar\u0131n\u0131n verilmesi laz\u0131m.<\/p>\n<p style=\"text-align: justify;\">Yer alt\u0131nda \u00e7al\u0131\u015fma ko\u015fullar\u0131 en az\u0131ndan bizim bekledi\u011fimiz standartlarda de\u011fil. Ben ge\u00e7en y\u0131lba\u015f\u0131n\u0131 maden oca\u011f\u0131nda ge\u00e7irdim. Oradaki \u00e7al\u0131\u015fma ve havaland\u0131rma ko\u015fullar\u0131n\u0131 g\u00f6rd\u00fcm. Bizim bir a\u00e7maz\u0131m\u0131z var, biz felaket olduktan sonra \u00e7\u00f6z\u00fcm arayan bir toplumuz. Oysa uygar insanlar, \u00f6nce riski yok ederler, ondan sonra i\u015f\u00e7iyi yer alt\u0131na indirirler. Bat\u0131&#8217;da da aksakl\u0131klar olur ama can kayb\u0131 bu kadar y\u00fcksek de\u011fil.&#8221;<\/p>\n<p style=\"text-align: justify;\">K\u0131l\u0131\u00e7daro\u011flu, yer alt\u0131ndaki \u00e7al\u0131\u015fma ko\u015fullar\u0131n\u0131n evrensel standartlara \u00e7\u0131kar\u0131lmas\u0131 durumunda daha sa\u011fl\u0131kl\u0131 havaland\u0131rma ve ara\u00e7-gere\u00e7 yarat\u0131lm\u0131\u015f olaca\u011f\u0131n\u0131 kaydetti.<\/p>\n<p style=\"text-align: justify;\">Alaba\u015f da T\u00fcrkiye&#8217;nin 20 milyon ton ta\u015f k\u00f6m\u00fcr\u00fc ihtiyac\u0131n\u0131n havzadan ancak 3,5 milyon tonunun kar\u015f\u0131land\u0131\u011f\u0131n\u0131 belirtti. Alaba\u015f, ziyaretin an\u0131s\u0131na K\u0131l\u0131\u00e7daro\u011flu&#8217;na madenci vagonunun tasvir edildi\u011fi duvar saati arma\u011fan etti.<\/p>\n<p style=\"text-align: justify;\">GM\u0130S \u00e7\u0131k\u0131\u015f\u0131nda bir gazetecinin, (&#8221;E\u011fer bir toplu i\u011fne ucu kadar yak\u0131nlar\u0131ma \u00e7\u0131kar sa\u011flad\u0131\u011f\u0131m\u0131 ispat edersen eyvallah. \u0130spat edemezsen benim ad\u0131m\u0131 yolsuzlukla anarsan a.. gerisini s\u00f6ylemeyeyim&#8221; dediniz biz gerisini merak ettik, ne s\u00f6yleyecektiniz) \u015feklindeki sorusunu, &#8221;Asl\u0131nda daha sert bir ifade kullanacakt\u0131m ama do\u011fru olmayaca\u011f\u0131n\u0131 d\u00fc\u015f\u00fcnd\u00fcm ve orada kestim&#8221; diye cevapland\u0131rd\u0131.<\/p>\n<p style=\"text-align: justify;\"><strong>TSO&#8217;ya ziyaret<\/strong><\/p>\n<p style=\"text-align: justify;\">CHP lideri K\u0131l\u0131\u00e7daro\u011flu, Zonguldak Ticaret ve Sanayi Odas\u0131 (TSO) Ba\u015fkan\u0131 Mehmet Salih Demir&#8217;i de ziyaret etti. Eski TSO Meclis Ba\u015fkan\u0131 Fevzi Furtun, K\u0131l\u0131\u00e7daro\u011flu&#8217;na bug\u00fcn yazd\u0131\u011f\u0131 &#8221;Bo\u015f Geziyor Diplomal\u0131 \u0130\u015fsizler&#8221; adl\u0131 \u015fiirini verdi. K\u0131l\u0131\u00e7daro\u011flu, \u015fiiri be\u011fendi\u011fini s\u00f6yledi.<\/p>\n<p style=\"text-align: justify;\">CHP ile i\u015f d\u00fcnyas\u0131 aras\u0131nda ge\u00e7mi\u015fte arzu ettikleri \u00f6l\u00e7\u00fcde diyalog olmad\u0131\u011f\u0131n\u0131, bunu sa\u011flamaya \u00e7al\u0131\u015ft\u0131klar\u0131n\u0131 anlatan K\u0131l\u0131\u00e7daro\u011flu, \u015f\u00f6yle dedi:<\/p>\n<p style=\"text-align: justify;\">&#8221;Sonu\u00e7ta hepimiz bu \u00fclkede, daha iyi katma de\u011fer yaratmak istiyoruz. Ke\u015fke biz d\u00fcnya \u00e7ap\u0131nda markalar yaratabilsek. Ciddi ba\u015far\u0131lar elde edebilsek. Geldi\u011fimiz noktada ciddi sorunlar\u0131m\u0131z var. Zonguldak gittik\u00e7e i\u00e7ine kapanan kent haline geldi. D\u0131\u015far\u0131ya olan g\u00f6\u00e7, Zonguldak&#8217;\u0131 daha s\u0131k\u0131nt\u0131l\u0131 s\u00fcrece koydu.&#8221;<\/p>\n<p style=\"text-align: justify;\">TSO Ba\u015fkan\u0131 Demir&#8217;in, \u00c7atala\u011fz\u0131 Termik Santral\u0131&#8217;n\u0131n \u00f6zelle\u015ftirilmesine kar\u015f\u0131 olduklar\u0131n\u0131 belirterek, bu konuda destek istedi\u011fi K\u0131l\u0131\u00e7daro\u011flu, &#8221;Biz her t\u00fcrl\u00fc deste\u011fi veririz. Yeter ki sizler birle\u015fin, ortak ses \u00e7\u0131kar\u0131n. Bizi \u00fczen burada yer alt\u0131nda k\u00f6m\u00fcr duruyor, \u00e7al\u0131\u015fan insanlar\u0131m\u0131z da var ama biz kullanmad\u0131\u011f\u0131m\u0131z do\u011fal gaz\u0131n bedeli olarak \u0130ran&#8217;a 2 milyar 400 milyon dolar para \u00f6dedik. O paran\u0131n yar\u0131s\u0131 Zonguldak&#8217;a harcansa farkl\u0131 bir yer olur. Burada k\u00f6m\u00fcr\u00fcn\u00fcz var \u00e7\u0131kar\u0131p i\u015flemiyorsunuz, bu a\u00e7maz var&#8221; dedi.<\/p>\n<p style=\"text-align: justify;\">K\u0131l\u0131\u00e7daro\u011flu, sendikala\u015fmay\u0131 savunduklar\u0131n\u0131 ancak \u00fccret sendikac\u0131l\u0131\u011f\u0131na &#8221;hay\u0131r&#8221; dediklerini kaydetti.<\/p>\n<p style=\"text-align: justify;\"><strong>C\u00fcmleyle ilgili a\u00e7\u0131klama<\/strong><\/p>\n<p style=\"text-align: justify;\">CHP Genel Ba\u015fkan\u0131 Kemal K\u0131l\u0131\u00e7daro\u011flu, Zonguldak mitingindeki konu\u015fmas\u0131 s\u0131ras\u0131nda devam\u0131n\u0131 getirmedi\u011fi bir c\u00fcmleyle ilgili a\u00e7\u0131klamada bulundu.<\/p>\n<p style=\"text-align: justify;\">K\u0131l\u0131\u00e7daro\u011flu, mitingdeki konu\u015fmas\u0131n\u0131n bir b\u00f6l\u00fcm\u00fcn\u00fcn baz\u0131 medya gruplar\u0131nda farkl\u0131 yorumland\u0131\u011f\u0131na dikkati \u00e7ekti. CHP Genel Ba\u015fkan\u0131 K\u0131l\u0131\u00e7daro\u011flu, \u015funlar\u0131 s\u00f6yledi:<\/p>\n<p style=\"text-align: justify;\">&#8221;Oradaki \u015fey \u015fuydu; siyaset adamlar\u0131n\u0131n asl\u0131nda birbirlerini ele\u015ftirirken daha dikkatli olmalar\u0131 gerekir. Ama Ba\u015fbakan\u0131n bana y\u00f6nelik haks\u0131z ele\u015ftirilerine kar\u015f\u0131 \u015f\u00f6yle bir ifade kullanmak istedim asl\u0131nda; &#8216;Herkes daha dikkatli olmal\u0131, aya\u011f\u0131n\u0131 denk almal\u0131&#8217; s\u00f6zc\u00fc\u011f\u00fcn\u00fc kullanmak istemedim, orada kestim. Nedeni de \u015fuydu; siyasette sonu\u00e7ta insanlar birbirlerinin y\u00fczlerine bakarken haks\u0131z yere su\u00e7lama yapmamalar\u0131 gerekir. As\u0131l \u015fey buydu, ama bunu daha farkl\u0131 bir \u015fekilde yorumlamalar\u0131 yanl\u0131\u015f.&#8221;<\/p>\n<p style=\"text-align: justify;\">K\u0131l\u0131\u00e7daro\u011flu, Zonguldak mitingi s\u0131ras\u0131nda yapt\u0131\u011f\u0131 konu\u015fmada, &#8221;E\u011fer bir toplu i\u011fne ucu kadar yak\u0131nlar\u0131ma \u00e7\u0131kar sa\u011flad\u0131\u011f\u0131m\u0131 ispat edersen eyvallah. \u0130spat edemezsen benim ad\u0131m\u0131 yolsuzlukla anarsan a.. gerisini s\u00f6ylemeyeyim&#8221; demi\u015fti.<\/p>\n<p style=\"text-align: justify;\"><strong>CHP yar\u0131n Konya&#8217;da<\/strong><\/p>\n<p style=\"text-align: justify;\">CHP&#8217;nin yar\u0131n Denizli&#8217;de d\u00fczenlenecek olan mitingi iptal edildi. K\u0131l\u0131\u00e7daro\u011flu yar\u0131n Konya&#8217;da halka seslenecek.<\/p>\n<p style=\"text-align: justify;\"><a href=\"http:\/\/www.cumhuriyet.com.tr\/?hn=237310\" target=\"_blank\">Kaynak : Cumhuriyet Haber Portal\u0131<\/a><\/p>\n","protected":false},"excerpt":{"rendered":"<p style=\"text-align: center;\">\n<p style=\"text-align: justify;\">CHP lideri Kemal K\u0131l\u0131\u00e7daro\u011flu se\u00e7im \u00f6ncesi mitinglerine Zonguldak&#8217;tan devam etti. Halk\u0131n ge\u00e7im s\u0131k\u0131nt\u0131s\u0131n\u0131 g\u00fcndeme getiren K\u0131l\u0131\u00e7daro\u011flu, &#8220;Recep bu k\u00f6\u015feyi d\u00f6nm\u00fc\u015f herkesi de k\u00f6\u015feyi d\u00f6nm\u00fc\u015f san\u0131yor&#8221; diyerek Erdo\u011fan&#8217;a y\u00fcklendi.<\/p>\n","protected":false},"author":1,"featured_media":0,"comment_status":"open","ping_status":"closed","sticky":false,"template":"","format":"standard","meta":{"footnotes":""},"categories":[105],"tags":[],"class_list":["post-31010","post","type-post","status-publish","format-standard","hentry","category-gundem","odd"],"_links":{"self":[{"href":"http:\/\/www.korhanyilmaz.com\/index.php?rest_route=\/wp\/v2\/posts\/31010","targetHints":{"allow":["GET"]}}],"collection":[{"href":"http:\/\/www.korhanyilmaz.com\/index.php?rest_route=\/wp\/v2\/posts"}],"about":[{"href":"http:\/\/www.korhanyilmaz.com\/index.php?rest_route=\/wp\/v2\/types\/post"}],"author":[{"embeddable":true,"href":"http:\/\/www.korhanyilmaz.com\/index.php?rest_route=\/wp\/v2\/users\/1"}],"replies":[{"embeddable":true,"href":"http:\/\/www.korhanyilmaz.com\/index.php?rest_route=%2Fwp%2Fv2%2Fcomments&post=31010"}],"version-history":[{"count":0,"href":"http:\/\/www.korhanyilmaz.com\/index.php?rest_route=\/wp\/v2\/posts\/31010\/revisions"}],"wp:attachment":[{"href":"http:\/\/www.korhanyilmaz.com\/index.php?rest_route=%2Fwp%2Fv2%2Fmedia&parent=31010"}],"wp:term":[{"taxonomy":"category","embeddable":true,"href":"http:\/\/www.korhanyilmaz.com\/index.php?rest_route=%2Fwp%2Fv2%2Fcategories&post=31010"},{"taxonomy":"post_tag","embeddable":true,"href":"http:\/\/www.korhanyilmaz.com\/index.php?rest_route=%2Fwp%2Fv2%2Ftags&post=31010"}],"curies":[{"name":"wp","href":"https:\/\/api.w.org\/{rel}","templated":true}]}}