{"id":31006,"date":"2011-04-25T11:18:50","date_gmt":"2011-04-25T08:18:50","guid":{"rendered":"http:\/\/www.korhanyilmaz.com\/?p=31006"},"modified":"2011-04-25T11:18:50","modified_gmt":"2011-04-25T08:18:50","slug":"chp-erbakan-affinin-iptalini-istedi","status":"publish","type":"post","link":"http:\/\/www.korhanyilmaz.com\/?p=31006","title":{"rendered":"CHP, Erbakan Aff\u0131&#8217;n\u0131n iptalini istedi"},"content":{"rendered":"<p style=\"text-align: justify;\"><a href=\"http:\/\/www.korhanyilmaz.com\/wp-content\/uploads\/2011\/04\/011.jpg\"  class=\"lightview\"><img loading=\"lazy\" decoding=\"async\" class=\"aligncenter size-full wp-image-31007\" title=\"\" src=\"http:\/\/www.korhanyilmaz.com\/wp-content\/uploads\/2011\/04\/011.jpg\" alt=\"\" width=\"328\" height=\"215\" \/><\/a><\/p>\n<p style=\"text-align: justify;\">CHP, kamuoyunda Erbakan Aff\u0131 olarak bilinen yasa maddesinin de yer ald\u0131\u011f\u0131 torba kanununun iptali i\u00e7in Anayasa Mahkemesi&#8217;ne ba\u015fvurdu. Torba Yasa&#8217;da yer alan haklar\u0131nda kapatma karar\u0131 verilen sitasi partilerin denetim yap\u0131lmad\u0131\u011f\u0131 i\u00e7in hesaplar\u0131 hakk\u0131nda karar verilmemi\u015f olanlar\u0131n ve h\u00fck\u00fcme ba\u011flanmam\u0131\u015f davaya konu alacaklar\u0131n\u0131n yeniden yap\u0131land\u0131rmas\u0131n\u0131 da kaps\u0131yordu. <!--more--><\/p>\n<p style=\"text-align: justify;\">Kamuoyunda &#8220;Erbakan Af&#8221;f\u0131 olarak bilinen ilgili yasa maddesi &#8220;Kay\u0131p Trilyon&#8221; davas\u0131ndan yarg\u0131lanan Erbakan ve arkada\u015flar\u0131n\u0131 da i\u00e7eriyor.<\/p>\n<p style=\"text-align: justify;\">Buna g\u00f6re, Erbakan ve arkada\u015flar\u0131 kay\u0131p trilyon davas\u0131nda alacak asl\u0131n\u0131n yani 1 milyon TL\u2019nin yar\u0131s\u0131 ve enflasyon fark\u0131n\u0131 \u00f6dedikleri takdirde di\u011fer bor\u00e7lardan kurtulacak. \u00d6denecek enflasyon fark\u0131 da, alacak asl\u0131n\u0131n yar\u0131s\u0131n\u0131 ge\u00e7emeyecek. B\u00f6ylece Erbakan ve di\u011fer RP y\u00f6neticileri yakla\u015f\u0131k 1 milyon TL \u00f6deyerek, 12.5 milyon TL tutar\u0131ndaki bor\u00e7tan kurtulabilecek. \u00dcstelik \u00f6demeyi 18 aya kadar taksitle yapabilecek.<\/p>\n<p style=\"text-align: justify;\">CHP, 250 maddeden olu\u015fan Torba Yasa&#8217;n\u0131n 17 maddesinin y\u00fcr\u00fct\u00fclmesinin ve iptali i\u00e7in Anayasa Mahkemesi&#8217;ne gitti.<\/p>\n<p style=\"text-align: justify;\">CHP, aralar\u0131nda kamuoyunda &#8220;Erbakan aff\u0131&#8221; olarak nitelendirilen maddenin de yer ald\u0131\u011f\u0131 Torba Kanunu&#8217;ndaki 17 maddenin iptali istemiyle Anayasa Mahkemesi&#8217;ne dava a\u00e7t\u0131.<\/p>\n<p style=\"text-align: justify;\">CHP, aralar\u0131nda kamuoyunda &#8220;Erbakan aff\u0131&#8221; olarak nitelendirilen maddenin de yer ald\u0131\u011f\u0131 Torba Kanunu&#8217;ndaki 17 maddenin y\u00fcr\u00fcrl\u00fc\u011f\u00fcn\u00fcn durdurulmas\u0131 ve iptali istemiyle Anayasa Mahkemesi&#8217;ne dava a\u00e7t\u0131. CHP, 6111 say\u0131l\u0131 Baz\u0131 Alacaklar\u0131n Yeniden Yap\u0131land\u0131r\u0131lmas\u0131 ile Sosyal Sigortalar ve Genel Sa\u011fl\u0131k Sigortas\u0131 Kanunu ve Di\u011fer Baz\u0131 Kanun ve Kanun H\u00fckm\u00fcnde Kararnamelerde De\u011fi\u015fiklik Yap\u0131lmas\u0131 Hakk\u0131nda Kanunu&#8217;nun 17 maddesini Anayasa Mahkemesi&#8217;ne g\u00f6t\u00fcrd\u00fc.<\/p>\n<p style=\"text-align: justify;\">CHP Grup Ba\u015fkanvekili ve Trabzon Milletvekili M. Akif Hamza\u00e7ebi, yapt\u0131\u011f\u0131 yaz\u0131l\u0131 a\u00e7\u0131klamada, &#8220;6111 Say\u0131l\u0131 Baz\u0131 Alacaklar\u0131n Yeniden Yap\u0131land\u0131r\u0131lmas\u0131 ile Sosyal Sigortalar ve Genel Sa\u011fl\u0131k Sigortas\u0131 Kanunu ve Di\u011fer Baz\u0131 Kanun ve Kanun H\u00fckm\u00fcnde Kararnamelerde De\u011fi\u015fiklik Yap\u0131lmas\u0131 Hakk\u0131nda Kanun&#8221;un iptali i\u00e7in Anayasa Mahkemesi&#8217;ne dava a\u00e7t\u0131klar\u0131n\u0131 a\u00e7\u0131klad\u0131.<\/p>\n<p style=\"text-align: justify;\"><strong>&#8220;ERBAKAN AFFI&#8221; ANAYASA MAHKEMES\u0130&#8217;NDE<\/strong><\/p>\n<p style=\"text-align: justify;\">A\u00e7\u0131klamada, TBMM&#8217;de kabul edilen 250 maddelik Torba Yasa&#8217;n\u0131n 17 maddesinin y\u00fcr\u00fcrl\u00fc\u011f\u00fcn\u00fcn durdurulmas\u0131 ve iptali istemiyle Anayasa Mahkemesi&#8217;ne dava a\u00e7\u0131ld\u0131\u011f\u0131 belirtildi. CHP&#8217;nin Anayasa Mahkemesi&#8217;ne g\u00f6t\u00fcrd\u00fc\u011f\u00fc maddeler i\u00e7inde kamuoyunda &#8220;Erbakan Aff\u0131&#8221; olarak nitelendirilen madde de yer al\u0131yor. CHP, Yasa&#8217;n\u0131n Ge\u00e7ici 17&#8217;nci maddesi ile kapat\u0131lan siyasi partilerin Hazine&#8217;ye olan bor\u00e7lar\u0131n\u0131n y\u00fczde 50&#8217;sinin silinmesi ve faize bir s\u0131n\u0131r getirilmesine ili\u015fkin d\u00fczenlemenin iptalini istedi.<\/p>\n<p style=\"text-align: justify;\"><strong>CHP&#8217;N\u0130N ANAYASA MAHKEMES\u0130&#8217;NE G\u00d6T\u00dcRD\u00dc\u011e\u00dc 17 MADDE<\/strong><\/p>\n<p style=\"text-align: justify;\">A\u00e7\u0131lan dava ile Torba Yasa&#8217;n\u0131n iptal edilmesi istenen maddeleri \u015f\u00f6yle:<\/p>\n<p style=\"text-align: justify;\">&#8220;Yasa&#8217;n\u0131n, 40 \u0131nc\u0131 maddesi; Bir ay i\u00e7inde 30 g\u00fcnden az \u00e7al\u0131\u015ft\u0131r\u0131ld\u0131\u011f\u0131 ve dolay\u0131s\u0131yla 30 g\u00fcnden az \u00fccret \u00f6dendi\u011fi beyan edilen sigortal\u0131lar\u0131n, 30 g\u00fcnden az \u00e7al\u0131\u015ft\u0131\u011f\u0131n\u0131 ispatlayan belgelerin i\u015fverence ilgili aya ait ayl\u0131k prim ve hizmet belgesine eklenmesi \u015fart\u0131n\u0131 ortadan kald\u0131ran d\u00fczenleme,<\/p>\n<p style=\"text-align: justify;\">Yasa&#8217;n\u0131n 53 \u00fcnc\u00fc maddesi; 506 say\u0131l\u0131 Sosyal Sigortalar Kanununun ge\u00e7ici 20&#8217;nci maddesine eklenen, banka, sigorta ve \u00f6zel reas\u00fcrans \u015firketlerinin kurduklar\u0131 &#8220;emeklilik ve sa\u011fl\u0131k yard\u0131m sand\u0131klar\u0131n\u0131n&#8217; y\u00fck\u00fcml\u00fcl\u00fcklerini ortadan kald\u0131ran d\u00fczenleme,<\/p>\n<p style=\"text-align: justify;\">Yasa&#8217;n\u0131n 64 \u00fcnc\u00fc maddesi; 3308 say\u0131l\u0131 Mesleki E\u011fitim Kanununun 25 inci maddesini de\u011fi\u015ftiren ve i\u015fletmelerde meslek staj\u0131 yapan \u00f6\u011frencilere halihaz\u0131rda \u00f6denen ayl\u0131k 239 TL&#8217;yi, yirmiden fazla personel \u00e7al\u0131\u015ft\u0131ran i\u015fyerlerinde 189 TL&#8217;ye, yirmiden az personel \u00e7al\u0131\u015ft\u0131ran i\u015fyerlerinde ise 94,5 TL&#8217;ye d\u00fc\u015f\u00fcren d\u00fczenleme,<\/p>\n<p style=\"text-align: justify;\">Yasa&#8217;n\u0131n 67&#8217;nci maddesi; 2022 say\u0131l\u0131 65 Ya\u015f\u0131n\u0131 Doldurmu\u015f Muhta\u00e7, G\u00fc\u00e7s\u00fcz ve Kimsesiz T\u00fcrk Vatanda\u015flar\u0131na Ayl\u0131k Ba\u011flanmas\u0131 Hakk\u0131nda Kanuna eklenen ek 2&#8217;nci maddesiyle, &#8220;slikozis&#8217; hastalar\u0131na ayl\u0131k ba\u011flanmas\u0131n\u0131 \u00fc\u00e7 ayl\u0131k ba\u015fvuru \u015fart\u0131yla s\u0131n\u0131rlayan ve dolay\u0131s\u0131yla \u00fc\u00e7 ay i\u00e7inde ba\u015fvuramayanlar ile \u00fc\u00e7 aydan sonra slikozis hastas\u0131 olacaklara ayl\u0131k ba\u011flanmamas\u0131n\u0131 \u00f6ng\u00f6ren d\u00fczenlemenin &#8216;\u00fc\u00e7 ayl\u0131k s\u00fcre i\u00e7erisinde&#8217; ibaresi,<\/p>\n<p style=\"text-align: justify;\">Yasa&#8217;n\u0131n 98&#8217;inci maddesi ile 6219 say\u0131l\u0131 T\u00fcrkiye Vak\u0131flar Bankas\u0131 T\u00fcrk Anonim Ortakl\u0131\u011f\u0131 Kanununa eklenen ge\u00e7ici 4 \u00fcnc\u00fc maddesinin, Yasa&#8217;n\u0131n 101&#8217;inci maddesi ile de\u011fi\u015ftirilen 657 say\u0131l\u0131 Kanunun 68\/B maddesi; Devlet memuriyeti yapmam\u0131\u015f olanlar\u0131n M\u00fcste\u015far, M\u00fcste\u015far Yard\u0131mc\u0131s\u0131, Genel M\u00fcd\u00fcr ve Ba\u015fkan kadrolar\u0131na getirilmelerini \u00f6ng\u00f6ren d\u00fczenleme,<\/p>\n<p style=\"text-align: justify;\">Yasa&#8217;n\u0131n 115&#8217;inci maddesi; 657 say\u0131l\u0131 Kanunun ek 8&#8217;inci maddesiyle, memurlar\u0131 6 ayl\u0131k s\u00fcreyle ba\u015fka kamu kurum ve kurulu\u015flar\u0131na ge\u00e7ici g\u00f6revle g\u00f6revlendirilmesini \u00f6ng\u00f6ren d\u00fczenleme,<\/p>\n<p style=\"text-align: justify;\">Yasa&#8217;n\u0131n 133&#8217;\u00fcnc\u00fc maddesi; 3996 say\u0131l\u0131 Kanunun 12&#8217;nci maddesine eklenen &#8216;yap-i\u015flet-devret modeliyle yap\u0131lacak projelerin m\u00fc\u015favirlik hizmeti al\u0131mlar\u0131n\u0131&#8217; 4734 say\u0131l\u0131 Kamu \u0130hale Kanunu kapsam\u0131 d\u0131\u015f\u0131na \u00e7\u0131karan d\u00fczenleme,<\/p>\n<p style=\"text-align: justify;\">Yasa&#8217;n\u0131n 166&#8217;nc\u0131 maddesi; \u0130l \u00f6zel idarelerinde s\u00fcrekli i\u015f\u00e7i kadrosunda \u00e7al\u0131\u015fanlar\u0131n Karayollar\u0131 Genel M\u00fcd\u00fcrl\u00fc\u011f\u00fcne, belediyelerde s\u00fcrekli i\u015f\u00e7i kadrosunda \u00e7al\u0131\u015fan i\u015f\u00e7ilerin ise Milli E\u011fitim Bakanl\u0131\u011f\u0131 ile Emniyet Genel M\u00fcd\u00fcrl\u00fc\u011f\u00fcne devrini \u00f6ng\u00f6ren d\u00fczenleme;<\/p>\n<p style=\"text-align: justify;\">Yasa&#8217;n\u0131n 169&#8217;uncu maddesi; Hazine M\u00fcste\u015farl\u0131\u011f\u0131n\u0131n DF\u0130F&#8217;in (Destekleme ve Fiyat \u0130stikrar Fonu) kullan\u0131m\u0131na ili\u015fkin g\u00f6revlerini T\u00fcrkiye \u0130hracat\u00e7\u0131lar Meclisi, \u0130hracat\u00e7\u0131 Birlikleri ve T\u00fcrkiye Teknoloji Geli\u015ftirme Vakf\u0131na devreden d\u00fczenleme,<\/p>\n<p style=\"text-align: justify;\">Yasa&#8217;n\u0131n 177&#8217;nci maddesi; &#8216;T\u00fcrkiye K\u00f6m\u00fcr \u0130\u015fletmeleri Kurumu&#8217;nun k\u00f6m\u00fcr al\u0131mlar\u0131n\u0131 Kamu \u0130hale Kanununa tabi olmadan&#8217; yap\u0131lmas\u0131n\u0131 \u00f6ng\u00f6ren d\u00fczenleme,<\/p>\n<p style=\"text-align: justify;\">Yasa&#8217;n\u0131n 179&#8217;uncu maddesi; TOK\u0130 Ba\u015fkanl\u0131\u011f\u0131 taraf\u0131ndan yap\u0131lacak okul, hastane, \u00f6\u011frenci yurdu vb. yap\u0131m i\u015flerinin 4734 say\u0131l\u0131 Kamu \u0130hale Kanununun kapsam\u0131ndan \u00e7\u0131karan d\u00fczenleme,<\/p>\n<p style=\"text-align: justify;\">Yasa&#8217;n\u0131n 206&#8217;nc\u0131 maddesi ile 4646 say\u0131l\u0131 Do\u011fal Gaz Piyasas\u0131 Kanununun 4 \u00fcnc\u00fc maddesinin (d) bendine eklenen (3) numaral\u0131 ek bendindeki, &#8216;Ancak, ba\u015fvurulardan birinde depolama faaliyetinin yap\u0131laca\u011f\u0131 sahada yer alan ta\u015f\u0131nmazlar\u0131n asgari yar\u0131s\u0131n\u0131n m\u00fclkiyetinin lisans ba\u015fvurusunda bulunan t\u00fczel ki\u015fi ve\/veya ortaklar\u0131na ait olmas\u0131 ve\/veya depolama faaliyetinin yap\u0131laca\u011f\u0131 sahada yer alan ta\u015f\u0131nmazlar\u0131n asgari yar\u0131s\u0131n\u0131n \u00fczerinde lisans ba\u015fvurusunda bulunan t\u00fczel ki\u015fi ve\/veya ortaklar\u0131 ad\u0131na depolama faaliyetinde bulunma imkan\u0131 verecek kullanma ve\/veya irtifak hakk\u0131 ve benzer izinlerin tesis edilmi\u015f olmas\u0131 halinde bu ba\u015fvuru kabul edilir; di\u011fer ba\u015fvurular reddedilir.&#8217; c\u00fcmlesinin,<\/p>\n<p style=\"text-align: justify;\">Yasa&#8217;n\u0131n 208&#8217;inci ve 209&#8217;uncu maddesi; Mazbut vak\u0131flar\u0131n vak\u0131f evlatlar\u0131na \u00f6deyece\u011fi galle (Gelir) fazlas\u0131n\u0131 5 y\u0131lla s\u0131n\u0131rlayan ve a\u00e7\u0131lm\u0131\u015f davalar\u0131 ortadan kald\u0131ran d\u00fczenleme,<\/p>\n<p style=\"text-align: justify;\">Yasa&#8217;n\u0131n Ge\u00e7ici 2&#8217;nci maddesi; Kamula\u015ft\u0131rmas\u0131z el koymalar\u0131 yasal hale getiren ve a\u00e7\u0131lm\u0131\u015f davalar\u0131 ortadan kald\u0131ran d\u00fczenleme;<\/p>\n<p style=\"text-align: justify;\">Yasa&#8217;n\u0131n Ge\u00e7ici 17&#8217;nci maddesi; Kapat\u0131lan siyasi partilerin hazineye olan bor\u00e7lar\u0131n\u0131n y\u00fczde 50&#8217;sinin silinmesi ve faize bir s\u0131n\u0131r getirilmesine ili\u015fkin d\u00fczenleme.&#8221;<\/p>\n<p style=\"text-align: justify;\"><strong>KAYIP TR\u0130LYON DAVASI NED\u0130R?<\/strong><\/p>\n<p style=\"text-align: justify;\">Cumhurba\u015fkan\u0131 Abdullah G\u00fcl hakk\u0131nda &#8220;yarg\u0131lanabilir&#8221; karar\u0131n\u0131n \u00e7\u0131kmas\u0131na neden olan &#8220;Kay\u0131p Trilyon&#8221; davas\u0131 Refah Partisi&#8217;nin kapat\u0131lmas\u0131 davas\u0131yla ortaya \u00e7\u0131kan hukuki s\u00fcreci tan\u0131mlamak i\u00e7in kullan\u0131l\u0131yor.<\/p>\n<p style=\"text-align: justify;\">Anayasa Mahkemesi &#8220;Milli G\u00f6r\u00fc\u015f&#8221;\u00fcn SP ve FP&#8217;den \u00f6nceki partisi RP&#8217;yi 28 \u015eubat s\u00fcrecinden sonra, 1998&#8217;de kapat\u0131nca, y\u00f6neticilerden elde bulunan Hazine yard\u0131m\u0131n\u0131 devlete iade etmeleri istendi. Ancak RP y\u00f6netimi paran\u0131n \u00f6rg\u00fctlere g\u00f6nderilerek harcand\u0131\u011f\u0131n\u0131 ileri s\u00fcrd\u00fc ve paray\u0131 vermedi. M\u00fcfetti\u015flerin yapt\u0131\u011f\u0131 incelemelerde ise Hazine&#8217;ye iade edilmesi beklenen, o g\u00fcn\u00fcn paras\u0131yla 1 trilyon liran\u0131n (bug\u00fcn 1 milyon lira) &#8220;sahte belgelerle harcanm\u0131\u015f gibi g\u00f6sterildi\u011fi&#8221; ortaya \u00e7\u0131kar\u0131ld\u0131.<\/p>\n<p style=\"text-align: justify;\">Olay\u0131 ortaya \u00e7\u0131karan Maliye M\u00fcfetti\u015fleri \u00f6rg\u00fcte para aktar\u0131m\u0131nda kullan\u0131lan makbuzlar\u0131n sahte oldu\u011funu belirlediler ve olay\u0131n yarg\u0131ya intikal etmesi \u00fczerine Yarg\u0131tay Ba\u015fsavc\u0131l\u0131\u011f\u0131 su\u00e7 duyurusunda bulundu, Ankara Cumhuriyet Ba\u015fsavc\u0131l\u0131\u011f\u0131 da dava a\u00e7t\u0131.<\/p>\n<p style=\"text-align: justify;\">&#8220;Kay\u0131p Trilyon Davas\u0131&#8221;nda RP Genel Ba\u015fkan\u0131 Necmettin Erbakan, &#8220;\u00f6zel belgede sahtecilik&#8221; su\u00e7undan 2 y\u0131l 4 ay hapse mahkum oldu. Ankara 9. A\u011f\u0131r Ceza Mahkemesi, 68 RP y\u00f6neticisini de 1 y\u0131l ile 1 y\u0131l 2 ay aras\u0131 hapisle cezaland\u0131rd\u0131. Yarg\u0131tay karar\u0131 onay\u0131nca hukuki \u00e7ark tamamland\u0131. Ancak eski RP Genel Ba\u015fkan yard\u0131mc\u0131lar\u0131 \u0130\u00e7i\u015fleri Bakan\u0131 Abd\u00fclkadir Aksu ve D\u0131\u015fi\u015fleri Bakan\u0131 Abdullah G\u00fcl hakk\u0131nda, devaml\u0131 dokunulmazl\u0131k alt\u0131nda olduklar\u0131 i\u00e7in ceza davas\u0131 a\u00e7\u0131lmad\u0131. Necmettin Erbakan hakk\u0131nda verilen ceza y\u00fcz k\u0131zart\u0131c\u0131 bir su\u00e7 nedeniyle al\u0131nd\u0131\u011f\u0131 i\u00e7in Erbakan&#8217;\u0131n siyasi ya\u015fam\u0131n\u0131n bitti\u011fi varsay\u0131ld\u0131. Erbakan ev hapsi ve af s\u00fcrecinden sonra siyasi haklar\u0131na yeniden kavu\u015ftu.<\/p>\n<p style=\"text-align: justify;\">2000&#8217;li y\u0131llarda Maliye Bakanl\u0131\u011f\u0131 ise ve Hazine yasal faizi 11 milyon liray\u0131 bulan kamu zarar\u0131n\u0131n parti y\u00f6neticilerinden al\u0131nmas\u0131 i\u00e7in Abdullah G\u00fcl, Necmettin Erbakan ve Abd\u00fclkadir Aksu gibi isimlerin de bulundu\u011fu 88 ki\u015fi hakk\u0131nda alacak davas\u0131 a\u00e7t\u0131.<\/p>\n<p style=\"text-align: justify;\">Kay\u0131p Trilyon Davas\u0131&#8217;nda Cumhurba\u015fkan\u0131 Abdullah G\u00fcl hakk\u0131ndaki evrak tefrik edilip, dokunulmazl\u0131\u011f\u0131 bulundu\u011fu i\u00e7in i\u015fleme konulmad\u0131. G\u00fcl milletvekilli\u011fi s\u00fcresince dokunulmazl\u0131\u011f\u0131n\u0131 korudu ancak Cumhurba\u015fkan\u0131 se\u00e7ildikten sonra hakk\u0131ndaki dosyan\u0131n ak\u0131beti tart\u0131\u015f\u0131ld\u0131. Ankara Cumhuriyet Ba\u015fsavc\u0131l\u0131\u011f\u0131 Cumhurba\u015fkan\u0131 se\u00e7ildikten sonra Abdullah G\u00fcl hakk\u0131nda g\u00f6nderilen bu dosyayla ilgili takipsizlik karar\u0131 verdi. Ba\u015fsavc\u0131l\u0131k Cumhurba\u015fkan\u0131 G\u00fcl hakk\u0131nda &#8220;yasal imkans\u0131zl\u0131k&#8221; nedeniyle, yani kan\u0131t ve unsurlar olmadan soru\u015fturma yap\u0131lamayaca\u011f\u0131 gerek\u00e7esiyle soru\u015fturmaya yer olmad\u0131\u011f\u0131na karar verdi.<\/p>\n<p style=\"text-align: justify;\">Buna itiraz edilirken son karar Sincan Birinci A\u011f\u0131r Ceza Mahkemesi&#8217;nden geldi. Abdullah G\u00fcl i\u00e7in &#8220;yarg\u0131lanmas\u0131 gerekir&#8221; karar\u0131n\u0131n \u00e7\u0131kt\u0131\u011f\u0131 Mahkeme \u00f6zetle &#8220;kamu hukukunda \u2018dokunma&#8217; kural oldu\u011fu i\u00e7in milletvekilleriyle k\u0131yas yap\u0131larak Cumhurba\u015fkan\u0131 i\u00e7in \u2018soru\u015fturulamaz&#8217; karar\u0131 verilmesi yanl\u0131\u015ft\u0131r&#8221; sonucuna ula\u015ft\u0131. Anayasa&#8217;da cumhurba\u015fkanlar\u0131n\u0131n bu t\u00fcr soru\u015fturmalar\u0131n\u0131n nas\u0131l yap\u0131laca\u011f\u0131 konusunda bo\u015fluk bulundu\u011fu, Anayasa de\u011fi\u015fikli\u011fine gidilmesi de \u00f6nerildi.<\/p>\n<p style=\"text-align: justify;\"><a href=\"http:\/\/www.gazeteport.com.tr\/EKONOMI\/NEWS\/GP_893387\" target=\"_blank\">Kaynak : GAZETEPORT<\/a><\/p>\n","protected":false},"excerpt":{"rendered":"<p style=\"text-align: justify;\">\n<p style=\"text-align: justify;\">CHP, kamuoyunda Erbakan Aff\u0131 olarak bilinen yasa maddesinin de yer ald\u0131\u011f\u0131 torba kanununun iptali i\u00e7in Anayasa Mahkemesi&#8217;ne ba\u015fvurdu. Torba Yasa&#8217;da yer alan haklar\u0131nda kapatma karar\u0131 verilen sitasi partilerin denetim yap\u0131lmad\u0131\u011f\u0131 i\u00e7in hesaplar\u0131 hakk\u0131nda karar verilmemi\u015f olanlar\u0131n ve h\u00fck\u00fcme ba\u011flanmam\u0131\u015f davaya konu alacaklar\u0131n\u0131n yeniden yap\u0131land\u0131rmas\u0131n\u0131 da kaps\u0131yordu. <\/p>\n","protected":false},"author":1,"featured_media":0,"comment_status":"open","ping_status":"closed","sticky":false,"template":"","format":"standard","meta":{"footnotes":""},"categories":[105],"tags":[],"class_list":["post-31006","post","type-post","status-publish","format-standard","hentry","category-gundem","odd"],"_links":{"self":[{"href":"http:\/\/www.korhanyilmaz.com\/index.php?rest_route=\/wp\/v2\/posts\/31006","targetHints":{"allow":["GET"]}}],"collection":[{"href":"http:\/\/www.korhanyilmaz.com\/index.php?rest_route=\/wp\/v2\/posts"}],"about":[{"href":"http:\/\/www.korhanyilmaz.com\/index.php?rest_route=\/wp\/v2\/types\/post"}],"author":[{"embeddable":true,"href":"http:\/\/www.korhanyilmaz.com\/index.php?rest_route=\/wp\/v2\/users\/1"}],"replies":[{"embeddable":true,"href":"http:\/\/www.korhanyilmaz.com\/index.php?rest_route=%2Fwp%2Fv2%2Fcomments&post=31006"}],"version-history":[{"count":0,"href":"http:\/\/www.korhanyilmaz.com\/index.php?rest_route=\/wp\/v2\/posts\/31006\/revisions"}],"wp:attachment":[{"href":"http:\/\/www.korhanyilmaz.com\/index.php?rest_route=%2Fwp%2Fv2%2Fmedia&parent=31006"}],"wp:term":[{"taxonomy":"category","embeddable":true,"href":"http:\/\/www.korhanyilmaz.com\/index.php?rest_route=%2Fwp%2Fv2%2Fcategories&post=31006"},{"taxonomy":"post_tag","embeddable":true,"href":"http:\/\/www.korhanyilmaz.com\/index.php?rest_route=%2Fwp%2Fv2%2Ftags&post=31006"}],"curies":[{"name":"wp","href":"https:\/\/api.w.org\/{rel}","templated":true}]}}