{"id":30994,"date":"2011-04-25T19:37:30","date_gmt":"2011-04-25T16:37:30","guid":{"rendered":"http:\/\/www.korhanyilmaz.com\/?p=30994"},"modified":"2011-04-25T19:37:30","modified_gmt":"2011-04-25T16:37:30","slug":"gulden-ygs-ve-ales-degerlendirmesi","status":"publish","type":"post","link":"http:\/\/www.korhanyilmaz.com\/?p=30994","title":{"rendered":"G\u00fcl&#8217;den YGS ve ALES de\u011ferlendirmesi"},"content":{"rendered":"<p style=\"text-align: justify;\"><a href=\"http:\/\/www.korhanyilmaz.com\/wp-content\/uploads\/2011\/04\/0081.jpg\"  class=\"lightview\"><img loading=\"lazy\" decoding=\"async\" class=\"aligncenter size-full wp-image-30995\" src=\"http:\/\/www.korhanyilmaz.com\/wp-content\/uploads\/2011\/04\/0081.jpg\" alt=\"\" width=\"384\" height=\"198\" \/><\/a><\/p>\n<p style=\"text-align: justify;\">Cumhurba\u015fkan\u0131 Abdullah G\u00fcl, \u00d6SYM&#8217;nin yapt\u0131\u011f\u0131 baz\u0131 s\u0131navlara ili\u015fkin iddialar konusunda, &#8221;Bu geli\u015fmeler hepimizi \u00e7ok \u00fcz\u00fcyor. Ama ger\u00e7ekten b\u00f6yle bir durum var m\u0131, yok mu bunu yarg\u0131 s\u00fcreci belirleyecektir&#8221; dedi.<!--more--><\/p>\n<p style=\"text-align: justify;\">ANKARA-G\u00fcl, S\u0131rbistan&#8217;a hareketi \u00f6ncesi Esenbo\u011fa Havaliman\u0131&#8217;nda a\u00e7\u0131klamalarda bulundu ve gazetecilerin sorular\u0131n\u0131 yan\u0131tlad\u0131.<\/p>\n<p style=\"text-align: justify;\">Cumhurba\u015fkan\u0131 G\u00fcl, &#8221;YGS ile ilgili sorunlar bitmemi\u015fken, ikinci basamak s\u0131nav\u0131n\u0131n belki ertelenmesi de g\u00fcndemde. \u015eimdi bir de bu ALES&#8217;de hatal\u0131 kitap\u00e7\u0131k bas\u0131lmas\u0131, sorunlu salona yedek kitap\u00e7\u0131k g\u00f6nderilmemesi gibi yeni sorunlar eklendi. Bu a\u015famada devreye girmeyi d\u00fc\u015f\u00fcyor musunuz? \u00d6SYM Ba\u015fkan\u0131&#8217;ndan bilgi ald\u0131n\u0131z m\u0131? Burada sorumlu kim?&#8221; sorusu \u00fczerine \u015funlar\u0131 s\u00f6yledi:<\/p>\n<p style=\"text-align: justify;\">&#8221;Bu geli\u015fmeler hepimizi \u00e7ok \u00fcz\u00fcyor. Beni de \u00e7ok \u00fcz\u00fcyor. \u00c7\u00fcnk\u00fc T\u00fcrkiye&#8217;de \u015f\u00f6yle bir anlay\u0131\u015f vard\u0131, ister Cumhurba\u015fkan\u0131 \u00e7ocu\u011fu olun, ister Ba\u015fbakan, Meclis Ba\u015fkan\u0131 \u00e7ocu\u011fu olun, isterseniz T\u00fcrkiye&#8217;nin en zengin insan\u0131n\u0131n \u00e7ocu\u011fu olun, bu tip s\u0131navlarda herhangi bir ayr\u0131cal\u0131k s\u00f6z konusu olmaz. Puan\u0131n\u0131z ne ise ona g\u00f6re bir yere yerle\u015firsiniz. Bu anlay\u0131\u015f\u0131n zedelenmesinden do\u011frusu \u00e7ok rahats\u0131z\u0131m tabii ki. Ama ger\u00e7ekten b\u00f6yle bir durum var m\u0131, yok mu bunu yarg\u0131 s\u00fcreci belirleyecektir. Savc\u0131lar g\u00f6revleri ba\u015f\u0131ndad\u0131r. Ve savc\u0131lar \u00e7ok uzmanl\u0131k isteyen bir alan oldu\u011fu i\u00e7in bu alan, b\u00fct\u00fcn uzmanlar da onlar\u0131n emrindedir. Dolay\u0131s\u0131yla o uzmanlarla bu i\u015fleri incelemektedirler. Ve neticede onlar\u0131 s\u00f6yleyece\u011fi \u015fey hepimizi tabii ki tatmin edecektir ve do\u011fru karar\u0131 da onlar verecektir. Ama do\u011frusu s\u00f6yledi\u011fim bir anlay\u0131\u015f vard\u0131. Bu anlay\u0131\u015f\u0131n zedelenmemesi gerekir. Umut ederim ki en k\u0131sa s\u00fcre i\u00e7erisinde yarg\u0131 bununla ilgili neticeyi a\u00e7\u0131klar, biz de hepimiz ona g\u00f6re hareket ederiz.&#8221;<\/p>\n<p style=\"text-align: justify;\"><a href=\"http:\/\/www.gazeteport.com.tr\/SIYASET\/NEWS\/GP_893770\" target=\"_blank\">Kaynak : GAZETEPORT<\/a><\/p>\n","protected":false},"excerpt":{"rendered":"<p style=\"text-align: justify;\">\n<p style=\"text-align: justify;\">Cumhurba\u015fkan\u0131 Abdullah G\u00fcl, \u00d6SYM&#8217;nin yapt\u0131\u011f\u0131 baz\u0131 s\u0131navlara ili\u015fkin iddialar konusunda, &#8221;Bu geli\u015fmeler hepimizi \u00e7ok \u00fcz\u00fcyor. Ama ger\u00e7ekten b\u00f6yle bir durum var m\u0131, yok mu bunu yarg\u0131 s\u00fcreci belirleyecektir&#8221; dedi.<\/p>\n","protected":false},"author":1,"featured_media":0,"comment_status":"open","ping_status":"closed","sticky":false,"template":"","format":"standard","meta":{"footnotes":""},"categories":[105],"tags":[],"class_list":["post-30994","post","type-post","status-publish","format-standard","hentry","category-gundem","odd"],"_links":{"self":[{"href":"http:\/\/www.korhanyilmaz.com\/index.php?rest_route=\/wp\/v2\/posts\/30994","targetHints":{"allow":["GET"]}}],"collection":[{"href":"http:\/\/www.korhanyilmaz.com\/index.php?rest_route=\/wp\/v2\/posts"}],"about":[{"href":"http:\/\/www.korhanyilmaz.com\/index.php?rest_route=\/wp\/v2\/types\/post"}],"author":[{"embeddable":true,"href":"http:\/\/www.korhanyilmaz.com\/index.php?rest_route=\/wp\/v2\/users\/1"}],"replies":[{"embeddable":true,"href":"http:\/\/www.korhanyilmaz.com\/index.php?rest_route=%2Fwp%2Fv2%2Fcomments&post=30994"}],"version-history":[{"count":0,"href":"http:\/\/www.korhanyilmaz.com\/index.php?rest_route=\/wp\/v2\/posts\/30994\/revisions"}],"wp:attachment":[{"href":"http:\/\/www.korhanyilmaz.com\/index.php?rest_route=%2Fwp%2Fv2%2Fmedia&parent=30994"}],"wp:term":[{"taxonomy":"category","embeddable":true,"href":"http:\/\/www.korhanyilmaz.com\/index.php?rest_route=%2Fwp%2Fv2%2Fcategories&post=30994"},{"taxonomy":"post_tag","embeddable":true,"href":"http:\/\/www.korhanyilmaz.com\/index.php?rest_route=%2Fwp%2Fv2%2Ftags&post=30994"}],"curies":[{"name":"wp","href":"https:\/\/api.w.org\/{rel}","templated":true}]}}