{"id":30991,"date":"2011-04-25T13:16:46","date_gmt":"2011-04-25T10:16:46","guid":{"rendered":"http:\/\/www.korhanyilmaz.com\/?p=30991"},"modified":"2011-04-25T13:16:46","modified_gmt":"2011-04-25T10:16:46","slug":"osym-baskanindan-e-posta","status":"publish","type":"post","link":"http:\/\/www.korhanyilmaz.com\/?p=30991","title":{"rendered":"\u00d6SYM Ba\u015fkan\u0131&#8217;ndan e-posta"},"content":{"rendered":"<p style=\"text-align: justify;\"><a href=\"http:\/\/www.korhanyilmaz.com\/wp-content\/uploads\/2011\/04\/0071.jpg\"  class=\"lightview\"><img loading=\"lazy\" decoding=\"async\" class=\"aligncenter size-full wp-image-30992\" src=\"http:\/\/www.korhanyilmaz.com\/wp-content\/uploads\/2011\/04\/0071.jpg\" alt=\"\" width=\"413\" height=\"220\" \/><\/a><\/p>\n<p style=\"text-align: justify;\">\u0130zmir&#8217;de, Akademik Personel ve Lisans\u00fcst\u00fc E\u011fitimi Giri\u015f S\u0131nav\u0131&#8217;na (ALES) Dokuz Eyl\u00fcl \u00dcniversitesi (DE\u00dc) \u0130ktisadi ve \u0130dari Bilimler Fak\u00fcltesinde giren adaylar\u0131n soru kitap\u00e7\u0131klar\u0131ndaki bas\u0131m hatas\u0131 nedeniyle \u00d6SYM&#8217;nin adaylara elektronik posta g\u00f6nderdi\u011fi \u00f6\u011frenildi.<!--more--><\/p>\n<p style=\"text-align: justify;\">ANKARA- Adaylardan Olcay Polat, yapt\u0131\u011f\u0131 a\u00e7\u0131klamada, \u00d6SYM&#8217;den kendilerine elektronik postayla a\u00e7\u0131klama g\u00f6nderildi\u011fini, metinde kitap\u00e7\u0131klar\u0131n de\u011ferlendirilece\u011finin belirtildi\u011fini ifade ederek, ancak kendilerinin s\u0131nav\u0131n iptal edilmesini istedi\u011fini s\u00f6yledi. S\u0131navdan bo\u015f cevap ka\u011f\u0131d\u0131 vererek \u00e7\u0131kt\u0131\u011f\u0131n\u0131 aktaran Polat, s\u0131nav\u0131n tekrarlanmamas\u0131 halinde hukuki yola ba\u015fvuraca\u011f\u0131n\u0131 ifade etti.<\/p>\n<p style=\"text-align: justify;\">\u00d6SYM&#8217;nin adaylara g\u00f6nderdi\u011fi elektronik posta metni \u015f\u00f6yle: &#8221;Sevgili 2011-ALES \u0130lkbahar D\u00f6nemi Aday\u0131, 24 Nisan 2011 g\u00fcn\u00fc yap\u0131lan s\u0131navda size verilen soru kitap\u00e7\u0131\u011f\u0131nda bas\u0131m hatas\u0131 oldu\u011fu tespit edilerek, bilgisi bana iletildi.<\/p>\n<p style=\"text-align: justify;\">Size verilmi\u015f olan soru kitap\u00e7\u0131\u011f\u0131 \u00d6SYM&#8217;ye eri\u015fti\u011finde kitap\u00e7\u0131klar\u0131n\u0131z incelenecek ve sizlerin ma\u011fdur olmamas\u0131 i\u00e7in \u00d6SYM Y\u00f6netim Kurulu taraf\u0131ndan de\u011ferlendirilerek gereken i\u015flem yap\u0131lacakt\u0131r. Ba\u015far\u0131 dileklerimle, Prof. Dr. Ali Demir&#8221;<\/p>\n<p style=\"text-align: justify;\"><strong>SOSYAL PAYLA\u015eIM S\u0130TES\u0130NDE GRUP KURULDU<\/strong><\/p>\n<p style=\"text-align: justify;\">S\u0131nava girenlerden Yasemin Erkan, doktora yapmak i\u00e7in s\u0131nava ba\u015fvurdu\u011funu, s\u0131navda soru kitap\u00e7\u0131\u011f\u0131n\u0131n eksik ve hatal\u0131 oldu\u011funu, yedek kitap\u00e7\u0131\u011f\u0131n say\u0131s\u0131 yetmedi\u011fi i\u00e7in kendisine verilmedi\u011fini, emeklerinin &#8221;bo\u015fa gitti\u011fini&#8221; s\u00f6yledi. \u00d6SYM&#8217;nin &#8216;s\u0131nava kitap\u00e7\u0131klar\u0131 y\u00fcz\u00fcnden kat\u0131lamayanlar\u0131n s\u0131navlar\u0131n\u0131n gerekiyorsa y\u00f6netim kurulu karar\u0131 ile yenilenebilece\u011fi&#8221; a\u00e7\u0131klamas\u0131n\u0131 hat\u0131rlatan Erkan, a\u00e7\u0131klamadaki &#8221;gerekiyorsa&#8221; s\u00f6z\u00fcne anlam veremediklerini, ma\u011fduriyetlerinin ortada oldu\u011funu, a\u00e7\u0131klaman\u0131n tatmin edici olmad\u0131\u011f\u0131n\u0131 belirtti. Erkan, &#8221;Ben Rehberlik ve Psikolojik Dan\u0131\u015fmanl\u0131k \u00d6\u011fretmeniyim. YGS&#8217;ye giren \u00f6\u011frencilerimin moralini, motivasyonunu art\u0131rmaya \u00e7al\u0131\u015f\u0131rken kendim ma\u011fdur oldum&#8221; dedi.<\/p>\n<p style=\"text-align: justify;\">Ka\u00e7 aday\u0131n soru kitap\u00e7\u0131\u011f\u0131nda benzer durumun ya\u015fand\u0131\u011f\u0131n\u0131 bilmediklerini kaydeden Erkan, &#8221;E\u011fer say\u0131m\u0131z \u00e7ok b\u00fcy\u00fck de\u011filse s\u0131nav\u0131n iptal edilmesi yanl\u0131\u015f olur. Ama sadece bizim s\u0131nav\u0131m\u0131z\u0131 yenilemeleri de yanl\u0131\u015f. Nas\u0131l adaletli bir \u00e7\u00f6z\u00fcm bulacaklar\u0131n\u0131 merak ediyorum&#8221; diye konu\u015ftu.<\/p>\n<p style=\"text-align: justify;\">Erkan, bir sosyal payla\u015f\u0131m sitesinde &#8221;2011 ALES \u0130lkbahar Skandal\u0131&#8221; ad\u0131yla grup olu\u015fturduklar\u0131n\u0131 ifade ederek, &#8221;s\u0131nav ma\u011fdurlar\u0131n\u0131 burada toplamak, ortak karar al\u0131p, ortak hareket etmek istediklerini&#8221; s\u00f6yledi. Erkan, \u00d6SYM&#8217;ye maddi ve manevi tazminat davas\u0131 a\u00e7may\u0131 d\u00fc\u015f\u00fcnd\u00fc\u011f\u00fcn\u00fc s\u00f6zlerine ekledi.<\/p>\n<p style=\"text-align: justify;\">Bu arada sosyal payla\u015f\u0131m sitelerinde \u00d6SYM Ba\u015fkan\u0131&#8217;na y\u00f6nelik tepkiler devam ediyor. Kat\u0131l\u0131mc\u0131lar &#8220;Ka\u00e7 yanl\u0131\u015f \u00d6SYM Ba\u015fkan\u0131&#8217;n\u0131 g\u00f6t\u00fcr\u00fcr&#8221; \u015feklinde tepkilerini dile getiriyor.<\/p>\n<p style=\"text-align: justify;\"><strong>E\u011e\u0130T\u0130M SEND\u0130KALARI TEPK\u0130L\u0130<\/strong><\/p>\n<p style=\"text-align: justify;\">E\u011fitim-Sen 1 Nolu \u015eube Ba\u015fkan\u0131 Abdullah Tunal\u0131, E\u011fitim-Sen \u015fubeleri ad\u0131na yapt\u0131\u011f\u0131 a\u00e7\u0131klamada, uzun s\u00fcredir s\u0131nava dayal\u0131 e\u011fitim sistemini \u00e7\u00f6kt\u00fc\u011f\u00fcn\u00fc belirttiklerini, ALES&#8217;te ya\u015fanan eksik ve hatal\u0131 kitap\u00e7\u0131k ile yedek kitap\u00e7\u0131klar\u0131n yetersizli\u011fi olay\u0131n\u0131n da bunu bir kez daha g\u00f6sterdi\u011fini savundu.<\/p>\n<p style=\"text-align: justify;\">Daha \u00f6nce KPSS ve YGS s\u0131navlar\u0131yla ilgili de s\u0131k\u0131nt\u0131l\u0131 \u015feylerin ya\u015fand\u0131\u011f\u0131n\u0131 kaydeden Tunal\u0131, sorumlular\u0131n adalet \u00f6n\u00fcne \u00e7\u0131kar\u0131lmas\u0131 ve hesap vermeleri gerekti\u011fini ifade etti. Tunal\u0131, s\u0131nav sisteminin SBS&#8217;den YGS&#8217;ye, KPSS&#8217;den ALES&#8217;e her a\u015famas\u0131ndaki s\u0131navlar\u0131n s\u0131nava girenlerin ruh sa\u011fl\u0131\u011f\u0131n\u0131 olumsuz etkiledi\u011fini aktararak, &#8221;S\u0131nav sistemi ticari hayata d\u00f6nd\u00fc. Dershaneler, kurslar. S\u0131navlar\u0131n kendisine g\u00fcven kalmad\u0131. Ayr\u0131ca s\u0131navlarda ba\u015far\u0131l\u0131 olan adaylar da g\u00fcven bunal\u0131m\u0131 ya\u015f\u0131yor. Hem bireyin ruh sa\u011fl\u0131\u011f\u0131, hem de toplumun g\u00fcveni s\u0131navlar nedeniyle olumsuzluklar ya\u015f\u0131yor&#8221; diye konu\u015ftu.<\/p>\n<p style=\"text-align: justify;\">T\u00fcrk E\u011fitim-Sen \u0130zmir 3 Nolu \u015eube Ba\u015fkan\u0131 Adnan Sar\u0131say\u0131n da &#8221;iktidar\u0131n \u00d6SYM&#8217;yi temize \u00e7\u0131kartmaktan vazge\u00e7mesi gerekti\u011fini&#8221; belirterek, &#8221;(Tatmin oldum) a\u00e7\u0131klamalar\u0131 \u00f6\u011frenci ve velileri tatmin etmiyor, milletin tatmin olmas\u0131 gerek&#8221; dedi. KPSS ve YGS&#8217;den sonra ALES&#8217;e girenlerin de ma\u011fdur oldu\u011funu kaydeden Sar\u0131say\u0131n, s\u0131navlara olan g\u00fcvenin ortadan kalkt\u0131\u011f\u0131n\u0131 iddia etti. Sar\u0131say\u0131n, \u00d6SYM y\u00f6netiminin istifa etmesi gerekti\u011fini ifade etti.<\/p>\n<p style=\"text-align: justify;\"><a href=\"http:\/\/www.gazeteport.com.tr\/GUNCEL\/NEWS\/GP_893515\">Kaynak : GAZETEPORT<\/a><\/p>\n","protected":false},"excerpt":{"rendered":"<p style=\"text-align: justify;\">\n<p style=\"text-align: justify;\">\u0130zmir&#8217;de, Akademik Personel ve Lisans\u00fcst\u00fc E\u011fitimi Giri\u015f S\u0131nav\u0131&#8217;na (ALES) Dokuz Eyl\u00fcl \u00dcniversitesi (DE\u00dc) \u0130ktisadi ve \u0130dari Bilimler Fak\u00fcltesinde giren adaylar\u0131n soru kitap\u00e7\u0131klar\u0131ndaki bas\u0131m hatas\u0131 nedeniyle \u00d6SYM&#8217;nin adaylara elektronik posta g\u00f6nderdi\u011fi \u00f6\u011frenildi.<\/p>\n","protected":false},"author":1,"featured_media":0,"comment_status":"open","ping_status":"closed","sticky":false,"template":"","format":"standard","meta":{"footnotes":""},"categories":[105],"tags":[],"class_list":["post-30991","post","type-post","status-publish","format-standard","hentry","category-gundem","odd"],"_links":{"self":[{"href":"http:\/\/www.korhanyilmaz.com\/index.php?rest_route=\/wp\/v2\/posts\/30991","targetHints":{"allow":["GET"]}}],"collection":[{"href":"http:\/\/www.korhanyilmaz.com\/index.php?rest_route=\/wp\/v2\/posts"}],"about":[{"href":"http:\/\/www.korhanyilmaz.com\/index.php?rest_route=\/wp\/v2\/types\/post"}],"author":[{"embeddable":true,"href":"http:\/\/www.korhanyilmaz.com\/index.php?rest_route=\/wp\/v2\/users\/1"}],"replies":[{"embeddable":true,"href":"http:\/\/www.korhanyilmaz.com\/index.php?rest_route=%2Fwp%2Fv2%2Fcomments&post=30991"}],"version-history":[{"count":0,"href":"http:\/\/www.korhanyilmaz.com\/index.php?rest_route=\/wp\/v2\/posts\/30991\/revisions"}],"wp:attachment":[{"href":"http:\/\/www.korhanyilmaz.com\/index.php?rest_route=%2Fwp%2Fv2%2Fmedia&parent=30991"}],"wp:term":[{"taxonomy":"category","embeddable":true,"href":"http:\/\/www.korhanyilmaz.com\/index.php?rest_route=%2Fwp%2Fv2%2Fcategories&post=30991"},{"taxonomy":"post_tag","embeddable":true,"href":"http:\/\/www.korhanyilmaz.com\/index.php?rest_route=%2Fwp%2Fv2%2Ftags&post=30991"}],"curies":[{"name":"wp","href":"https:\/\/api.w.org\/{rel}","templated":true}]}}