{"id":30979,"date":"2011-04-25T12:15:23","date_gmt":"2011-04-25T09:15:23","guid":{"rendered":"http:\/\/www.korhanyilmaz.com\/?p=30979"},"modified":"2011-04-25T12:15:23","modified_gmt":"2011-04-25T09:15:23","slug":"arinc-tatmin-oldum-tadini-kacirdi","status":"publish","type":"post","link":"http:\/\/www.korhanyilmaz.com\/?p=30979","title":{"rendered":"Ar\u0131n\u00e7: &#8220;Tatmin oldum&#8221; tad\u0131n\u0131 ka\u00e7\u0131rd\u0131"},"content":{"rendered":"<p style=\"text-align: center;\"><a href=\"http:\/\/www.korhanyilmaz.com\/wp-content\/uploads\/2011\/04\/0041.jpg\"  class=\"lightview\"><img loading=\"lazy\" decoding=\"async\" class=\"aligncenter size-full wp-image-30980\" src=\"http:\/\/www.korhanyilmaz.com\/wp-content\/uploads\/2011\/04\/0041.jpg\" alt=\"\" width=\"413\" height=\"220\" \/><\/a><\/p>\n<p style=\"text-align: justify;\">ALES&#8217;te ya\u015fanan kitap\u00e7\u0131k krizi Ba\u015fbakan Yard\u0131mc\u0131s\u0131 Ar\u0131n\u00e7&#8217;\u0131n tepkisini \u00e7ekti. Di\u011fer s\u0131navlardaki skandallarla ilgili &#8220;tatmin oldunuz mu?&#8221; sorusuna maruz kalan Ar\u0131n\u00e7, bu ifadeden s\u0131k\u0131ld\u0131\u011f\u0131n\u0131 belirtirken, ALES&#8217;teki durumun ise di\u011ferlerinden daha farkl\u0131 oldu\u011funu savundu ve hata demedi, &#8220;eksiklik&#8221; dedi. <!--more--><\/p>\n<p style=\"text-align: justify;\">Ar\u0131n\u00e7, sorular\u0131 yan\u0131tlarken de medya patronu Mehmet Emin Karamehmet&#8217;e g\u00f6ndermede bulundu, sendikal\u0131 olun dedi\u011fi gazetecilere daha sonra AA&#8217;daki durumu \u00f6rnek vererek inan\u0131lmaz s\u00f6zler s\u00f6yledi.<\/p>\n<p style=\"text-align: justify;\">BURSA- Devlet Bakan\u0131 ve Ba\u015fbakan Yard\u0131mc\u0131s\u0131 B\u00fclent Ar\u0131n\u00e7, Akademik Personel ve Lisans\u00fcst\u00fc E\u011fitimi Giri\u015f S\u0131nav\u0131&#8217;ndaki (ALES) bask\u0131 hatalar\u0131 iddialar\u0131yla ilgili &#8221;Bir ALES s\u0131nav\u0131n\u0131 organize eden kurulu\u015fun yeteri say\u0131da yedek soru kitap\u00e7\u0131\u011f\u0131 g\u00f6ndermemesi veya istenildi\u011fi zaman hemen kar\u015f\u0131lanamamas\u0131 \u00e7ok b\u00fcy\u00fck eksikliktir&#8221; dedi.<\/p>\n<p style=\"text-align: justify;\">Bursa Gazeteciler Cemiyetini (BGC) ziyaret eden Ar\u0131n\u00e7, bas\u0131n mensuplar\u0131n\u0131n sorular\u0131n\u0131 cevapland\u0131rd\u0131.<\/p>\n<p style=\"text-align: justify;\"><strong>&#8220;H\u00dcK\u00dcMET\u0130N TATM\u0130N DURUMU DEVAM ED\u0130YOR MU?&#8221;<\/strong><\/p>\n<p style=\"text-align: justify;\">Bir gazetecinin, YGS&#8217;deki \u015fifre iddialar\u0131n\u0131 hat\u0131rlatarak, &#8221;ALES&#8217;te de bir skandal ortaya \u00e7\u0131kt\u0131. \u00d6SYM konusunda h\u00fck\u00fcmetin tatmin hali devam ediyor mu acaba?&#8221; sorusu \u00fczerine B\u00fclent Ar\u0131n\u00e7, \u015funlar\u0131 s\u00f6yledi:<\/p>\n<p style=\"text-align: justify;\">&#8221;Tatmin oldun veya olmad\u0131n kelimesi art\u0131k biraz tad\u0131n\u0131 ka\u00e7\u0131rd\u0131. Birileri o zaman ki a\u00e7\u0131klamalara bakarak bu kelimeyi kullanm\u0131\u015f olabilir. Ama YGS&#8217;deki \u015fifre iddias\u0131yla ilgili konu Ankara Cumhuriyet Ba\u015fsavc\u0131l\u0131\u011f\u0131 taraf\u0131ndan ara\u015ft\u0131r\u0131l\u0131yor. Ba\u015fsavc\u0131 vekillerinden birisi g\u00f6revlendirildi ve en son bu soru kitap\u00e7\u0131klar\u0131n\u0131n bas\u0131ld\u0131\u011f\u0131 Meteksan matbaas\u0131nda 3 g\u00fcn boyunca arama yap\u0131ld\u0131. Bilirki\u015filer detayl\u0131 bir inceleme yapt\u0131lar. D\u00fcn ald\u0131\u011f\u0131m bir haberde bunun bitti\u011fini, art\u0131k bilirki\u015fi raporlar\u0131n\u0131n savc\u0131l\u0131\u011fa iletildi\u011fini \u00f6\u011frendim. Dolay\u0131s\u0131yla tatmin kelimesini i\u00e7inde bulundurmayan bir c\u00fcmle kurmak istiyorum. Bu savc\u0131l\u0131\u011f\u0131n yapt\u0131\u011f\u0131 inceleme sonucunda varsa hata, kusur veya su\u00e7 ortaya \u00e7\u0131kar\u0131lmal\u0131 ve su\u00e7 i\u015flenmi\u015fse bunun sorumlular\u0131 da \u015f\u00fcphesiz en a\u011f\u0131r cezalara maruz kalmal\u0131.<\/p>\n<p style=\"text-align: justify;\">\u00c7\u00fcnk\u00fc bu s\u0131navlar\u0131n \u00e7ocuklar\u0131m\u0131z\u0131n \u00f6n\u00fcnde bir hayat boyu devam eden, ger\u00e7ekten onlar\u0131 stres i\u00e7ine sokan, yar\u0131n\u0131n endi\u015fesiyle tasaland\u0131ran b\u00f6yle bir s\u0131navda e\u011fer yolsuzluk yap\u0131ld\u0131ysa veya ba\u011f\u0131\u015flanmaz bir kusur i\u015flendiyse bunu yapanlar cezaland\u0131r\u0131lmal\u0131d\u0131r. Dolas\u0131yla ben de sizler gibi birilerinin \u015fahsi a\u00e7\u0131klamalar\u0131ndan ziyade savc\u0131l\u0131\u011f\u0131n yapt\u0131\u011f\u0131 incelemenin veya soru\u015fturman\u0131n tamamlanmas\u0131n\u0131 beklemek durumunday\u0131z.&#8221;<\/p>\n<p style=\"text-align: justify;\"><strong>&#8220;ALES&#8217;TEK\u0130 DURUM \u00c7OK FARKLI&#8221;<\/strong><\/p>\n<p style=\"text-align: justify;\">Devlet Bakan\u0131 ve Ba\u015fbakan Yard\u0131mc\u0131s\u0131 B\u00fclent Ar\u0131n\u00e7, ALES ile ilgili konunun \u00e7ok farkl\u0131 oldu\u011funu ifade ederek, s\u00f6zlerine \u015f\u00f6yle devam etti:<\/p>\n<p style=\"text-align: justify;\">&#8221;ALES soru kitap\u00e7\u0131klar\u0131ndan az say\u0131da gelmi\u015f, ba\u015fka yerden kar\u015f\u0131lamaya \u00e7al\u0131\u015fm\u0131\u015flar ama say\u0131 yeterli olmad\u0131\u011f\u0131 i\u00e7in oras\u0131 da olmam\u0131\u015f. Manisa&#8217;dan temin etmi\u015fler, ama yine de eksik kalanlar olmu\u015f. Bir ALES s\u0131nav\u0131n\u0131 organize eden kurulu\u015fun yeteri say\u0131da yedek soru kitap\u00e7\u0131\u011f\u0131 g\u00f6ndermemesi veya istenildi\u011fi zaman hemen kar\u015f\u0131lanamamas\u0131 \u00e7ok b\u00fcy\u00fck eksikliktir. San\u0131yorum bir a\u00e7\u0131klama yap\u0131ld\u0131. Burada bir yolsuzluktan veya bir \u015fifre gibi bir usuls\u00fczl\u00fckten bahsedilmiyor. Ancak san\u0131yorum \u0130zmir&#8217;de yap\u0131lan s\u0131navda eksik gelmi\u015f. Telafi etmek m\u00fcmk\u00fcnd\u00fcr, ama bu t\u00fcr olaylar\u0131n \u00fcst \u00fcste gelmesi, her halde bir se\u00e7im d\u00f6neminde fazlas\u0131yla herkesi ilgilendirmesinin alt\u0131nda yatan ba\u015fka bir husus varsa, T\u00fcrkiye bir hukuk devleti oldu\u011funa g\u00f6re bunu da ara\u015ft\u0131rmak zorundad\u0131r. Do\u011frusu bizi \u00e7ok rahats\u0131z eden geli\u015fmeler. Gen\u00e7lerin istikbalinin s\u00f6z konusu oldu\u011fu bir yerde, herkesin b\u00fcy\u00fck bir hevesle haz\u0131rland\u0131\u011f\u0131 bir s\u0131navda ya\u015fanan b\u00f6yle tersliklerin, onlar\u0131 d\u00fc\u015f k\u0131r\u0131kl\u0131\u011f\u0131na u\u011fratmas\u0131 bizleri \u00e7ok \u00fcz\u00fcyor.&#8221;<\/p>\n<p style=\"text-align: justify;\"><strong>&#8220;\u00c7AKALLAR-BOZKURTLAR TARTI\u015eMASI DO\u011eRU B\u0130R TARTI\u015eMA DE\u011e\u0130L&#8221;<\/strong><\/p>\n<p style=\"text-align: justify;\">Ziyaretinin ard\u0131ndan gazetecilerin sorular\u0131n\u0131 yan\u0131tlayan Ar\u0131n\u00e7, &#8221;Son g\u00fcnlerdeki siyasetteki \u00fcslup tart\u0131\u015fmalar\u0131na&#8221; ili\u015fkin soru \u00fczerine \u015f\u00f6yle konu\u015ftu:<\/p>\n<p style=\"text-align: justify;\">&#8221;Sayg\u0131l\u0131 bir \u00fcsluba hepimizin ihtiyac\u0131 var, T\u00fcrkiye&#8217;nin \u00e7ok daha fazla ihtiyac\u0131 var. Yani &#8216;\u00c7akallar-Bozkurtlar&#8217; tart\u0131\u015fmas\u0131 do\u011fru bir tart\u0131\u015fma de\u011fil. Bunlar\u0131 kullanmamal\u0131y\u0131z. Say\u0131n Bah\u00e7eli, La Fontaine Masallar\u0131ndan bahseder gibi \u00e7akallar\u0131, Bozkurtlar\u0131 vesaireleri \u00e7ok \u00e7ok konu\u015fmamal\u0131. Veya sembol haline gelmi\u015f baz\u0131 de\u011fer veren unsurlar\u0131 tahrik edecek bir \u00fcslubun i\u00e7inde de olmamal\u0131y\u0131z.&#8221;<\/p>\n<p style=\"text-align: justify;\"><strong>&#8220;ECEV\u0130T BEN\u0130 KUTLAMI\u015eTI&#8221;<\/strong><\/p>\n<p style=\"text-align: justify;\">Siyasi hayat\u0131nda, eski ba\u015fbakanlardan rahmetli B\u00fclent Ecevit&#8217;in \u00fcslubuna \u00e7ok \u00f6nem verdi\u011fini belirten Ar\u0131n\u00e7, \u015f\u00f6yle devam etti:<\/p>\n<p style=\"text-align: justify;\">&#8221;\u00c7\u00fcnk\u00fc o keskin c\u00fcmleleri bile sayg\u0131s\u0131n\u0131 bozmadan s\u00f6yleyebilen ve konu\u015fmas\u0131nda bunlara \u00e7ok dikkat eden bir liderdi. Onun \u00f6vg\u00fcs\u00fcn\u00fc de alm\u0131\u015f bir insan\u0131m. Say\u0131n Ecevit, Say\u0131n H\u00fcsamettin \u00d6zkan&#8217;\u0131n da oldu\u011fu bir yerde ben de bulunmu\u015ftum ve beni \u00fcslubumdan dolay\u0131 kutlam\u0131\u015ft\u0131. &#8216;Fikirlerimiz ayr\u0131 ama \u00fcslubunuz \u00e7ok ho\u015fuma gidiyor&#8217; demi\u015fti. Bunu iyi bir an\u0131 olarak hat\u0131rl\u0131yorum.&#8221;<\/p>\n<p style=\"text-align: justify;\"><strong>ARIN\u00c7&#8217;TAN KARAMEHMET&#8217;E G\u00d6NDERME<\/strong><\/p>\n<p style=\"text-align: justify;\">Bir bas\u0131n mensubunun, Anadolu Ajans\u0131&#8217;ndaki (AA) toplu s\u00f6zle\u015fme s\u00fcreci ve bas\u0131n sekt\u00f6r\u00fcndeki sendikala\u015fma sorununa ili\u015fkin sorusu \u00fczerine Ar\u0131n\u00e7, gazetecilerin sendikal\u0131 olmas\u0131, sendika marifetiyle patronlarla toplu i\u015f s\u00f6zle\u015fmesi yapmas\u0131n\u0131n kanunen m\u00fcmk\u00fcn oldu\u011funu ama burada gazete veya medya patronlar\u0131n\u0131n tavr\u0131n\u0131n da \u00f6nemli oldu\u011funu s\u00f6yledi.<\/p>\n<p style=\"text-align: justify;\">Bununla ilgili h\u00fck\u00fcm oldu\u011funu, i\u015f\u00e7iler veya \u00e7al\u0131\u015fanlar\u0131n elbette sendikal\u0131 olabilece\u011fini ifade eden Ar\u0131n\u00e7, \u015f\u00f6yle konu\u015ftu:<\/p>\n<p style=\"text-align: justify;\">&#8221;Size \u00e7ok enteresan bir \u015fey s\u00f6yleyeyim; \u015fu elektrik da\u011f\u0131t\u0131m ihalelerinde, neredeyse 6 milyar dolarl\u0131k ihaleyi alan ve &#8216;ben bu paray\u0131 hemen \u00f6deyece\u011fim&#8217; diye taahh\u00fctte bulunan ki\u015fi, &#8216;televizyonunda \u00e7al\u0131\u015fanlar\u0131n paralar\u0131n\u0131 6 ayd\u0131r vermiyor&#8217; diye s\u00f6yledim. En \u00e7ok tebri\u011fi gazetecilerden ald\u0131m ama arkadan ba\u015fka bir \u015fey oldu. Gazetecileri temsille g\u00f6revli \u00fcst kurulu\u015flar\u0131n ba\u015fkanlar\u0131, &#8216;sizi tebrik ediyoruz&#8217; dediler. Ba\u015fka bir \u015fey daha s\u00f6ylediler; aman ne olur bu s\u00f6ylediklerinizi her yerde s\u00f6yleyin. &#8216;Siz niye s\u00f6ylemiyorsunuz?&#8217; dedim, &#8216;biz s\u00f6yleyemeyiz&#8217; dediler. Sizin s\u00f6ylemeniz laz\u0131m. Evet ben, g\u00f6z\u00fc kara bir adam\u0131m, her yerde de bunlar\u0131 s\u00f6ylerim, s\u00f6yleyece\u011fim ama bir siyaset\u00e7inin bunlarla kavga ederek bu tavr\u0131 ortaya koymas\u0131n\u0131n ne anlama geldi\u011fini de hepimizin bilmesi laz\u0131m.<\/p>\n<p style=\"text-align: justify;\">Dolay\u0131s\u0131yla \u00e7al\u0131\u015fanlar ile o \u00e7al\u0131\u015fanlar\u0131 temsil eden kurulu\u015flar, bu konuda \u00e7ok kararl\u0131, cesur olmalar\u0131 laz\u0131m. Evet yap\u0131yorlar g\u00f6revlerini ama sizin \u015fikayet etti\u011finiz konuyu g\u00fcndeme getirene ben rastlamad\u0131m. Dolay\u0131s\u0131yla bu, beraberce y\u00fcr\u00fctece\u011fimiz bir konudur. Hakikaten \u00fcz\u00fcl\u00fcyorum arkada\u015flar, ertesi g\u00fcn\u00fc kap\u0131n\u0131n \u00f6n\u00fcnde&#8230; \u0130\u015fsiz kalabiliyor gazeteciler, ekmek g\u00f6t\u00fcremiyor evine, hasta \u00e7ocu\u011funa bakamaz hale geliyor, hi\u00e7bir g\u00fcvenceleri yok. Bu g\u00fcvenceleri kanunlar g\u00f6stermi\u015f ama bu konular\u0131n uygulanmas\u0131 s\u0131ras\u0131nda bunlar\u0131 uygulamayan, aba alt\u0131ndan sopa g\u00f6steren &#8216;bak \u015f\u00f6yle yapar\u0131m&#8217; diye korkutanlara da bizim toplum olarak nas\u0131l bug\u00fcn sokaklarda, baz\u0131 haklar\u0131 savunabiliyorsak bunlar\u0131 da savunmam\u0131z gerekecek. Ben yan\u0131n\u0131zday\u0131m. Bu konuda hakikaten, \u00fczerimize ald\u0131\u011f\u0131m\u0131z i\u015fi de Allah&#8217;\u0131n izniyle yapaca\u011f\u0131z.&#8221;<\/p>\n<p style=\"text-align: justify;\"><strong>SEND\u0130KAYI \u00d6VD\u00dc, AA \u00c7ALI\u015eANINA REST \u00c7EKT\u0130<\/strong><\/p>\n<p style=\"text-align: justify;\">Ar\u0131n\u00e7, AA&#8217;daki toplu i\u015f g\u00f6r\u00fc\u015fmeleri s\u00fcrecine de de\u011finerek, &#8221;Bak\u0131n\u0131z, Anadolu Ajans\u0131ndaki sendika ve toplu i\u015f s\u00f6zle\u015fmesi, \u00f6rnek toplu i\u015f s\u00f6zle\u015fmeleridir. \u00c7al\u0131\u015fanlar lehine alabildi\u011fince haklar getirilmi\u015ftir, hatta biraz da fazlas\u0131. Arkada\u015flar, bug\u00fcn 30-35 y\u0131l\u0131n\u0131 ge\u00e7irmi\u015f bir idareci, bir m\u00fclki amir d\u00fc\u015f\u00fcn\u00fcn, vali olarak emekli oldu\u011funda 70 milyar lira tazminat alabiliyor&#8221; dedi.<\/p>\n<p style=\"text-align: justify;\">Soruyu y\u00f6nelten gazeteciye &#8221;Senin ne ald\u0131\u011f\u0131n\u0131 bilmiyorum ama s\u00f6yletme beni&#8221; diye seslenen Ar\u0131n\u00e7, &#8221;Arkada\u015flar, \u00f6rnek veriyorum; vali 70 milyar\u0131 zor al\u0131yor, 20 seneden fazla AA&#8217;da \u00e7al\u0131\u015fm\u0131\u015f ve emekli olmu\u015f bir insan 400 milyar\u0131n \u00fczerinde al\u0131yor. Bu do\u011fru mudur, yanl\u0131\u015f m\u0131d\u0131r? Hakk\u0131d\u0131r, toplu i\u015f s\u00f6zle\u015fmesi bunu vermi\u015f&#8230;&#8221; dedi.<\/p>\n<p style=\"text-align: justify;\">B\u00fclent Ar\u0131n\u00e7, AA&#8217;da neredeyse 65 ya\u015f\u0131na gelmi\u015f bir ki\u015finin bile emekli edilemedi\u011fini ifade ederek, s\u00f6zlerini \u015f\u00f6yle s\u00fcrd\u00fcrd\u00fc:<\/p>\n<p style=\"text-align: justify;\">&#8221;Toplu i\u015f s\u00f6zle\u015fmesini elime ald\u0131\u011f\u0131m\u0131z zaman hayret ettim. Ben y\u0131llard\u0131r Hak-\u0130\u015f Sendikas\u0131n\u0131n avukatl\u0131\u011f\u0131n\u0131 yapt\u0131m. 15 senem sendika avukatl\u0131\u011f\u0131yla ge\u00e7ti. Yetkinin, itirazlar\u0131n ne oldu\u011funu bilirim. Bir i\u015f yerinde \u00f6rg\u00fctlenmenin ne oldu\u011funu, ne kadar zor oldu\u011funu bilirim ama ben b\u00f6yle bir toplu s\u00f6zle\u015fme, b\u00f6yle bir \u015fey g\u00f6rmedim. Eskiden beri geliyor, eskiden beri hi\u00e7bir toplu s\u00f6zle\u015fme m\u00fczakere edilmeden imzalanm\u0131\u015f, ben ondan sorumlu de\u011filim. Ben, m\u00fczakere edece\u011fim, \u00e7ok \u015f\u00fck\u00fcr. Bug\u00fcn onlar grev karar\u0131 ald\u0131lar, grev de yasal bir hakt\u0131r. Greve ba\u015flarlarsa i\u015fveren i\u00e7in de lokavt yasal bir hakt\u0131r ama \u00f6nemli olan uzla\u015fmakt\u0131r, imzay\u0131 atmakt\u0131r. Bug\u00fcn her noktada uzla\u015fabiliyoruz ama kendilerini teminat alt\u0131na al\u0131nm\u0131\u015f olan 2 maddeye itirazlar\u0131 var sendikan\u0131n. Bunu m\u00fczakere etmek de bizim hakk\u0131m\u0131z, l\u00fctfen&#8230;<\/p>\n<p style=\"text-align: justify;\">Ben 4 aydan beri bu toplu s\u00f6zle\u015fmeyi m\u00fczakere ediyorum. Bana d\u00fc\u015fen budur. Benim kurumumun b\u00fct\u00e7eden tahsis edilen paras\u0131, AA&#8217;ya 3 ay bile yetmiyor. Ya bankadan faizle para al\u0131yor, maa\u015f \u00f6d\u00fcyor veya ben Maliye&#8217;den ek b\u00fct\u00e7e al\u0131yorum. Art\u0131k AA&#8217;y\u0131 kendi ayaklar\u0131 \u00fczerinde duran bir kurulu\u015f haline getirece\u011fiz. Sendika bizi grevle tehdit ediyor, hakk\u0131nd\u0131r, kullanabilirsin ama bunun kar\u015f\u0131l\u0131\u011f\u0131nda kanunun bize verdi\u011fi haklar da var. Hi\u00e7 b\u00f6yle bir restle\u015fmeye gerek yok, sonunda in\u015fallah umar\u0131m ki akl\u0131selimle toplu s\u00f6zle\u015fmeyi imzalar\u0131z.&#8221;<\/p>\n<p style=\"text-align: justify;\"><strong>GAZETEC\u0130LERE &#8220;YIPRANMA HAKKI&#8221;NI GER\u0130 VERECE\u011e\u0130Z<\/strong><\/p>\n<p style=\"text-align: justify;\">Bursa Gazeteciler Cemiyeti Ba\u015fkan\u0131 Nuri Kolayl\u0131&#8217;n\u0131n, 212 Say\u0131l\u0131 yasan\u0131n yeniden ele al\u0131nmas\u0131 gerekti\u011fiyle ilgili hat\u0131rlatmas\u0131 \u00fczerine Ar\u0131n\u00e7, kendilerinin kald\u0131rd\u0131\u011f\u0131 bas\u0131n \u00e7al\u0131\u015fanlar\u0131n\u0131n &#8220;y\u0131pranma hakk\u0131&#8221;yla ilgili olarak \u015f\u00f6yle konu\u015ftu:<\/p>\n<p style=\"text-align: justify;\">&#8221;Bas\u0131nda \u00e7al\u0131\u015fanlar\u0131n bu haklar\u0131, ger\u00e7ek haklard\u0131r, bunlar\u0131 kabul ediyoruz ve in\u015fallah yeni d\u00f6nemde kim olursa olsun bu konuda ele ele verece\u011fiz akl\u0131selimle \u00e7al\u0131\u015fmalar\u0131m\u0131z\u0131 yapaca\u011f\u0131z. Al\u0131n terinin kar\u015f\u0131l\u0131\u011f\u0131n\u0131 mutlaka vermemiz laz\u0131m, y\u0131pranma hakk\u0131 olarak da da di\u011fer haklar olarak da.<\/p>\n<p style=\"text-align: justify;\">Biz bug\u00fcn Bas\u0131n Yay\u0131n ve Enformasyon Genel M\u00fcd\u00fcrl\u00fc\u011f\u00fcnde baz\u0131 \u00e7areler bulmaya \u00e7al\u0131\u015f\u0131yoruz. Yani lojistik destek verelim, nakdi veremiyorsak ayni verelim. Haber deste\u011fi veriyoruz, TRT Anadolu&#8217;da tan\u0131t\u0131m veriyoruz, CD&#8217;ler g\u00f6nderiyoruz, \u015fimdi yurt d\u0131\u015f\u0131na \u00e7\u0131k\u0131\u015flarda gri, hizmet pasaportu veriyoruz, vermedi\u011fimiz bir \u015fey de kalmad\u0131.&#8221;<\/p>\n<p style=\"text-align: justify;\"><strong>Kaynak : GAZETEPORT<\/strong><\/p>\n","protected":false},"excerpt":{"rendered":"<p style=\"text-align: center;\">\n<p style=\"text-align: justify;\">ALES&#8217;te ya\u015fanan kitap\u00e7\u0131k krizi Ba\u015fbakan Yard\u0131mc\u0131s\u0131 Ar\u0131n\u00e7&#8217;\u0131n tepkisini \u00e7ekti. Di\u011fer s\u0131navlardaki skandallarla ilgili &#8220;tatmin oldunuz mu?&#8221; sorusuna maruz kalan Ar\u0131n\u00e7, bu ifadeden s\u0131k\u0131ld\u0131\u011f\u0131n\u0131 belirtirken, ALES&#8217;teki durumun ise di\u011ferlerinden daha farkl\u0131 oldu\u011funu savundu ve hata demedi, &#8220;eksiklik&#8221; dedi. <\/p>\n","protected":false},"author":1,"featured_media":0,"comment_status":"open","ping_status":"closed","sticky":false,"template":"","format":"standard","meta":{"footnotes":""},"categories":[105],"tags":[],"class_list":["post-30979","post","type-post","status-publish","format-standard","hentry","category-gundem","odd"],"_links":{"self":[{"href":"http:\/\/www.korhanyilmaz.com\/index.php?rest_route=\/wp\/v2\/posts\/30979","targetHints":{"allow":["GET"]}}],"collection":[{"href":"http:\/\/www.korhanyilmaz.com\/index.php?rest_route=\/wp\/v2\/posts"}],"about":[{"href":"http:\/\/www.korhanyilmaz.com\/index.php?rest_route=\/wp\/v2\/types\/post"}],"author":[{"embeddable":true,"href":"http:\/\/www.korhanyilmaz.com\/index.php?rest_route=\/wp\/v2\/users\/1"}],"replies":[{"embeddable":true,"href":"http:\/\/www.korhanyilmaz.com\/index.php?rest_route=%2Fwp%2Fv2%2Fcomments&post=30979"}],"version-history":[{"count":0,"href":"http:\/\/www.korhanyilmaz.com\/index.php?rest_route=\/wp\/v2\/posts\/30979\/revisions"}],"wp:attachment":[{"href":"http:\/\/www.korhanyilmaz.com\/index.php?rest_route=%2Fwp%2Fv2%2Fmedia&parent=30979"}],"wp:term":[{"taxonomy":"category","embeddable":true,"href":"http:\/\/www.korhanyilmaz.com\/index.php?rest_route=%2Fwp%2Fv2%2Fcategories&post=30979"},{"taxonomy":"post_tag","embeddable":true,"href":"http:\/\/www.korhanyilmaz.com\/index.php?rest_route=%2Fwp%2Fv2%2Ftags&post=30979"}],"curies":[{"name":"wp","href":"https:\/\/api.w.org\/{rel}","templated":true}]}}