{"id":30973,"date":"2011-04-25T17:09:52","date_gmt":"2011-04-25T14:09:52","guid":{"rendered":"http:\/\/www.korhanyilmaz.com\/?p=30973"},"modified":"2011-04-25T17:09:52","modified_gmt":"2011-04-25T14:09:52","slug":"kilicdaroglu-sifreli-hayat-oh-ne-rahat","status":"publish","type":"post","link":"http:\/\/www.korhanyilmaz.com\/?p=30973","title":{"rendered":"K\u0131l\u0131\u00e7daro\u011flu: &#8220;\u015eifreli hayat, oh ne rahat&#8221;"},"content":{"rendered":"<p style=\"text-align: justify;\"><a href=\"http:\/\/www.korhanyilmaz.com\/wp-content\/uploads\/2011\/04\/0021.jpg\"  class=\"lightview\"><img loading=\"lazy\" decoding=\"async\" class=\"aligncenter size-full wp-image-30974\" src=\"http:\/\/www.korhanyilmaz.com\/wp-content\/uploads\/2011\/04\/0021.jpg\" alt=\"\" width=\"414\" height=\"219\" \/><\/a><\/p>\n<p style=\"text-align: justify;\">Zonguldak&#8217;ta konu\u015fan CHP lideri K\u0131l\u0131\u00e7daro\u011flu, &#8220;1 milyon 700 bin aileye sesleniyorum, sand\u0131\u011fa gidince bunlara dersini verin. Bir demokrasi dersi verelim, bir aya\u011fa kalkal\u0131m&#8221; dedi.<!--more--><\/p>\n<p style=\"text-align: justify;\">ZONGULDAK &#8211; CHP&#8217;nin Ergenekon davas\u0131n\u0131n tutuklu san\u0131\u011f\u0131 Prof. Dr. Mehmet Haberal&#8217;\u0131 aday g\u00f6stermesiyle dikkatleri \u00fczerinde toplayan Zonguldak&#8217;ta bug\u00fcn CHP lideri Kemal K\u0131l\u0131\u00e7daro\u011flu&#8217;nun mitingi vard\u0131.<\/p>\n<p style=\"text-align: justify;\">K\u0131l\u0131\u00e7daro\u011flu, partisince Zonguldak&#8217;taki i\u015f\u00e7i an\u0131t\u0131 \u00f6n\u00fcndeki meydanda d\u00fczenlenen mitinge i\u015f\u00e7i baretiyle geldi. K\u0131l\u0131\u00e7daro\u011flu, burada yapt\u0131\u011f\u0131 konu\u015fmada alana gelenleri, &#8221;merhaba al\u0131n terinin sahipleri, kara elmas\u0131n ba\u015fkenti, eme\u011fin ba\u015fkenti&#8221; s\u00f6zleriyle selamlad\u0131. Konu\u015fmas\u0131 &#8216;Halk\u00e7\u0131 Kemal&#8217; sloganlar\u0131yla kesilen K\u0131l\u0131\u00e7daro\u011flu&#8217;na kasket verildi. Kasketi ba\u015f\u0131na takan K\u0131l\u0131\u00e7daro\u011flu, \u00d6SYM&#8217;nin skandallar\u0131na at\u0131fta bulunarak \u015f\u00f6yle konu\u015ftu:<\/p>\n<p style=\"text-align: justify;\">&#8220;T\u00fcrkiye&#8217;nin en g\u00fcvenilir kurumlar\u0131ndan birisi \u00d6SYM&#8217;ydi. Bunlar geldiler, buray\u0131 da bat\u0131rd\u0131lar. Siz 1 milyon 700 bin gencin hayaliyle nas\u0131l oynars\u0131n\u0131z? Bir de o koltuklarda oturuyorsunuz. Ne diyorlar, &#8216;\u015eifreli hayat, oh ne rahat&#8217;. 1 milyon 700 bin aileye sesleniyorum, sand\u0131\u011fa gidince bunlara dersini verin. Bir demokrasi dersi verelim, bir aya\u011fa kalkal\u0131m. Bu memleketi bu kadar peri\u015fan etmeye bunlar\u0131n hakk\u0131 var m\u0131?&#8221;<\/p>\n<p style=\"text-align: center;\"><a href=\"http:\/\/www.korhanyilmaz.com\/wp-content\/uploads\/2011\/04\/0031.jpg\"  class=\"lightview\"><img loading=\"lazy\" decoding=\"async\" class=\"aligncenter size-full wp-image-30975\" src=\"http:\/\/www.korhanyilmaz.com\/wp-content\/uploads\/2011\/04\/0031.jpg\" alt=\"\" width=\"461\" height=\"238\" \/><\/a><\/p>\n<p style=\"text-align: justify;\"><strong>MADENC\u0130LER\u0130N EV\u0130NE Z\u0130YARET<\/strong><\/p>\n<p style=\"text-align: justify;\">Bu arada, Kemal K\u0131l\u0131\u00e7daro\u011flu miting \u00f6ncesinde Karadon oca\u011f\u0131nda ge\u00e7ti\u011fimiz y\u0131l meydana gelen grizu facias\u0131ndan 8 ay sonra cesetleri \u00e7\u0131kar\u0131lan Engin D\u00fczc\u00fck ve Dursun Kartal&#8217;\u0131n ailelerini ziyaret etti.<\/p>\n<p style=\"text-align: justify;\">\u0130lk olarak Salt\u0131kova beldesinde bulunan Engin D\u00fczc\u00fck&#8217;\u00fcn ailesinin evine giden K\u0131l\u0131\u00e7daro\u011flu, ard\u0131ndan di\u011fer madenci Dursun Kartal&#8217;\u0131n evine ge\u00e7ti. Kartal&#8217;\u0131n e\u015fi G\u00fclizar Kartal, K\u0131l\u0131\u00e7daro\u011flu&#8217;na &#8221;Sizin sayenizde bulundu. Sa\u011f bulmu\u015f kadar sevindik&#8221; dedi.<\/p>\n<p style=\"text-align: justify;\">Belde sokaklar\u0131nda gezerken bir vatanda\u015f\u0131n &#8221;Ki\u015fi ba\u015f\u0131 gelir 10 bin dolar diyorlar. Bizim cebimizde hi\u00e7bir \u015fey yok&#8221; demesi \u00fczerine K\u0131l\u0131\u00e7daro\u011flu, &#8221;O onlar\u0131n 10 bin dolar\u0131&#8221; dedi.<\/p>\n<p style=\"text-align: justify;\">12 Haziran se\u00e7imlerine az bir s\u00fcre kald\u0131\u011f\u0131n\u0131 ifade eden K\u0131l\u0131\u00e7daro\u011flu, &#8221;Hep beraber bile\u011fimizin g\u00fcc\u00fcyle, halk\u0131m\u0131z\u0131n deste\u011fiyle AKP&#8217;ye dersini verece\u011fiz&#8221; dedi. Alandakilerden s\u00f6z alan K\u0131l\u0131\u00e7daro\u011flu, kendisinin de \u00fczerine d\u00fc\u015fen g\u00f6revi yapaca\u011f\u0131 s\u00f6z\u00fcn\u00fc verdi.<\/p>\n<p style=\"text-align: justify;\"><strong>&#8221;A&#8230; GER\u0130S\u0130N\u0130 S\u00d6YLEMEYEY\u0130M&#8221;<\/strong><\/p>\n<p style=\"text-align: justify;\">Aile sigortas\u0131yla projeleri kapsam\u0131nda, ailenin ilerleyen bir zamanda gelirsiz kalmas\u0131 haline onlar\u0131 da sigorta kapsam\u0131na alacaklar\u0131n\u0131 ifade eden K\u0131l\u0131\u00e7daro\u011flu, 60 ya\u015f\u0131nda i\u015ften \u00e7\u0131kar\u0131lan bir i\u015f\u00e7inin de emeklili\u011fe kadar aile sigortas\u0131 kapsam\u0131na al\u0131nabilece\u011fini anlatt\u0131.<\/p>\n<p style=\"text-align: justify;\">&#8221;Bu \u00fclkenin g\u00fczel insanlar\u0131 birilerine minnet duymayacak&#8221; diyen K\u0131l\u0131\u00e7daro\u011flu, herkesin ge\u00e7inebilece\u011fini, Ba\u015fbakan Recep Tayyip Erdo\u011fan&#8217;\u0131n kendisine &#8221;onu neden zaman\u0131nda yapmad\u0131n&#8221; dedi\u011fini hat\u0131rlatt\u0131. K\u0131l\u0131\u00e7daro\u011flu, \u015funlar\u0131 kaydetti:<\/p>\n<p style=\"text-align: justify;\">&#8221;Bilgili bir adam olsa oturup cevab\u0131n\u0131 verece\u011fim. Adamda bilgi yok. Cehalet kokuyor ba\u015ftan sona. Neden cehalet kokuyor? Nesini d\u00fczelteceksiniz bunun. Parlamentoda yasa 1971&#8217;de \u00e7\u0131km\u0131\u015f. \u00c7\u0131kan yasa, uluslararas\u0131 s\u00f6zle\u015fmeyi onaylayan yasa. Yani yeni bir kanun de\u011fil. Yenilendi mi hay\u0131r. Sen 1971&#8217;de s\u00f6z veren bir parlamentonun taah\u00fcd\u00fcn\u00fc 9 y\u0131lda yapamad\u0131n. Ben daha iktidara gelmeden \u00f6nce s\u00f6z veriyorum &#8216;aile sigortas\u0131n\u0131 \u00e7\u0131karaca\u011f\u0131m&#8217; diye. Niye pani\u011fe kap\u0131l\u0131yorsun sen.<\/p>\n<p style=\"text-align: justify;\">Efendim neymi\u015f Sosyal Sigortalar Kurumu Genel M\u00fcd\u00fcrl\u00fc\u011f\u00fc yapt\u0131\u011f\u0131m d\u00f6nemi su\u00e7luyor. Beni su\u00e7luyor. Buradan Zonguldak&#8217;tan, i\u015f\u00e7i kentinden sana meydan okuyorum Recep Tayyip Erdo\u011fan, sana meydan okuyorum; e\u011fer sen yi\u011fit adamsan, d\u00fczg\u00fcn adamsan, adam gibi adamsan, delikanl\u0131 adamsan istedi\u011fin televizyon kanal\u0131na gel, seninle hesapla\u015fal\u0131m. Nas\u0131l bir y\u0131kaca\u011f\u0131m seni, g\u00f6receksin sen. Recep Tayyip Erdo\u011fan a\u00e7\u0131k konu\u015fabilir mi? Ben de biliyorum \u00e7\u0131kamaz. \u00c7\u0131kmas\u0131 i\u00e7in mangal gibi bir y\u00fcrek olmas\u0131 laz\u0131m. Var m\u0131 o y\u00fcrek onda. Meydan okuyorum.<\/p>\n<p style=\"text-align: justify;\">E\u011fer bir toplu i\u011fne ucu kadar yak\u0131nlar\u0131ma \u00e7\u0131kar sa\u011flad\u0131\u011f\u0131m\u0131 ispat edersen eyvallah. \u0130spat edemezsen benim ad\u0131m\u0131 yolsuzlukla anarsan a.. gerisini s\u00f6ylemeyeyim. Neden bu kadar s\u00f6yl\u00fcyorum. Arkada\u015flar biz temiz siyaseti getirmek istiyoruz. Halka hesap veren siyaseti getirmek istiyoruz.&#8221;<\/p>\n<p style=\"text-align: justify;\"><strong>ZONGULDAK ECEV\u0130T&#8217;\u0130N KENT\u0130<\/strong><\/p>\n<p style=\"text-align: justify;\">Zonguldak&#8217;\u0131n ayn\u0131 zamanda eski Ba\u015fbakan B\u00fclent Ecevit&#8217;in kenti oldu\u011funu hat\u0131rlatan K\u0131l\u0131\u00e7daro\u011flu, grevli toplu s\u00f6zle\u015fmeyi getiren Ecevit&#8217;in kenti oldu\u011funu s\u00f6yledi.<\/p>\n<p style=\"text-align: justify;\">K\u0131l\u0131\u00e7daro\u011flu, &#8221;\u015eimdi eski defterleri kar\u0131\u015ft\u0131r\u0131yorlar. \u015eu &#8216;Ecevit ile ilgili ne s\u00f6yleyebiliriz&#8217; diye. Neymi\u015f, bir foto\u011fraf\u0131 bulmu\u015flar o foto\u011fraf\u0131 yay\u0131nl\u0131yorlar. Allah a\u015fk\u0131na bunun ahlakla bir ilgisi var m\u0131? M\u00fcsl\u00fcmanl\u0131kla bir ilgisi var m\u0131? Bir de bunlar M\u00fcsl\u00fcman ge\u00e7iniyorlar. A\u011fr\u0131ma giden de o zaten&#8221; diye konu\u015ftu.<\/p>\n<p style=\"text-align: justify;\">Ecevit&#8217;i en iyi Zonguldakl\u0131lar\u0131n bildi\u011fini dile getiren K\u0131l\u0131\u00e7daro\u011flu, \u015f\u00f6yle devam etti:<\/p>\n<p style=\"text-align: justify;\">&#8221;Afyon ekilemez dendi\u011fi zaman &#8216;arkada\u015flar benim k\u00f6yl\u00fcme afyon ekemezsin diyorsun ama bu \u00fclkenin ba\u015fbakan\u0131 benim, benim \u00fclkemde k\u00f6yl\u00fc afyon ekecektir&#8217; deyip de afyon ektiren adam kim, Ecevit de\u011fil mi? K\u0131br\u0131s&#8217;a \u00e7\u0131kamazs\u0131n dedikleri zaman, &#8216;ben oradaki T\u00fcrklerin de sahibiyim&#8217; diyen ilk adam kim, Ecevit. Daha ba\u015fbakan olmadan \u00f6nce Amerika&#8217;ya gidip icazet isteyen adam kim, Recep Tayyip Erdo\u011fan de\u011fil mi? Efelenme Recep Tayyip Erdo\u011fan, efeleneceksen adam gibi gel kar\u015f\u0131mda efelen. Kalkt\u0131 dedi ki &#8216;ben B\u00fcy\u00fck Ortado\u011fu Projesinin e\u015f ba\u015fkan\u0131y\u0131m&#8217; dedi. Defalarca s\u00f6yledi. Irak&#8217;ta binlerce kad\u0131na tecav\u00fcz edildi. O projenin e\u015f ba\u015fkan\u0131 kimdi? Sen, binlerce M\u00fcsl\u00fcman kad\u0131na tecav\u00fcz ederken sesin \u00e7\u0131kmayacak ve &#8216;bu projenin e\u015f ba\u015fkan\u0131y\u0131m&#8217; diyeceksin, sonra \u00e7\u0131kacaks\u0131n milletin \u00f6n\u00fcne oy isteyeceksin. \u0130nsanda biraz utanma olur.&#8221;<\/p>\n<p style=\"text-align: justify;\"><strong>&#8221;M\u0130LLET ZENG\u0130N OLSUN, B\u0130R\u0130LER\u0130 DE\u011e\u0130L&#8221;<\/strong><\/p>\n<p style=\"text-align: justify;\">\u00d6zg\u00fcrl\u00fc\u011f\u00fc ve demokrasiyi istediklerini belirten K\u0131l\u0131\u00e7daro\u011flu, al\u0131n terine de\u011fer verdiklerini s\u00f6yledi. Samsun&#8217;da 2,5 ayl\u0131k K\u00fcbra&#8217;n\u0131n a\u00e7l\u0131ktan \u00f6ld\u00fc\u011f\u00fc haberlerini hat\u0131rlatan K\u0131l\u0131\u00e7daro\u011flu, \u015funlar\u0131 kaydetti:<\/p>\n<p style=\"text-align: justify;\">&#8221;Projeleri \u00fcretirken, bizim projelerimiz insan odakl\u0131. \u0130nsan\u0131 sevdi\u011fimiz i\u00e7in, sayg\u0131 duydu\u011fumuz i\u00e7in, zenginlik millete dokunsun istiyoruz. Millet zengin olsun, birileri de\u011fil. Birileri k\u00f6\u015feyi d\u00f6nmesin. K\u00f6\u015feyi d\u00f6necekse T\u00fcrkiye Cumhuriyeti&#8217;nin b\u00fct\u00fcn yurtta\u015flar\u0131 k\u00f6\u015feyi d\u00f6ns\u00fcn. Hep beraber zenginle\u015felim, \u00fcretelim, \u00e7al\u0131\u015fal\u0131m, emek harcayal\u0131m. Efendim dolar milyarderi say\u0131m\u0131z, Japonya&#8217;y\u0131 ge\u00e7ti. Ki\u015fi ba\u015f\u0131na gelir, belli olmaz yar\u0131n sabah 20 bin dolar olur. Dilin kemi\u011fi yoktur ya. Aile sigortas\u0131n\u0131n felsefesi \u015fu; her aileye asgari gelir g\u00fcvencesi sa\u011flamak. 9 sigorta dal\u0131ndan birisidir, b\u00fct\u00fcn d\u00fcnyada kabul g\u00f6ren. 8 sigorta dal\u0131 bug\u00fcn T\u00fcrkiye&#8217;de uygulan\u0131yor. En son i\u015fsizlik sigortas\u0131 \u00e7\u0131kt\u0131 rahmetli Ecevit&#8217;in Ba\u015fbakanl\u0131\u011f\u0131 d\u00f6neminde. \u0130n\u015fallah bizim iktidar\u0131m\u0131zda aile sigortas\u0131 da \u00e7\u0131kacak, 9 sigorta dal\u0131 da kesinle\u015fmi\u015f olacak.&#8221;<\/p>\n<p style=\"text-align: justify;\">Zonguldak&#8217;\u0131n eskiden g\u00f6\u00e7 ald\u0131\u011f\u0131n\u0131, ancak \u015fimdi g\u00f6\u00e7 veren bir kent haline geldi\u011fini belirten K\u0131l\u0131\u00e7daro\u011flu, insanlar\u0131n Zonguldak&#8217;tan ka\u00e7t\u0131klar\u0131n\u0131 s\u00f6yledi. Zonguldak&#8217;\u0131n 9 y\u0131lda kaybetti\u011fini savunan K\u0131l\u0131\u00e7daro\u011flu, esnaf\u0131m\u0131z konuyu d\u00fc\u015f\u00fcnmesini istedi. Te\u015feron i\u015f\u00e7ili\u011fi kald\u0131racaklar\u0131n\u0131 kaydeden K\u0131l\u0131\u00e7daro\u011flu, &#8221;Yoksullu\u011fu tarihe g\u00f6mece\u011fimiz gibi Allah&#8217;\u0131n izniyle ta\u015feron uygulamas\u0131n\u0131 da bitirece\u011fiz. Herkes \u00e7al\u0131\u015facak, \u00fcretecek, sendikal\u0131 olacak. Bunlar, bir kanun \u00e7\u0131kard\u0131lar referandumdan sonra. \u0130\u015f\u00e7ilere bir sendika yetmiyor, isterlerse ikinci sendikaya da \u00fcye olabilir diye. Bir sendikaya \u00fcye olan\u0131 kap\u0131n\u0131n \u00f6n\u00fcne koyuyorsunuz. Adam ikinci sendikay\u0131 ne yaps\u0131n. O zaman idam edersiniz onu ama hi\u00e7 merak etmeyin bu karde\u015finizin s\u00f6z\u00fc var. Ta\u015feron i\u015f\u00e7ili\u011fi bitirecek. Onlar da grevli toplu s\u00f6zle\u015fmeli hakka sahip olacak ve al\u0131n terlerinin kar\u015f\u0131l\u0131\u011f\u0131n\u0131 alacaklar. \u0130ster devlet dairesinde, ister yer alt\u0131nda, ister hastanede \u00e7al\u0131\u015fs\u0131nlar ta\u015feron i\u015f\u00e7ili\u011fi bitecek. Efendim onun kayna\u011f\u0131? Zaten paray\u0131 veriyorsun. Bedava m\u0131 \u00e7al\u0131\u015f\u0131yor bunlar. Hay\u0131r arada bir ta\u015feron var. Biz c\u0131mb\u0131zla o ta\u015feronu oradan alaca\u011f\u0131z&#8221; diye konu\u015ftu.<\/p>\n<p style=\"text-align: justify;\"><a href=\"http:\/\/www.gazeteport.com.tr\/SIYASET\/NEWS\/GP_893680\" target=\"_blank\">Kaynak : GAZETEPORT<\/a><\/p>\n","protected":false},"excerpt":{"rendered":"<p style=\"text-align: justify;\">\n<p style=\"text-align: justify;\">Zonguldak&#8217;ta konu\u015fan CHP lideri K\u0131l\u0131\u00e7daro\u011flu, &#8220;1 milyon 700 bin aileye sesleniyorum, sand\u0131\u011fa gidince bunlara dersini verin. Bir demokrasi dersi verelim, bir aya\u011fa kalkal\u0131m&#8221; dedi.<\/p>\n","protected":false},"author":1,"featured_media":0,"comment_status":"open","ping_status":"closed","sticky":false,"template":"","format":"standard","meta":{"footnotes":""},"categories":[105],"tags":[],"class_list":["post-30973","post","type-post","status-publish","format-standard","hentry","category-gundem","odd"],"_links":{"self":[{"href":"http:\/\/www.korhanyilmaz.com\/index.php?rest_route=\/wp\/v2\/posts\/30973","targetHints":{"allow":["GET"]}}],"collection":[{"href":"http:\/\/www.korhanyilmaz.com\/index.php?rest_route=\/wp\/v2\/posts"}],"about":[{"href":"http:\/\/www.korhanyilmaz.com\/index.php?rest_route=\/wp\/v2\/types\/post"}],"author":[{"embeddable":true,"href":"http:\/\/www.korhanyilmaz.com\/index.php?rest_route=\/wp\/v2\/users\/1"}],"replies":[{"embeddable":true,"href":"http:\/\/www.korhanyilmaz.com\/index.php?rest_route=%2Fwp%2Fv2%2Fcomments&post=30973"}],"version-history":[{"count":0,"href":"http:\/\/www.korhanyilmaz.com\/index.php?rest_route=\/wp\/v2\/posts\/30973\/revisions"}],"wp:attachment":[{"href":"http:\/\/www.korhanyilmaz.com\/index.php?rest_route=%2Fwp%2Fv2%2Fmedia&parent=30973"}],"wp:term":[{"taxonomy":"category","embeddable":true,"href":"http:\/\/www.korhanyilmaz.com\/index.php?rest_route=%2Fwp%2Fv2%2Fcategories&post=30973"},{"taxonomy":"post_tag","embeddable":true,"href":"http:\/\/www.korhanyilmaz.com\/index.php?rest_route=%2Fwp%2Fv2%2Ftags&post=30973"}],"curies":[{"name":"wp","href":"https:\/\/api.w.org\/{rel}","templated":true}]}}