{"id":30970,"date":"2011-04-25T18:52:29","date_gmt":"2011-04-25T15:52:29","guid":{"rendered":"http:\/\/www.korhanyilmaz.com\/?p=30970"},"modified":"2011-04-25T18:52:29","modified_gmt":"2011-04-25T15:52:29","slug":"ne-cirakligin-bir-ise-yaradi-ne-kalfaligin","status":"publish","type":"post","link":"http:\/\/www.korhanyilmaz.com\/?p=30970","title":{"rendered":"&#8220;Ne \u00e7\u0131rakl\u0131\u011f\u0131n bir i\u015fe yarad\u0131, ne kalfal\u0131\u011f\u0131n&#8221;"},"content":{"rendered":"<p style=\"text-align: justify;\"><a href=\"http:\/\/www.korhanyilmaz.com\/wp-content\/uploads\/2011\/04\/0011.jpg\"  class=\"lightview\"><img loading=\"lazy\" decoding=\"async\" class=\"aligncenter size-full wp-image-30971\" src=\"http:\/\/www.korhanyilmaz.com\/wp-content\/uploads\/2011\/04\/0011.jpg\" alt=\"\" width=\"396\" height=\"220\" \/><\/a><\/p>\n<p style=\"text-align: justify;\">SP Genel Ba\u015fkan Yard\u0131mc\u0131s\u0131 \u015eevket Kazan&#8217;dan eski yol arkada\u015flar\u0131 Ba\u015fbakan Erdo\u011fan ve B\u00fclent Ar\u0131n\u00e7&#8217;a \u00e7ok a\u011f\u0131r s\u00f6zler&#8230;<\/p>\n<p style=\"text-align: justify;\">BALIKES\u0130R &#8211; Saadet Partisi (SP) Genel Ba\u015fkan Yard\u0131mc\u0131s\u0131 \u015eevket Kazan, &#8220;Bu adam&#8221; diye hitap etti\u011fi Ba\u015fbakan Recep Tayyip Erdo\u011fan\u2019\u0131 isim vermeden ele\u015ftirdi. Kazan, &#8220;\u0130stedi\u011fin kadar s\u00f6yle senin ne \u00e7\u0131rakl\u0131\u011f\u0131n bir i\u015fe yarad\u0131, ne kalfal\u0131\u011f\u0131n. Sen bu vatan\u0131 b\u00f6lmek, par\u00e7alamak m\u0131 istiyorsun. Senin ne i\u015fin var BOP e\u015fba\u015fkanl\u0131\u011f\u0131nda? Kendini \u015fah m\u0131 zannediyorsun. Senin mumunu en k\u0131sa zamanda s\u00f6nd\u00fcrece\u011fiz. \u00c7\u00fcnk\u00fc senin ampul\u00fcn mum olmaya ba\u015flad\u0131. Diyor ki; &#8216;Obama arad\u0131 telefonla g\u00f6r\u00fc\u015ft\u00fck, onu dedi, bunu dedi, mutab\u0131k kald\u0131k\u2019. Sen kimsin d\u00fcnyay\u0131 idare etti\u011fini san\u0131yorsun? Sen daha T\u00fcrkiye\u2019yi idare edemiyorsun&#8221; dedi. <!--more--><\/p>\n<p style=\"text-align: justify;\">Bal\u0131kesir Esnaf Odalar\u0131 Birli\u011fi (BESOB) Toplant\u0131 Salonu\u2019nda d\u00fczenlenen SP milletvekili aday tan\u0131t\u0131m\u0131 toplant\u0131s\u0131 partililerden yo\u011fun ilgi g\u00f6rd\u00fc. SP lideri Necmettin Erbakan\u2019\u0131n avukat\u0131 Bayram Ali Ayy\u0131ld\u0131z\u2019\u0131n ilk s\u0131rada yer ald\u0131\u011f\u0131, Murat Sali, \u00d6mer Ta\u015fk\u0131n, Abdullah \u00d6zlen, \u0130smail G\u00fcgen, Mehmet Filiz, Z\u00fclfer Erol ve Ahmet P\u0131nar\u2019dan olu\u015fan adaylar, partililerden yo\u011fun alk\u0131\u015f ald\u0131.<\/p>\n<p style=\"text-align: justify;\"><strong>&#8220;ARIN\u00c7&#8217;A &#8216;M\u0130LL\u0130 G\u00d6R\u00dc\u015e B\u00dcLB\u00dcL\u00dc&#8217; DERD\u0130K AMA&#8230;&#8221;<\/strong><\/p>\n<p style=\"text-align: justify;\">Tan\u0131t\u0131m toplant\u0131s\u0131na kat\u0131lan SP Genel Ba\u015fkan Yard\u0131mc\u0131s\u0131 ve Bursa 1. S\u0131ra Milletvekili Aday\u0131 \u015eevket Kazan, Bal\u0131kesir\u2019den aday olmak istemesine ra\u011fmen Bursa\u2019dan aday g\u00f6sterildi\u011fini s\u00f6yledi. Kazan, Bursa\u2019da milletvekilli\u011fi i\u00e7in yar\u0131\u015faca\u011f\u0131, eski yol arkada\u015f\u0131, Ak Parti\u2019nin a\u011f\u0131r toplar\u0131ndan B\u00fclent Ar\u0131n\u00e7\u2019a y\u00fcklendi. B\u00fclent Ar\u0131n\u00e7\u2019\u0131n Milli G\u00f6r\u00fc\u015f\u2019e hizmet ederken &#8216;Milli G\u00f6r\u00fc\u015f B\u00fclb\u00fcl\u00fc\u2019 olarak an\u0131ld\u0131\u011f\u0131n\u0131 belirten Kazan, \u015f\u00f6yle dedi:<\/p>\n<p style=\"text-align: justify;\">&#8220;Bursa\u2019da B\u00fclent Ar\u0131n\u00e7\u2019la ne yapaca\u011f\u0131z? \u2019B\u00fclb\u00fcl\u2019 demem bo\u015funa de\u011fil. Bu davaya \u00e7ok hizmeti ge\u00e7mi\u015f olan bir insan. T\u00fcrkiye \u00e7ap\u0131nda Milli G\u00f6r\u00fc\u015f\u2019\u00fc anlatan bir insan. Ama T\u00fcrkiye\u2019de Milli G\u00f6r\u00fc\u015f\u00fc anlatan bu insan \u015fimdi kalkm\u0131\u015f eski d\u00f6nemi yani AKP\u2019den \u00f6nceki d\u00f6nemi anlat\u0131yor. O d\u00f6nem i\u00e7in diyor; biz at g\u00f6zl\u00fc\u011f\u00fcyle d\u00fcnyaya bak\u0131yormu\u015fuz, a\u015firet usul\u00fc idare ediliyormu\u015fuz. Parlamentoda \u00e7\u0131kar\u0131lan bir dergide b\u00f6yle diyor. Buna bir cevap vermem gerekiyordu. Ben de dedimki; y\u0131llard\u0131r Milli G\u00f6r\u00fc\u015f hatibi olarak tan\u0131nan B\u00fclent Bey ne kadar zor bir durumdas\u0131n? Hayat\u0131n\u0131n en etkili g\u00fcnlerini ge\u00e7irdi\u011fin Milli G\u00f6r\u00fc\u015fe \u015fimdi laf at\u0131yorsun, &#8220;at g\u00f6zl\u00fc\u011f\u00fcyle d\u00fcnyaya bakmak\u2019 diyorsun. Milli G\u00f6r\u00fc\u015f, y\u0131llard\u0131r konferans\u0131n\u0131 verdi\u011fin halde ne oldu\u011funu tan\u0131yamad\u0131\u011f\u0131n bir g\u00f6r\u00fc\u015fm\u00fc\u015f me\u011ferse. Milli G\u00f6r\u00fc\u015f d\u00fcnyaya at g\u00f6zl\u00fc\u011f\u00fcyle bakmak de\u011fil, tevhid akidesini kalbin merkezine oturtan bir anlay\u0131\u015ft\u0131r. Amerika\u2019ya gitmi\u015f beyefendi oradan d\u00f6nerken diyorki; \u2019Bizim ger\u00e7ek yolumuz me\u011ferse AB ve Amerika politikalar\u0131n\u0131n yan\u0131nda olmakm\u0131\u015f.\u2019 \u0130nsan \u015fa\u015f\u0131r\u0131yor yahu. Bize hidayet ver ya rabbi.&#8221;<\/p>\n<p style=\"text-align: justify;\"><strong>&#8220;AKP\u2019Y\u0130 ARKADAN \u0130TECE\u011e\u0130Z&#8221;<\/strong><\/p>\n<p style=\"text-align: justify;\">Kazan, SP\u2019nin se\u00e7imlerle TBMM\u2019ye girece\u011fini ve \u00e7al\u0131\u015fmalar\u0131yla s\u00fcr\u00fckleyici parti olaca\u011f\u0131n\u0131 savunarak, &#8220;Bizim vazifemiz; yolumuza devam etmek. Meclis\u2019te, AKP\u2019yi \u00e7al\u0131\u015ft\u0131rmak, i\u015f g\u00f6rd\u00fcrmek i\u00e7in, Saadet Partisi gibi bir s\u00fcr\u00fcc\u00fcye ihtiya\u00e7 var. \u015eimdi diyeceklerki AKP i\u015fi g\u00f6t\u00fcr\u00fcyor, ne istiyorsunuz? Yahu karde\u015fim AKP\u2019nin bu i\u015fi g\u00f6t\u00fcrd\u00fc\u011f\u00fc yok. ABD politikalar\u0131n\u0131n istikametinde y\u00fcr\u00fct\u00fcyor. Ba\u015f\u00f6rt\u00fcs\u00fc sorununu \u00e7\u00f6zemedi. E\u011fer o parlamentoda Saadet Partisi olsa bizim arkadan iteklememiz Halk Partisi\u2019ne (CHP\u2019yi kastediyor) benzemez. Bizim \u00f6nden \u00e7ekmemiz, arkadan itmemiz MHP\u2019ye benzemez. Biz tuttuk mu s\u00fcr\u00fckler g\u00f6t\u00fcr\u00fcr\u00fcz. \u015eimdi gelecekler dola\u015facaklar. &#8216;Aman efendim AKP\u2019yi zay\u0131flatmay\u0131n\u2019 diyecekler. O zaman biz de diyece\u011fiz ki sen AKP\u2019nin i\u015f yapmas\u0131n\u0131 m\u0131 istiyorsun o zaman a\u00e7\u0131n Saadet Partisi\u2019nin \u00f6n\u00fcn\u00fc, parlamentoda sizi arkadan itsin. Bak o zaman parlamentoda neler oluyor&#8221; dedi.<\/p>\n<p style=\"text-align: justify;\">SP\u2019nin Milliyet\u00e7i Cephe h\u00fck\u00fcmetlerinde \u00e7\u0131rakl\u0131k, 54\u2019\u00fcnc\u00fc H\u00fck\u00fcmet\u2019te kalfal\u0131k, 12 Haziran se\u00e7imlerinden sonra da ustal\u0131k d\u00f6nemini ya\u015fayaca\u011f\u0131n\u0131 \u00f6ne s\u00fcren Kazan, isim vermeden Ba\u015fbakan Recep Tayyip Erdo\u011fan\u2019\u0131 ele\u015ftirdi. Kazan, &#8220;Ustal\u0131k ifadeleri \u015fimdi ba\u015fkalar\u0131n\u0131n a\u011fz\u0131ndan duymaya ba\u015flad\u0131k. \u0130stedi\u011fin kadar s\u00f6yle senin ne \u00e7\u0131rakl\u0131\u011f\u0131n bir i\u015fe yarad\u0131, ne kalfal\u0131\u011f\u0131n. \u00c7\u0131rak ve kalfa olamayan, usta nas\u0131l olacak. Ustal\u0131k d\u00f6nemi dedi\u011fi d\u00f6nemde neler yap\u0131yor bu adam. Se\u00e7im beyannamelerindeki vaatlerden biri, \u0130stanbul\u2019un yan\u0131na 2 tane daha \u015fehir koyacakm\u0131\u015f. Sen bir zamanlar \u0130stanbul Belediye Ba\u015fkan\u0131\u2019yken Anadolu\u2019dan \u0130stanbul\u2019a g\u00f6\u00e7 edenlerden ne yap\u0131p yap\u0131p mutlaka vergi almam\u0131z laz\u0131m gelir diyordun. \u015eimdi ne oldu? T\u00fcrkiye\u2019nin G\u00fcneydo\u011fusu\u2019nda \u0130srail \u00f6nderli\u011finde vaadedilmi\u015f topraklar zihniyetiyle bir ihanet ba\u015flad\u0131. Sen bu vatan\u0131 b\u00f6lmek, par\u00e7alamak m\u0131 istiyorsun&#8221; diye konu\u015ftu.<\/p>\n<p style=\"text-align: justify;\">T\u00fcrk milletinin sadece bu sebepten SP\u2019yi parlamentoya sokaca\u011f\u0131n\u0131 savunan Kazan, \u015f\u00f6yle devam etti:<\/p>\n<p style=\"text-align: justify;\">&#8220;Ba\u015fbakan Erdo\u011fan\u2019\u0131n kendisini d\u00fcnya liderleri aras\u0131nda g\u00f6rd\u00fc\u011f\u00fcn\u00fc, ger\u00e7ek anlamda lider olmak, birlik ve beraberlik i\u00e7inde d\u00fcnya siyasetinde a\u011f\u0131rl\u0131\u011f\u0131 koyma noktas\u0131na getirmek varken senin ne i\u015fin var BOP e\u015fba\u015fkanl\u0131\u011f\u0131nda? BOP e\u015fba\u015fkan\u0131 oldun, \u00f6v\u00fcnd\u00fcn bununla. \u015eimdi, \u2019Ben BOP e\u015fba\u015fkan\u0131 de\u011filim\u2019 diyor. Yahu senin ak\u015fam dedi\u011fin sabah dedi\u011fine uymuyor karde\u015fim. Libya\u2019ya NATO m\u00fcdahalesine kar\u015f\u0131 de\u011fil miydin? Ondan sonra destek verdin. 2 harp gemisi u\u00e7ak g\u00f6nderdin. NATO\u2019nun u\u00e7aklar\u0131 \u0130zmir\u2019deki \u00fcsten al\u0131nan emirle u\u00e7muyor mu? Bombalam\u0131yor mu? B\u00fct\u00fcn bunlar kar\u015f\u0131s\u0131nda kendini \u015fah m\u0131 zannediyorsun?&#8221;<\/p>\n<p style=\"text-align: justify;\">\u015eevket Kazan, Ba\u015fbakan Erdo\u011fan\u2019\u0131n, &#8216;Milli G\u00f6r\u00fc\u015f\u2019\u00fcn kalesi\u2019 olarak nitelendirdi\u011fi Bayburt\u2019tan se\u00e7im gezilerine ba\u015flamas\u0131n\u0131,, Ak Parti\u2019nin se\u00e7im beyannamesinde 2023 y\u0131l\u0131na dair vaatlerde bulunulmas\u0131n\u0131 da ele\u015ftirdi. Kazan, \u015funlar\u0131 s\u00f6yledi:<\/p>\n<p style=\"text-align: justify;\">&#8220;Neye g\u00fcvenerek 2023 y\u0131l\u0131na vaatlerde bulunuyorsun? 2023\u2019den \u00f6nce bir genel se\u00e7im daha var. \u00d6n\u00fcm\u00fczdeki se\u00e7im d\u00f6nemine kadar bilinmeyen \u00e7ok \u015fey ortaya \u00e7\u0131kacak. Bir zamanlar Bush vard\u0131. \u00d6zal, Bush\u2019la yatar Bush\u2019la kalkard\u0131. \u015eimdi bu da Obama diyor ba\u015fka bir \u015fey demiyor. Sen kimsin d\u00fcnyay\u0131 idare etti\u011fini san\u0131yorsun. Sen daha T\u00fcrkiye\u2019yi idare edemiyorsun. Bor\u00e7 durumu dendi\u011fi zaman adam ithalat\u0131 s\u00f6ylemiyor ihracat\u0131 s\u00f6yl\u00fcyor.&#8221;<\/p>\n<p style=\"text-align: justify;\"><a href=\"http:\/\/www.gazeteport.com.tr\/SIYASET\/NEWS\/GP_893635\" target=\"_blank\">Kaynak : GAZETEPORT<\/a><\/p>\n","protected":false},"excerpt":{"rendered":"<p style=\"text-align: justify;\">\n<p style=\"text-align: justify;\">SP Genel Ba\u015fkan Yard\u0131mc\u0131s\u0131 \u015eevket Kazan&#8217;dan eski yol arkada\u015flar\u0131 Ba\u015fbakan Erdo\u011fan ve B\u00fclent Ar\u0131n\u00e7&#8217;a \u00e7ok a\u011f\u0131r s\u00f6zler&#8230;<\/p>\n<p style=\"text-align: justify;\">BALIKES\u0130R &#8211; Saadet Partisi (SP) Genel Ba\u015fkan Yard\u0131mc\u0131s\u0131 \u015eevket Kazan, &#8220;Bu adam&#8221; diye hitap etti\u011fi Ba\u015fbakan Recep Tayyip Erdo\u011fan\u2019\u0131 isim vermeden ele\u015ftirdi. Kazan, &#8220;\u0130stedi\u011fin kadar s\u00f6yle senin ne \u00e7\u0131rakl\u0131\u011f\u0131n bir i\u015fe <\/p>\n","protected":false},"author":1,"featured_media":0,"comment_status":"open","ping_status":"closed","sticky":false,"template":"","format":"standard","meta":{"footnotes":""},"categories":[105],"tags":[],"class_list":["post-30970","post","type-post","status-publish","format-standard","hentry","category-gundem","odd"],"_links":{"self":[{"href":"http:\/\/www.korhanyilmaz.com\/index.php?rest_route=\/wp\/v2\/posts\/30970","targetHints":{"allow":["GET"]}}],"collection":[{"href":"http:\/\/www.korhanyilmaz.com\/index.php?rest_route=\/wp\/v2\/posts"}],"about":[{"href":"http:\/\/www.korhanyilmaz.com\/index.php?rest_route=\/wp\/v2\/types\/post"}],"author":[{"embeddable":true,"href":"http:\/\/www.korhanyilmaz.com\/index.php?rest_route=\/wp\/v2\/users\/1"}],"replies":[{"embeddable":true,"href":"http:\/\/www.korhanyilmaz.com\/index.php?rest_route=%2Fwp%2Fv2%2Fcomments&post=30970"}],"version-history":[{"count":0,"href":"http:\/\/www.korhanyilmaz.com\/index.php?rest_route=\/wp\/v2\/posts\/30970\/revisions"}],"wp:attachment":[{"href":"http:\/\/www.korhanyilmaz.com\/index.php?rest_route=%2Fwp%2Fv2%2Fmedia&parent=30970"}],"wp:term":[{"taxonomy":"category","embeddable":true,"href":"http:\/\/www.korhanyilmaz.com\/index.php?rest_route=%2Fwp%2Fv2%2Fcategories&post=30970"},{"taxonomy":"post_tag","embeddable":true,"href":"http:\/\/www.korhanyilmaz.com\/index.php?rest_route=%2Fwp%2Fv2%2Ftags&post=30970"}],"curies":[{"name":"wp","href":"https:\/\/api.w.org\/{rel}","templated":true}]}}