{"id":30959,"date":"2011-04-23T22:00:27","date_gmt":"2011-04-23T19:00:27","guid":{"rendered":"http:\/\/www.korhanyilmaz.com\/?p=30959"},"modified":"2011-04-23T22:00:27","modified_gmt":"2011-04-23T19:00:27","slug":"arinc-benimle-boy-olcusmek-isteyen-varsa","status":"publish","type":"post","link":"http:\/\/www.korhanyilmaz.com\/?p=30959","title":{"rendered":"Ar\u0131n\u00e7: &#8220;Benimle boy \u00f6l\u00e7\u00fc\u015fmek isteyen varsa&#8230;&#8221;"},"content":{"rendered":"<p style=\"text-align: justify;\"><a href=\"http:\/\/www.korhanyilmaz.com\/wp-content\/uploads\/2011\/04\/209.jpg\"  class=\"lightview\"><img loading=\"lazy\" decoding=\"async\" class=\"aligncenter size-full wp-image-30960\" src=\"http:\/\/www.korhanyilmaz.com\/wp-content\/uploads\/2011\/04\/209.jpg\" alt=\"\" width=\"307\" height=\"236\" \/><\/a><\/p>\n<p style=\"text-align: justify;\">Devlet Bakan\u0131 ve Ba\u015fbakan Yard\u0131mc\u0131s\u0131 Ar\u0131n\u00e7, &#8220;Bizimle mi yar\u0131\u015facaklar? Demokrasi yar\u0131\u015ft\u0131r, desinler ki &#8216;Biz \u015funu \u015funu yapaca\u011f\u0131z ki daha da iyi olacak&#8217; ama hayallerle vaatlerle i\u015fimiz yok, kayna\u011f\u0131 olmayan, hesab\u0131 kitab\u0131 belli olmayan, &#8216;satt\u0131m gitti, verdim gitti&#8217; s\u00f6zlerine karn\u0131m\u0131z tok&#8221; dedi. <!--more--><\/p>\n<p style=\"text-align: justify;\">Ar\u0131n\u00e7, \u015eehrek\u00fcst\u00fc Meydan\u0131&#8217;ndaki se\u00e7im b\u00fcrosunun a\u00e7\u0131l\u0131\u015f\u0131nda yapt\u0131\u011f\u0131 konu\u015fmada, 12 Haziran se\u00e7imlerinin T\u00fcrkiye i\u00e7in \u00e7ok \u00f6nemli oldu\u011funu vurgulayarak, \u00fclkede 2002 sonundan itibaren kesintisiz AK Parti iktidar\u0131n\u0131n bulundu\u011funu belirtti.<\/p>\n<p style=\"text-align: justify;\">Bunun halk\u0131n karar\u0131 oldu\u011funu, kendilerinin de halka lay\u0131k olmak i\u00e7in \u00e7al\u0131\u015ft\u0131klar\u0131n\u0131, emaneti yere d\u00fc\u015f\u00fcrmediklerini \u0130fade eden Ar\u0131n\u00e7, T\u00fcrkiye&#8217;yi bulundu\u011fu noktadan \u00e7ok daha ileriye g\u00f6t\u00fcrd\u00fcklerini, ekonomiyi g\u00fc\u00e7lendirdiklerini, hizmete susam\u0131\u015f millete hizmet \u00fcst\u00fcne hizmet getirdiklerini anlatt\u0131.<\/p>\n<p style=\"text-align: justify;\">Ar\u0131n\u00e7, tar\u0131m kesiminden i\u015f\u00e7i kesimine, esnaf kesiminden b\u00fcrokrasiye ve sanayiciye kadar \u00f6zellikle Bursa&#8217;da geli\u015fmelerin g\u00f6z \u00f6n\u00fcne al\u0131nmas\u0131 gerekti\u011fini belirterek, \u00fclkenin de do\u011fu, kuzey, g\u00fcney ve bat\u0131s\u0131n\u0131n 10 sene \u00f6ncesinden \u00e7ok iyi duruma geldi\u011fini, ondan \u00f6nceki d\u00f6nemlerde de T\u00fcrkiye&#8217;nin bir &#8220;yang\u0131n yeri&#8221; gibi oldu\u011funu dile getirdi.<\/p>\n<p style=\"text-align: justify;\">&#8220;Bu d\u00f6nemlerde hizmet etmeyen iktidarlar\u0131n \u00e7\u0131karlar\u0131 b\u00f6l\u00fc\u015ft\u00fc\u011f\u00fcn\u00fc, iki, \u00fc\u00e7 ya da d\u00f6rt partili koalisyonlarda san dalya pazarl\u0131\u011f\u0131n\u0131n yap\u0131ld\u0131\u011f\u0131n\u0131, ortadaki ganimeti b\u00f6l\u00fc\u015fmek i\u00e7in siyaset\u00e7ilerin bir araya geldi\u011fini&#8221; ifade eden Ar\u0131n\u00e7, \u015f\u00f6yle konu\u015ftu:<\/p>\n<p style=\"text-align: justify;\">&#8220;Ama siz bu k\u00f6t\u00fc gidi\u015fe 2002 sonundaki se\u00e7imlerde bir son verdiniz. B\u00fct\u00fcn bu partiler baraj alt\u0131nda kald\u0131, AK Parti hen\u00fcz daha 15 ayl\u0131k bir parti iken tek ba\u015f\u0131na iktidara geldi. Halk\u0131m\u0131z\u0131n karar\u0131d\u0131r, egemenlik milletindir, siz elinizdeki oy imkan\u0131n\u0131 iyi kulland\u0131n\u0131z ve bizi iktidara getirdiniz.<\/p>\n<p style=\"text-align: justify;\">2002&#8217;de bu bir tesad\u00fcf de\u011fildi \u00e7\u00fcnk\u00fc iki sene sonra 2004&#8217;te mahalli se\u00e7imleri yapt\u0131k, b\u00fct\u00fcn belediyeleri bize teslim ettiniz, yine ba\u015far\u0131l\u0131 olduk. \u00dc\u00e7 sene sonra 2007&#8217;de genel se\u00e7imler vard\u0131, ma\u015fallah oyumuzu her iki ki\u015fiden birisi AK Parti olmak \u00fczere y\u00fczde 47&#8217;ye \u00e7\u0131kard\u0131n\u0131z. \u0130ki sene sonra 2009&#8217;da mahalli se\u00e7imler oldu, yine Bursa&#8217;n\u0131n b\u00fcy\u00fck\u015fehiri ba\u015fta olmak \u00fczere, \u00fc\u00e7te iki belediyesini AK Parti&#8217;ye verdiniz.<\/p>\n<p style=\"text-align: justify;\">T\u00fcrkiye&#8217;de 470 il\u00e7enin, 51 ilin, bin 490 beldenin belediye ba\u015fkan\u0131n\u0131 AK Parti&#8217;ye kazand\u0131rd\u0131n\u0131z. Bursa, bu ba\u015far\u0131da en \u00f6nde gelen illerimizden birisidir. 81 ilimiz var, sonu\u00e7lar\u0131 bak\u0131m\u0131ndan en b\u00fcy\u00fck ba\u015far\u0131 8,5 y\u0131ldan beri AK Parti Bursa liderli\u011fini koruyor. Ne mutlu sizlere.&#8221;<\/p>\n<p style=\"text-align: justify;\"><strong>&#8220;Benimle boy \u00f6l\u00e7\u00fc\u015fmek isteyen birisi varsa&#8230;&#8221;<\/strong><\/p>\n<p style=\"text-align: justify;\">Ar\u0131n\u00e7, AK Parti&#8217;nin se\u00e7imlere kalite getirdi\u011fini, bunun hizmet anlam\u0131na geldi\u011fini vurgulayarak, \u015funlar\u0131 kaydetti:<\/p>\n<p style=\"text-align: justify;\">&#8220;Ben alt\u0131 y\u0131lda 15 bin kilometre b\u00f6l\u00fcnm\u00fc\u015f yol yapt\u0131m. Benimle boy \u00f6l\u00e7\u00fc\u015fmek isteyen birisi varsa desin ki &#8216;Ben daha fazlas\u0131n\u0131 yapaca\u011f\u0131m.&#8217; Ben 10 bin derslikten daha fazlas\u0131n\u0131 yapt\u0131m. Ben her ile bir \u00fcniversite a\u00e7t\u0131m. Desinler ki &#8216;Ben daha fazlas\u0131n\u0131 yapaca\u011f\u0131m&#8217;. Ama b\u00fct\u00fcn bunlar\u0131 s\u00f6ylerken bizim AK Parti olarak onlardan tek fark\u0131m\u0131z var, biz d\u00fcn &#8216;Yapaca\u011f\u0131z&#8217; diyorduk, yapt\u0131k.<\/p>\n<p style=\"text-align: justify;\">Eserlerimiz ortada. \u015eimdi &#8216;Yapaca\u011f\u0131z&#8217; diyoruz, eserlerimizi \u00f6rnek g\u00f6steriyoruz. Ama di\u011fer partiler hayatlar\u0131 boyunca bir hay\u0131rl\u0131 hizmetin i\u00e7inde olamam\u0131\u015f, k\u00fc\u00e7\u00fcc\u00fck \u015feyleri bile dev ekranlarda yapmakla y\u0131llardan beri oy toplam\u0131\u015f olan partiler bize bir \u00f6rnek g\u00f6steremezler.&#8221;<\/p>\n<p style=\"text-align: justify;\"><strong>&#8220;Bizimle mi yar\u0131\u015facaklar?&#8221;<\/strong><\/p>\n<p style=\"text-align: justify;\">2000-2001 krizlerinde T\u00fcrkiye&#8217;nin yoksulla\u015ft\u0131\u011f\u0131n\u0131 ancak iktidarlar\u0131 d\u00f6neminde y\u00fczde 9&#8217;luk b\u00fcy\u00fcme h\u0131z\u0131yla d\u00fcnyan\u0131n ilk be\u015f \u00fclkesi i\u00e7ine T\u00fcrkiye&#8217;yi soktuklar\u0131n\u0131 kaydeden Ar\u0131n\u00e7, \u015f\u00f6yle devam etti:<\/p>\n<p style=\"text-align: justify;\">&#8220;Bizimle mi yar\u0131\u015facaklar? Demokrasi yar\u0131\u015ft\u0131r, desinler ki &#8216;Biz \u015funu \u015funu yapaca\u011f\u0131z ki daha da iyi olacak, ama hayallerle vaatlerle i\u015fimiz yok, kayna\u011f\u0131 olmayan, hesab\u0131 kitab\u0131 belli olmayan, &#8216;satt\u0131m gitti, verdim gitti&#8217; s\u00f6zlerine karn\u0131m\u0131z tok. Ge\u00e7mi\u015fte ne yapt\u0131n\u0131z, yar\u0131n ne yapacaks\u0131n\u0131z, bana bunlar\u0131 \u00f6rneklerle s\u00f6yleyeceksiniz. Burada bir tek AK Parti vard\u0131r ki &#8216;\u0130\u015fte eserlerim&#8217; diye yollar\u0131, hastaneleri, k\u00f6pr\u00fcleri, havaalanlar\u0131n\u0131, barajlar\u0131n\u0131 g\u00f6steriyor. Y\u0131llardan beri T\u00fcrkiye&#8217;de ya\u015fanmam\u0131\u015f bir b\u00fcy\u00fck hizmeti ya\u015f\u0131yoruz.&#8221;<\/p>\n<p style=\"text-align: justify;\">Ar\u0131n\u00e7, K\u00d6YDES Projesi i\u00e7inde Bursa&#8217;n\u0131n ald\u0131\u011f\u0131 pay\u0131n, 70 trilyonu ge\u00e7ti\u011fini, b\u00fct\u00fcn k\u00f6ylerin yollar\u0131n\u0131n asfaltland\u0131\u011f\u0131n\u0131, her k\u00f6y\u00fcn i\u00e7me suyuna kavu\u015ftu\u011funu belirterek, 12 Haziran se\u00e7imlerinin bir yar\u0131\u015f ancak hizmette yar\u0131\u015f olmas\u0131 gerekti\u011fini, bu \u00e7er\u00e7evede projelerin konu\u015fulmas\u0131 ve fikirlerin tart\u0131\u015f\u0131lmas\u0131n\u0131n \u00f6nemli oldu\u011funu dile getirdi.<\/p>\n<p style=\"text-align: justify;\"><strong>&#8220;Zafer m\u00fcjdesini Bursa&#8217;dan alaca\u011f\u0131z&#8221;<\/strong><\/p>\n<p style=\"text-align: justify;\">Demokratik siyasi hayat\u0131n vazge\u00e7ilmez unsurlar\u0131n\u0131n partiler oldu\u011funu ifade eden Ar\u0131n\u00e7, \u015funlar\u0131 s\u00f6yledi:<\/p>\n<p style=\"text-align: justify;\">&#8220;Partiler bizim d\u00fc\u015fman\u0131m\u0131z de\u011fil, partiler bizim rakiplerimizdir. Rakiplerimizle yar\u0131\u015faca\u011f\u0131z ve in\u015fallah ba\u015far\u0131l\u0131 olaca\u011f\u0131z. Eserlerimizle halk\u0131n bize olan g\u00fcveniyle deste\u011fiyle rakiplerimizi ge\u00e7ece\u011fiz. Bizim iddiam\u0131z da bu milletin karar\u0131 da bu. \u0130n\u015fallah 12 Haziran ak\u015fam\u0131 T\u00fcrkiye&#8217;de AK Parti&#8217;nin \u00fc\u00e7\u00fcnc\u00fc d\u00f6nem iktidar\u0131n\u0131n zafer m\u00fcjdesini Bursa&#8217;dan alaca\u011f\u0131z.<\/p>\n<p style=\"text-align: justify;\">Hi\u00e7bir siyasi partinin i\u00e7indeki adaylarla ki\u015filerle bir tart\u0131\u015fmam\u0131z olamaz, se\u00e7ime giren b\u00fct\u00fcn partilere sayg\u0131m\u0131z var, onlar\u0131n adaylar\u0131na da sayg\u0131m\u0131z var. Bursa&#8217;ya hizmet etmek i\u00e7in yola \u00e7\u0131km\u0131\u015fsa bir insan, partisi ne olursa aday\u0131n nereden geldi\u011fi, nereye gitti\u011fi hi\u00e7 \u00f6nemli de\u011fil. Ona halk\u0131m\u0131z karar verecek. Kavga, dedikodu etmeyece\u011fiz, \u00e7eki\u015fme i\u00e7inde olmayaca\u011f\u0131z&#8230;&#8221;<\/p>\n<p style=\"text-align: justify;\"><a href=\"http:\/\/www.cnnturk.com\/2011\/turkiye\/04\/23\/arinc.benimle.boy.olcusmek.isteyen.varsa\/614333.0\/index.html\" target=\"_blank\">Kaynak : CNN T\u00dcRK<\/a><\/p>\n","protected":false},"excerpt":{"rendered":"<p style=\"text-align: justify;\">\n<p style=\"text-align: justify;\">Devlet Bakan\u0131 ve Ba\u015fbakan Yard\u0131mc\u0131s\u0131 Ar\u0131n\u00e7, &#8220;Bizimle mi yar\u0131\u015facaklar? Demokrasi yar\u0131\u015ft\u0131r, desinler ki &#8216;Biz \u015funu \u015funu yapaca\u011f\u0131z ki daha da iyi olacak&#8217; ama hayallerle vaatlerle i\u015fimiz yok, kayna\u011f\u0131 olmayan, hesab\u0131 kitab\u0131 belli olmayan, &#8216;satt\u0131m gitti, verdim gitti&#8217; s\u00f6zlerine karn\u0131m\u0131z tok&#8221; dedi. <\/p>\n","protected":false},"author":1,"featured_media":0,"comment_status":"open","ping_status":"closed","sticky":false,"template":"","format":"standard","meta":{"footnotes":""},"categories":[105],"tags":[],"class_list":["post-30959","post","type-post","status-publish","format-standard","hentry","category-gundem","odd"],"_links":{"self":[{"href":"http:\/\/www.korhanyilmaz.com\/index.php?rest_route=\/wp\/v2\/posts\/30959","targetHints":{"allow":["GET"]}}],"collection":[{"href":"http:\/\/www.korhanyilmaz.com\/index.php?rest_route=\/wp\/v2\/posts"}],"about":[{"href":"http:\/\/www.korhanyilmaz.com\/index.php?rest_route=\/wp\/v2\/types\/post"}],"author":[{"embeddable":true,"href":"http:\/\/www.korhanyilmaz.com\/index.php?rest_route=\/wp\/v2\/users\/1"}],"replies":[{"embeddable":true,"href":"http:\/\/www.korhanyilmaz.com\/index.php?rest_route=%2Fwp%2Fv2%2Fcomments&post=30959"}],"version-history":[{"count":0,"href":"http:\/\/www.korhanyilmaz.com\/index.php?rest_route=\/wp\/v2\/posts\/30959\/revisions"}],"wp:attachment":[{"href":"http:\/\/www.korhanyilmaz.com\/index.php?rest_route=%2Fwp%2Fv2%2Fmedia&parent=30959"}],"wp:term":[{"taxonomy":"category","embeddable":true,"href":"http:\/\/www.korhanyilmaz.com\/index.php?rest_route=%2Fwp%2Fv2%2Fcategories&post=30959"},{"taxonomy":"post_tag","embeddable":true,"href":"http:\/\/www.korhanyilmaz.com\/index.php?rest_route=%2Fwp%2Fv2%2Ftags&post=30959"}],"curies":[{"name":"wp","href":"https:\/\/api.w.org\/{rel}","templated":true}]}}