{"id":30948,"date":"2011-04-23T16:29:42","date_gmt":"2011-04-23T13:29:42","guid":{"rendered":"http:\/\/www.korhanyilmaz.com\/?p=30948"},"modified":"2011-04-23T16:29:42","modified_gmt":"2011-04-23T13:29:42","slug":"basortulu-sayistay-uyesi-locadan-cikarildi","status":"publish","type":"post","link":"http:\/\/www.korhanyilmaz.com\/?p=30948","title":{"rendered":"Ba\u015f\u00f6rt\u00fcl\u00fc Say\u0131\u015ftay \u00fcyesi locadan \u00e7\u0131kar\u0131ld\u0131"},"content":{"rendered":"<p style=\"text-align: justify;\"><a href=\"http:\/\/www.korhanyilmaz.com\/wp-content\/uploads\/2011\/04\/204.jpg\"  class=\"lightview\"><img loading=\"lazy\" decoding=\"async\" class=\"aligncenter size-full wp-image-30950\" src=\"http:\/\/www.korhanyilmaz.com\/wp-content\/uploads\/2011\/04\/204.jpg\" alt=\"\" width=\"420\" height=\"210\" \/><\/a><\/p>\n<p style=\"text-align: justify;\">23 Nisan i\u00e7in ola\u011fan\u00fcst\u00fc toplanan TBMM Genel Kurulu\u2019nda d\u00fcn resmi erkan locas\u0131na ba\u015f\u00f6rt\u00fcl\u00fc bir konu\u011fun oturmas\u0131 kriz yaratt\u0131. Genel Kurul\u2019un \u00f6zel oturumunda Ba\u015fbakan\u2019\u0131n konu\u015fmas\u0131 s\u0131ras\u0131nda ba\u015f\u00f6rt\u00fcl\u00fc bir kad\u0131n e\u015fiyle birlikte Cumhurba\u015fkan\u0131 Abdullah G\u00fcl\u2019\u00fcn de oturdu\u011fu resmi erkan locas\u0131na girdi ve oturdu. <!--more--><\/p>\n<p style=\"text-align: justify;\">\u0130lk defa resmi erkan locas\u0131na oturan t\u00fcrbanl\u0131 kad\u0131n bas\u0131n mensuplar\u0131n\u0131n b\u00fcy\u00fck ilgisini \u00e7ekti ve birbiri ard\u0131na \u00e7ok say\u0131da foto\u011fraf \u00e7ekildi. Ya\u015fanan ilgi \u00fczerine Meclis\u2019in loca g\u00f6revlileri \u00e7iftin yan\u0131na gelerek davetiyesi olup olmad\u0131\u011f\u0131n\u0131 sordu. Ya\u015fanan k\u00fc\u00e7\u00fck \u00e7apl\u0131 bir konu\u015fman\u0131n ard\u0131ndan \u00e7ift protokol locas\u0131ndan d\u0131\u015far\u0131 \u00e7\u0131kar\u0131ld\u0131. Olay\u0131n ard\u0131ndan gazetecilerin \u0131srarl\u0131 t\u00fcm sorular\u0131na kar\u015f\u0131n \u00e7ift isimlerini a\u00e7\u0131klamad\u0131. Haber yap\u0131lmas\u0131na tepki g\u00f6steren \u00e7ift gazetecilerin sorular\u0131n\u0131 yan\u0131tlamadan Meclis\u2019ten ayr\u0131ld\u0131. Ba\u015f\u00f6rt\u00fcl\u00fc kad\u0131n, Meclis\u2019ten ayr\u0131l\u0131rken \u201cDavetiyemiz var ama yanl\u0131\u015f yere oturdu\u011fumuz i\u00e7in uyar\u0131ld\u0131k. Bunun \u00fczerine \u00e7\u0131kt\u0131k\u201d dedi. Meclis kulislerine ise g\u00f6revlilerin Yarg\u0131tay, Say\u0131\u015ftay ve Meclis b\u00fcrokratlar\u0131n\u0131n oturdu\u011fu resmi erkan b\u00f6l\u00fcm\u00fcne gelerek Nejla Ero\u011flu\u2019nun e\u015fine davetiye sorduklar\u0131, ancak davetiyede e\u015finin ismi olmad\u0131\u011f\u0131 i\u00e7in d\u0131\u015far\u0131 \u00e7\u0131kmalar\u0131n\u0131 istedikleri, Ero\u011flu\u2019nun \u00e7\u0131kar\u0131lmas\u0131n\u0131n ise bir kar\u0131\u015f\u0131kl\u0131ktan kaynakland\u0131\u011f\u0131 iddias\u0131 yay\u0131ld\u0131. Yetkililer kar\u0131\u015f\u0131kl\u0131\u011f\u0131n davetiye s\u0131k\u0131nt\u0131s\u0131ndan kaynakland\u0131\u011f\u0131n\u0131 \u00f6ne s\u00fcrd\u00fcler.<\/p>\n<p style=\"text-align: justify;\"><strong><a href=\"http:\/\/www.korhanyilmaz.com\/wp-content\/uploads\/2011\/04\/2071.jpg\"  class=\"lightview\"><img loading=\"lazy\" decoding=\"async\" class=\"alignleft size-full wp-image-30952\" style=\"margin-left: 10px; margin-right: 10px;\" src=\"http:\/\/www.korhanyilmaz.com\/wp-content\/uploads\/2011\/04\/2071.jpg\" alt=\"\" width=\"271\" height=\"160\" \/><\/a>G\u00f6revde ba\u015f\u0131 a\u00e7\u0131k<\/strong><\/p>\n<p style=\"text-align: justify;\">Ba\u015f\u00f6rt\u00fcl\u00fc kad\u0131n\u0131n \u015eubat ba\u015f\u0131nda TBMM\u2019de se\u00e7ilen 6 yeni Say\u0131\u015ftay \u00fcyesinden Nejla Ero\u011flu oldu\u011fu anla\u015f\u0131ld\u0131. Meclis\u2019in \u00f6zel oturumuna ba\u015f\u00f6rt\u00fcl\u00fc olarak gelen Ero\u011flu\u2019nun, se\u00e7ildikten sonra Say\u0131\u015ftay Ba\u015fkan\u0131 ve yeni \u00fcyelerle birlikte Meclis Ba\u015fkan\u0131 ve Ba\u015fbakan taraf\u0131ndan kabul edildikleri s\u0131rada ve g\u00f6rev ba\u015f\u0131nda \u00e7ekilmi\u015f foto\u011fraflarda ba\u015f\u0131n\u0131n a\u00e7\u0131k olmas\u0131 dikkat \u00e7ekti. T\u00fcrbanl\u0131 Say\u0131\u015ftay \u00fcyesinin d\u0131\u015far\u0131 \u00e7\u0131kar\u0131lmas\u0131 s\u0131ras\u0131nda bir grup bas\u0131n mensubu da olay\u0131 takip etmek i\u00e7in d\u0131\u015far\u0131 \u00e7\u0131kmas\u0131 Genel Kurul salonunun da dikkatini \u00e7ekti. Ba\u015fbakan Erdo\u011fan da, toplant\u0131 sonras\u0131nda kulisteki baz\u0131 gazetecilere \u2018Niye ko\u015fturuyordunuz?\u201d diye sordu, gazeteciler de durumu anlatt\u0131.<\/p>\n<p style=\"text-align: justify;\"><strong>\u2018Misafir b\u00f6l\u00fcm\u00fcnde k\u0131yafet denetimi olmaz\u2019<\/strong><\/p>\n<p style=\"text-align: justify;\">TBMM Ba\u015fkan\u0131 Mehmet Ali \u015eahin, Meclis\u2019in a\u00e7\u0131l\u0131\u015f\u0131n\u0131n 91. y\u0131ld\u00f6n\u00fcm\u00fc nedeniyle verilen resepsiyonda, gazetecilerin sorular\u0131n\u0131 yan\u0131tlad\u0131. \u015eahin \u201cGenel Kurul\u2019da, t\u00fcrbanl\u0131 bir Say\u0131\u015ftay \u00fcyesi locadan \u00e7\u0131kart\u0131ld\u0131. Durum nedir?\u201d sorusu \u00fczerine, konu hakk\u0131nda daha sonra bilgisi oldu\u011funu s\u00f6yledi. \u015eahin, \u201cSan\u0131yorum han\u0131mefendinin Say\u0131\u015ftay \u00fcyesi oldu\u011funu s\u00f6ylememesinden kaynaklanan bir sorun ya\u015fand\u0131. Herhalde g\u00f6revli arkada\u015flar da yanl\u0131\u015fl\u0131kla buraya gelmi\u015f olabilece\u011fini d\u00fc\u015f\u00fcnerek do\u011fru yere y\u00f6nlendirmek i\u00e7in sormu\u015flar. Onlar da tabii foto\u011fraflar \u00e7ekilmeye ba\u015flay\u0131nca, biraz tedirgin olup \u00e7\u0131km\u0131\u015flar, gitmi\u015fler\u201d dedi. \u201cLocada ba\u015f\u00f6rt\u00fcs\u00fc yasak m\u0131?\u201d sorusuna kar\u015f\u0131l\u0131k \u015eahin, \u015f\u00f6yle konu\u015ftu: \u201cYo, hay\u0131r. \u0130\u00e7t\u00fcz\u00fck\u2019teki o h\u00fck\u00fcm, Genel Kurul i\u00e7indir. Biliyorsunuz misafir b\u00f6l\u00fcm\u00fcnde de herhangi bir k\u0131yafet denetimi yapm\u0131yoruz. Sadece biraz tedirgin olmu\u015flar, bir de sorulmas\u0131ndan \u2019Nereden geldiniz, isminizi \u00f6\u011frenebilir miyiz?\u2019 diye sormu\u015flar arkada\u015flar. Biraz tedirgin olunca ayr\u0131ld\u0131klar\u0131n\u0131 \u00f6\u011frendik. Bundan sonra bir daha olmaz.\u201d<\/p>\n<p style=\"text-align: justify;\">Meclis\u2019ten gazetecilerin sorular\u0131n\u0131 yan\u0131tlamadan \u00e7\u0131kan Nejla Ero\u011flu, Say\u0131\u015ftay\u2019a se\u00e7ildikten sonra Erdo\u011fan\u2019\u0131n yan\u0131na ba\u015f\u0131 a\u00e7\u0131k gitmi\u015fti.<\/p>\n<p style=\"text-align: justify;\"><a href=\"http:\/\/haber.gazetevatan.com\/basortulu-sayistay-uyesi--locadan-cikarildi\/372959\/1\/Gundem\" target=\"_blank\">Kaynak : VATAN Gazetesi<\/a><\/p>\n","protected":false},"excerpt":{"rendered":"<p style=\"text-align: justify;\">\n<p style=\"text-align: justify;\">23 Nisan i\u00e7in ola\u011fan\u00fcst\u00fc toplanan TBMM Genel Kurulu\u2019nda d\u00fcn resmi erkan locas\u0131na ba\u015f\u00f6rt\u00fcl\u00fc bir konu\u011fun oturmas\u0131 kriz yaratt\u0131. Genel Kurul\u2019un \u00f6zel oturumunda Ba\u015fbakan\u2019\u0131n konu\u015fmas\u0131 s\u0131ras\u0131nda ba\u015f\u00f6rt\u00fcl\u00fc bir kad\u0131n e\u015fiyle birlikte Cumhurba\u015fkan\u0131 Abdullah G\u00fcl\u2019\u00fcn de oturdu\u011fu resmi erkan locas\u0131na girdi ve oturdu. <\/p>\n","protected":false},"author":1,"featured_media":0,"comment_status":"open","ping_status":"closed","sticky":false,"template":"","format":"standard","meta":{"footnotes":""},"categories":[105],"tags":[],"class_list":["post-30948","post","type-post","status-publish","format-standard","hentry","category-gundem","odd"],"_links":{"self":[{"href":"http:\/\/www.korhanyilmaz.com\/index.php?rest_route=\/wp\/v2\/posts\/30948","targetHints":{"allow":["GET"]}}],"collection":[{"href":"http:\/\/www.korhanyilmaz.com\/index.php?rest_route=\/wp\/v2\/posts"}],"about":[{"href":"http:\/\/www.korhanyilmaz.com\/index.php?rest_route=\/wp\/v2\/types\/post"}],"author":[{"embeddable":true,"href":"http:\/\/www.korhanyilmaz.com\/index.php?rest_route=\/wp\/v2\/users\/1"}],"replies":[{"embeddable":true,"href":"http:\/\/www.korhanyilmaz.com\/index.php?rest_route=%2Fwp%2Fv2%2Fcomments&post=30948"}],"version-history":[{"count":0,"href":"http:\/\/www.korhanyilmaz.com\/index.php?rest_route=\/wp\/v2\/posts\/30948\/revisions"}],"wp:attachment":[{"href":"http:\/\/www.korhanyilmaz.com\/index.php?rest_route=%2Fwp%2Fv2%2Fmedia&parent=30948"}],"wp:term":[{"taxonomy":"category","embeddable":true,"href":"http:\/\/www.korhanyilmaz.com\/index.php?rest_route=%2Fwp%2Fv2%2Fcategories&post=30948"},{"taxonomy":"post_tag","embeddable":true,"href":"http:\/\/www.korhanyilmaz.com\/index.php?rest_route=%2Fwp%2Fv2%2Ftags&post=30948"}],"curies":[{"name":"wp","href":"https:\/\/api.w.org\/{rel}","templated":true}]}}