{"id":30942,"date":"2011-04-23T11:44:14","date_gmt":"2011-04-23T08:44:14","guid":{"rendered":"http:\/\/www.korhanyilmaz.com\/?p=30942"},"modified":"2011-04-23T11:44:14","modified_gmt":"2011-04-23T08:44:14","slug":"suriyede-katliam-suruyor","status":"publish","type":"post","link":"http:\/\/www.korhanyilmaz.com\/?p=30942","title":{"rendered":"Suriye&#8217;de katliam s\u00fcr\u00fcyor"},"content":{"rendered":"<p style=\"text-align: justify;\"><a href=\"http:\/\/www.korhanyilmaz.com\/wp-content\/uploads\/2011\/04\/202.jpg\"  class=\"lightview\"><img loading=\"lazy\" decoding=\"async\" class=\"aligncenter size-full wp-image-30944\" title=\"\" src=\"http:\/\/www.korhanyilmaz.com\/wp-content\/uploads\/2011\/04\/202.jpg\" alt=\"\" width=\"400\" height=\"217\" \/><\/a><\/p>\n<p style=\"text-align: justify;\">Esad y\u00f6netiminin 48 y\u0131ll\u0131k ola\u011fan\u00fcst\u00fc hali kald\u0131rmas\u0131na ra\u011fmen, Suriye&#8217;de tansiyon d\u00fc\u015fm\u00fcyor. D\u00fcnk\u00fc g\u00f6sterilerde 100&#8217;den fazla ki\u015finin \u00f6lmesinin ard\u0131ndan, bug\u00fcnk\u00fc cenaze t\u00f6renlerinde de kan d\u00f6k\u00fcl\u00fcyor. <!--more--><\/p>\n<p style=\"text-align: justify;\">Bug\u00fcn d\u00fcnk\u00fc g\u00f6sterilerde \u00f6lenlerin cenaze t\u00f6renlerine onbinlerce ki\u015fi kat\u0131l\u0131rken, g\u00fcvenlik g\u00fc\u00e7lerinin cenazelere kat\u0131lanlara ate\u015f a\u00e7t\u0131\u011f\u0131 belirtiliyor.<\/p>\n<p style=\"text-align: justify;\">Obama, Suriye&#8217;nin h\u00fck\u00fcmet kar\u015f\u0131t\u0131 g\u00f6stericilere kar\u015f\u0131 ac\u0131mas\u0131z \u015fekilde g\u00fc\u00e7 kullan\u0131m\u0131n\u0131 k\u0131nad\u0131.<\/p>\n<p style=\"text-align: justify;\">\u015eAM &#8211; Be\u015far Esad y\u00f6netiminin 48 y\u0131ll\u0131k ola\u011fan\u00fcst\u00fc hali kald\u0131rmas\u0131na ra\u011fmen, Suriye&#8217;de tansiyon d\u00fc\u015fm\u00fcyor.<\/p>\n<p style=\"text-align: justify;\">foto\u011fraflar i\u00e7in t\u0131klay\u0131n&#8230;<\/p>\n<p style=\"text-align: justify;\">D\u00fcn \u00e7e\u015fitli \u015fehirlerde yap\u0131lan g\u00f6steriler s\u0131ras\u0131nda g\u00fcvenlik g\u00fc\u00e7lerinin g\u00f6stericilere ate\u015f a\u00e7mas\u0131 sonucu 100&#8217;den fazla ki\u015fi ya\u015fam\u0131n\u0131 yitirdi, y\u00fczlerce ki\u015fi de yaraland\u0131.<\/p>\n<p style=\"text-align: justify;\">Bug\u00fcn ise \u00f6lenlerin cenaze t\u00f6renlerinde de kan d\u00f6k\u00fcl\u00fcyor. Onbinlerce ki\u015finin cenazelere kat\u0131lmak \u00fczere soka\u011fa d\u00f6k\u00fcld\u00fc\u011f\u00fc bildirilirken, g\u00fcvenlik g\u00fc\u00e7leri farkl\u0131 noktalarda cenazelere kat\u0131lan kalabal\u0131\u011fa ate\u015f a\u00e7t\u0131.<\/p>\n<p style=\"text-align: justify;\">G\u00f6rg\u00fc tan\u0131klar\u0131 g\u00fcvenlik g\u00fc\u00e7lerinin, cenaze t\u00f6renine kat\u0131l\u0131m\u0131 engellemek amac\u0131yla kalabal\u0131\u011fa ate\u015f a\u00e7t\u0131\u011f\u0131n\u0131 bildiriyor.<\/p>\n<p style=\"text-align: justify;\">Ba\u015fkent \u015eam&#8217;\u0131n Douma semtindeki cenaze t\u00f6renine yakla\u015f\u0131k 50 bin ki\u015finin kat\u0131ld\u0131\u011f\u0131 ve g\u00fcvenlik g\u00fc\u00e7lerinin kalabal\u0131\u011fa kar\u015f\u0131 ger\u00e7ek mermi kulland\u0131\u011f\u0131 bildirildi. G\u00f6rg\u00fc tan\u0131klar\u0131na g\u00f6re, a\u00e7\u0131lan ate\u015f sonucu en az 4 ki\u015fi \u00f6ld\u00fc.<\/p>\n<p style=\"text-align: justify;\">\u00dclkenin g\u00fcneyindeki \u0130zraa&#8217;da da d\u00fczenlenen cenaze t\u00f6renine kat\u0131lmak \u00fczere kasabaya gelmekte olanlara ate\u015f a\u00e7\u0131ld\u0131. G\u00f6rg\u00fc tan\u0131klar\u0131 g\u00fcvenlik g\u00fc\u00e7lerinin, cenaze t\u00f6renine kat\u0131l\u0131m\u0131 engellemek amac\u0131yla kalabal\u0131\u011fa ate\u015f a\u00e7t\u0131\u011f\u0131n\u0131 aktard\u0131.<\/p>\n<p style=\"text-align: justify;\">Dera kentinden bir g\u00f6rg\u00fc tan\u0131\u011f\u0131 Reuters&#8217;a yapt\u0131\u011f\u0131 a\u00e7\u0131klamada, &#8220;\u015eehitlerin cenazesi i\u00e7in \u0130zraa&#8217;ya yakla\u015f\u0131rken, \u00fczerimize \u015fiddetli bi\u00e7imde ate\u015f a\u00e7\u0131ld\u0131&#8221; dedi. Olayda 2 ki\u015finin \u00f6ld\u00fc\u011f\u00fc belirtildi.<\/p>\n<p style=\"text-align: justify;\">Reuters&#8217;\u0131n haberine g\u00f6re, ba\u015fkent \u015eam&#8217;\u0131n Barzeh b\u00f6lgesinde bir camide d\u00fczenlenen cenaze t\u00f6reninde de kalabal\u0131\u011fa ate\u015f a\u00e7\u0131ld\u0131. 3 ki\u015fi \u00f6ld\u00fc. \u0130ki g\u00f6rg\u00fc tan\u0131\u011f\u0131, imam\u0131n cami hoparl\u00f6r\u00fcnden yaral\u0131lar oldu\u011funu s\u00f6yledi\u011fini ve doktor m\u00fcdahalesi gerekti\u011fi \u00e7a\u011fr\u0131s\u0131 yapt\u0131\u011f\u0131n\u0131 aktard\u0131.<\/p>\n<p style=\"text-align: justify;\">Son olayla birlikte bug\u00fcnk\u00fc ate\u015f a\u00e7ma vakalar\u0131nda \u00f6lenlerin say\u0131s\u0131 9&#8217;a y\u00fckseldi.<\/p>\n<p style=\"text-align: justify;\">D\u00fcn, Suriye&#8217;de demokrasi yanl\u0131s\u0131 g\u00f6sterilerin ba\u015flad\u0131\u011f\u0131 tarihten bu yana en kanl\u0131 g\u00fcn ya\u015fanm\u0131\u015ft\u0131.<\/p>\n<p style=\"text-align: justify;\"><strong>B\u0130R M\u0130LLETVEK\u0130L\u0130, \u0130ST\u0130FA ETT\u0130<\/strong><\/p>\n<p style=\"text-align: justify;\">Suriye&#8217;de, \u00e7e\u015fitli kentlerde kalabal\u0131klara ate\u015f a\u00e7\u0131larak \u00e7ok say\u0131da ki\u015finin \u00f6ld\u00fcr\u00fclmesi nedeniyle bir milletvekili istifa etti.<\/p>\n<p style=\"text-align: justify;\">Milletvekili Nas\u0131r El Hariri, El Cezire televizyonuna yapt\u0131\u011f\u0131 a\u00e7\u0131klamada, &#8220;Evlatlar\u0131m\u0131 kalle\u015f\u00e7e a\u00e7\u0131lan ate\u015ften koruyamad\u0131ktan sonra, parlamentoda kalmam\u0131n bir anlam\u0131 yok. \u015eu anda istifa etti\u011fimi a\u00e7\u0131kl\u0131yorum&#8221; dedi.<\/p>\n<p style=\"text-align: justify;\"><strong>OBAMA KINADI<\/strong><\/p>\n<p style=\"text-align: justify;\">ABD Ba\u015fkan\u0131 Barack Obama, Suriye y\u00f6netimine, g\u00f6stericilere kar\u015f\u0131 \u015fiddet kullan\u0131m\u0131na &#8220;hemen son verme&#8221; \u00e7a\u011fr\u0131s\u0131nda bulundu ve Devlet Ba\u015fkan\u0131 Be\u015f\u015far Esad&#8217;\u0131, &#8220;halk\u0131na bask\u0131 uygulamak i\u00e7in \u0130ran&#8217;\u0131n yard\u0131m\u0131n\u0131 almaya \u00e7al\u0131\u015fmakla&#8221; su\u00e7lad\u0131.<\/p>\n<p style=\"text-align: justify;\">Obama, Suriye&#8217;deki geli\u015fmelerle ilgili olarak sert ifadelere yer verdi\u011fi yaz\u0131l\u0131 a\u00e7\u0131klamas\u0131nda, &#8220;ABD, Suriye y\u00f6netiminin g\u00f6stericilere kar\u015f\u0131 g\u00fc\u00e7 kullan\u0131m\u0131n\u0131 m\u00fcmk\u00fcn olan en g\u00fc\u00e7l\u00fc ifadelerle k\u0131namaktad\u0131r. Protestolar\u0131 bast\u0131rmaya y\u00f6nelik ac\u0131mas\u0131zca \u015fiddet kullan\u0131m\u0131na \u015fimdi son verilmelidir&#8221; ifadesini kulland\u0131.<\/p>\n<p style=\"text-align: justify;\">&#8220;Protestoculara kar\u015f\u0131 \u015fiddetin bug\u00fcn de devam etmesinin, Suriye y\u00f6netiminin ola\u011fan\u00fcst\u00fc hal yasas\u0131n\u0131n kald\u0131r\u0131lmas\u0131 ve bar\u0131\u015f\u00e7\u0131 g\u00f6sterilere izin verilmesi y\u00f6n\u00fcndeki ad\u0131mlar\u0131n\u0131n ciddi olmad\u0131\u011f\u0131n\u0131 g\u00f6sterdi\u011fini&#8221; belirten Obama, \u015funlar\u0131 kaydetti:<\/p>\n<p style=\"text-align: justify;\">&#8220;Suriye&#8217;de protestolar\u0131n ba\u015flamas\u0131ndan bu yana ge\u00e7en iki ayl\u0131k s\u00fcre zarf\u0131nda ABD, defalarca Suriye Devlet Ba\u015fkan\u0131 Esad ve Suriye y\u00f6netimini anlaml\u0131 reformlar\u0131 hayata ge\u00e7irmeye \u00e7a\u011f\u0131rd\u0131. Ancak onlar, Suriye halk\u0131n\u0131n haklar\u0131na sayg\u0131 g\u00f6stermeyi, taleplerine yan\u0131t vermeyi reddetti. Suriye halk\u0131, d\u00fcnyadaki t\u00fcm bireylerin sahip olmas\u0131 gereken ifade ve bar\u0131\u015f\u00e7\u0131 toplanma \u00f6zg\u00fcrl\u00fc\u011f\u00fc, liderlerini serbest\u00e7e se\u00e7ebilme hakk\u0131 gibi \u00f6zg\u00fcrl\u00fckler i\u00e7in \u00e7a\u011fr\u0131larda bulundu. Devlet Ba\u015fkan\u0131 Esad ve Suriyeli yetkililer, onlar\u0131n bu \u00e7a\u011fr\u0131lar\u0131n\u0131 s\u00fcrekli reddetti ve bask\u0131 yolunu se\u00e7ti. Onlar, zaten bask\u0131c\u0131 olan g\u00fcvenlik tedbirlerini daha da art\u0131racak bi\u00e7imde g\u00fc\u00e7 kullan\u0131m\u0131na ve ac\u0131mas\u0131zca insan haklar\u0131 ihlallerine ba\u015fvurarak, kendi ki\u015fisel \u00e7\u0131karlar\u0131n\u0131, Suriye halk\u0131n\u0131n \u00e7\u0131karlar\u0131n\u0131n \u00f6n\u00fcne koydu.<\/p>\n<p style=\"text-align: justify;\">Devlet Ba\u015fkan\u0131 Esad, kendi halk\u0131n\u0131 dinlemek yerine, \u0130ranl\u0131 m\u00fcttefiklerinin kulland\u0131\u011f\u0131 ayn\u0131 ac\u0131mas\u0131z taktikler yoluyla Suriye vatanda\u015flar\u0131na bask\u0131 uygulamak i\u00e7in \u0130ran&#8217;\u0131n yard\u0131m\u0131n\u0131 alma aray\u0131\u015f\u0131 i\u00e7ine girerken, d\u0131\u015far\u0131daki kesimleri su\u00e7luyor. Devlet Ba\u015fkan\u0131 Esad&#8217;a, izledi\u011fi yolu \u015fimdi de\u011fi\u015ftirmeye ve halk\u0131n\u0131n \u00e7a\u011fr\u0131lar\u0131na kulak vermeye \u00e7a\u011f\u0131r\u0131yoruz.&#8221;<\/p>\n<p style=\"text-align: justify;\">Obama, &#8220;Suriye y\u00f6netiminin kendi vatanda\u015flar\u0131na olan yakla\u015f\u0131m\u0131na kuvvetle kar\u015f\u0131 \u00e7\u0131kt\u0131klar\u0131n\u0131&#8221; vurgulayarak, &#8220;Suriye y\u00f6netiminin, ter\u00f6rizm ve ter\u00f6r gruplar\u0131na deste\u011fi de dahil olmak \u00fczere, daha genel anlamda istikrar\u0131 bozucu davran\u0131\u015flar\u0131na kar\u015f\u0131 \u00e7\u0131kmay\u0131 s\u00fcrd\u00fcr\u00fcyoruz&#8221; ifadesini kulland\u0131.<\/p>\n<p style=\"text-align: justify;\">ABD Ba\u015fkan\u0131 Barack Obama, &#8220;\u00fclkesinin, Suriye&#8217;de ve d\u00fcnyan\u0131n di\u011fer yerlerinde t\u00fcm insanlar\u0131n hak etti\u011fi demokrasi ve evrensel haklar\u0131n destek\u00e7isi olmaya devam edece\u011finin&#8221; alt\u0131n\u0131 \u00e7izdi.<\/p>\n<p style=\"text-align: justify;\"><a href=\"http:\/\/www.gazeteport.com.tr\/DUNYA\/NEWS\/GP_892420\" target=\"_blank\">Kaynak : GAZETEPORT<\/a><\/p>\n","protected":false},"excerpt":{"rendered":"<p style=\"text-align: justify;\">\n<p style=\"text-align: justify;\">Esad y\u00f6netiminin 48 y\u0131ll\u0131k ola\u011fan\u00fcst\u00fc hali kald\u0131rmas\u0131na ra\u011fmen, Suriye&#8217;de tansiyon d\u00fc\u015fm\u00fcyor. D\u00fcnk\u00fc g\u00f6sterilerde 100&#8217;den fazla ki\u015finin \u00f6lmesinin ard\u0131ndan, bug\u00fcnk\u00fc cenaze t\u00f6renlerinde de kan d\u00f6k\u00fcl\u00fcyor. <\/p>\n","protected":false},"author":1,"featured_media":0,"comment_status":"open","ping_status":"closed","sticky":false,"template":"","format":"standard","meta":{"footnotes":""},"categories":[105],"tags":[],"class_list":["post-30942","post","type-post","status-publish","format-standard","hentry","category-gundem","odd"],"_links":{"self":[{"href":"http:\/\/www.korhanyilmaz.com\/index.php?rest_route=\/wp\/v2\/posts\/30942","targetHints":{"allow":["GET"]}}],"collection":[{"href":"http:\/\/www.korhanyilmaz.com\/index.php?rest_route=\/wp\/v2\/posts"}],"about":[{"href":"http:\/\/www.korhanyilmaz.com\/index.php?rest_route=\/wp\/v2\/types\/post"}],"author":[{"embeddable":true,"href":"http:\/\/www.korhanyilmaz.com\/index.php?rest_route=\/wp\/v2\/users\/1"}],"replies":[{"embeddable":true,"href":"http:\/\/www.korhanyilmaz.com\/index.php?rest_route=%2Fwp%2Fv2%2Fcomments&post=30942"}],"version-history":[{"count":0,"href":"http:\/\/www.korhanyilmaz.com\/index.php?rest_route=\/wp\/v2\/posts\/30942\/revisions"}],"wp:attachment":[{"href":"http:\/\/www.korhanyilmaz.com\/index.php?rest_route=%2Fwp%2Fv2%2Fmedia&parent=30942"}],"wp:term":[{"taxonomy":"category","embeddable":true,"href":"http:\/\/www.korhanyilmaz.com\/index.php?rest_route=%2Fwp%2Fv2%2Fcategories&post=30942"},{"taxonomy":"post_tag","embeddable":true,"href":"http:\/\/www.korhanyilmaz.com\/index.php?rest_route=%2Fwp%2Fv2%2Ftags&post=30942"}],"curies":[{"name":"wp","href":"https:\/\/api.w.org\/{rel}","templated":true}]}}