{"id":30939,"date":"2011-04-23T15:53:20","date_gmt":"2011-04-23T12:53:20","guid":{"rendered":"http:\/\/www.korhanyilmaz.com\/?p=30939"},"modified":"2011-04-23T15:53:20","modified_gmt":"2011-04-23T12:53:20","slug":"abdnin-kilicdaroglu-meraki","status":"publish","type":"post","link":"http:\/\/www.korhanyilmaz.com\/?p=30939","title":{"rendered":"ABD&#8217;nin K\u0131l\u0131\u00e7daro\u011flu merak\u0131"},"content":{"rendered":"<p style=\"text-align: justify;\"><a href=\"http:\/\/www.korhanyilmaz.com\/wp-content\/uploads\/2011\/04\/201.jpg\"  class=\"lightview\"><img loading=\"lazy\" decoding=\"async\" class=\"aligncenter size-full wp-image-30940\" src=\"http:\/\/www.korhanyilmaz.com\/wp-content\/uploads\/2011\/04\/201.jpg\" alt=\"\" width=\"413\" height=\"219\" \/><\/a><\/p>\n<p style=\"text-align: justify;\">Wikileaks&#8217;in T\u00fcrkiye ile ilgili belgelerinde, Haziran 2009 tarihli ve Hillary Clinton imzal\u0131 ABD&#8217;nin Ankara B\u00fcy\u00fckel\u00e7ili\u011fi&#8217;ne g\u00f6nderilen telgrafta CHP&#8217;nin tepesinde ya\u015fanacak deprem \u00f6ncesi Deniz Baykal ve Kemal K\u0131l\u0131\u00e7daro\u011flu hakk\u0131nda detayl\u0131 bilgi talep ediliyor&#8230;<!--more--><\/p>\n<p style=\"text-align: justify;\">ABD D\u0131\u015fi\u015fleri Bakan\u0131 Hillary Clinton\u2019\u0131n imzas\u0131yla Ankara B\u00fcy\u00fckel\u00e7ili\u011fi ve \u0130stanbul Ba\u015fkonsoloslu\u011fu\u2019na g\u00f6nderilen 2009 tarihli telgrafta, Washington se\u00e7imlerin y\u00fckselen y\u0131ld\u0131z\u0131 K\u0131l\u0131\u00e7daro\u011flu\u2019nu mercek alt\u0131na alm\u0131\u015f.<\/p>\n<p style=\"text-align: justify;\">CHP Genel Ba\u015fkan\u0131 Kemal K\u0131l\u0131\u00e7daro\u011flu, milletvekili adaylar\u0131 kesinle\u015fti\u011fi g\u00fcn partisinin listesini \u00f6vd\u00fc ve \u201cbu ekiple\u201d 12 haziran genel se\u00e7imlerine \u201cen az y\u00fczde 40 oy\u201d hedefiyle gireceklerini a\u00e7\u0131klad\u0131.<\/p>\n<p style=\"text-align: justify;\">K\u0131l\u0131\u00e7daro\u011flu, 29 Mart 2009 yerel se\u00e7imlerinde CHP\u2019nin \u0130stanbul B\u00fcy\u00fck\u015fehir Belediye Ba\u015fkan\u0131 olarak yar\u0131\u015f\u0131rken de, \u201cY\u00fczde 40 al\u0131r\u0131m\u201d demi\u015fti; sonu\u00e7ta sand\u0131ktan AKP\u2019li Kadir Topba\u015f\u2019a y\u00fczde 44.2, K\u0131l\u0131\u00e7daro\u011flu\u2019na y\u00fczde 37 oy \u00e7\u0131kt\u0131.<\/p>\n<p style=\"text-align: justify;\">Deniz Baykal\u2019\u0131n, bir kaset komplosuyla genel ba\u015fkanl\u0131\u011f\u0131 b\u0131rakmas\u0131 sonras\u0131nda, 23 May\u0131s 2010\u2019da CHP\u2019nin ola\u011fan\u00fcst\u00fc kurultay\u0131nda partinin ba\u015f\u0131na ge\u00e7en K\u0131l\u0131\u00e7daro\u011flu, esasen, 29 Mart&#8217;taki yerel se\u00e7imlerde \u0130stanbul B\u00fcy\u00fck\u015fehir Belediyesi Ba\u015fkan\u0131 olmasa bile ald\u0131\u011f\u0131 y\u00fczde 37&#8217;lik oyla ciddi bir g\u00fc\u00e7 kazanm\u0131\u015ft\u0131.<\/p>\n<p style=\"text-align: justify;\">29 mart yerel se\u00e7imleri sonras\u0131nda, K\u0131l\u0131\u00e7daro\u011flu\u2019nun Obama y\u00f6netiminin de ilgisini \u00e7ekti\u011fi anla\u015f\u0131l\u0131yor. ABD D\u0131\u015fi\u015fleri Bakan\u0131 Hillary Clinton\u2019\u0131n, yerel se\u00e7imlerden iki ay sonra; Baykal\u2019\u0131n istifa etmesiyle, yerine K\u0131l\u0131\u00e7daro\u011flu\u2019nun ge\u00e7mesinden ise neredeyse tam bir y\u0131l \u00f6nce, Ankara\u2019ya birtak\u0131m sorular g\u00f6ndermi\u015f&#8230;<\/p>\n<p style=\"text-align: justify;\"><strong>BAYKAL NE T\u00dcR \u00d6NLEM ALACAK?<\/strong><\/p>\n<p style=\"text-align: justify;\">Clinton&#8217;\u0131n yan\u0131t bekledi\u011fi sorular \u015f\u00f6yle: Baykal&#8217;\u0131n Kemal K\u0131l\u0131\u00e7daro\u011flu ile ili\u015fkisi nedir? Baykal K\u0131l\u0131\u00e7daro\u011flu&#8217;nun pop\u00fclaritesine kar\u015f\u0131 kendisini korumak i\u00e7in ne gibi \u00f6nlemler d\u00fc\u015f\u00fcn\u00fcyor olabilir?<\/p>\n<p style=\"text-align: justify;\">Ayr\u0131ca belgelerde &#8220;CHP se\u00e7imler i\u00e7in ne planl\u0131yor, Kemal Bey&#8217;in ge\u00e7mi\u015fi nas\u0131l, Genelkurmay&#8217;\u0131n CHP&#8217;yle il\u015fkisi ne&#8221; gibi sorulara da yan\u0131t al\u0131nm\u0131\u015f.<\/p>\n<p style=\"text-align: justify;\"><strong>CHP SE\u00c7\u0130M \u0130\u00c7\u0130N NE PLANLIYOR?<\/strong><\/p>\n<p style=\"text-align: justify;\">Tarih: 1 Haziran 2009. Hillary Clinton&#8217;\u0131n imzas\u0131n\u0131 ta\u015f\u0131yan ve ABD D\u0131\u015fi\u015fleri Bakanl\u0131\u011f\u0131 \u0130stihbarat Ara\u015ft\u0131rma ve Operasyonlar Ba\u015fkan\u0131 Suzanne McCormick&#8217;in &#8220;K\u0130\u015e\u0130YE \u00d6ZEL&#8221; telgraf\u0131nda \u00f6zetle \u015funlar sorulmu\u015f:<\/p>\n<p style=\"text-align: justify;\">&#8220;&#8230;Analist temsilciliklerin, zaman\u0131n ve kayna\u011f\u0131n elverdi\u011fi \u00f6l\u00e7\u00fcde, CHP ile ilgili sa\u011flayaca\u011f\u0131 ilave i\u00e7g\u00f6r\u00fclere de m\u00fcte\u015fekkir olacakt\u0131r.<\/p>\n<p style=\"text-align: justify;\"><strong>CHP&#8217;nin i\u00e7 meseleleri<\/strong><\/p>\n<p style=\"text-align: justify;\">(1) CHP&#8217;nin yerel se\u00e7imlerden sonraki stratejisi nedir? CHP&#8217;nin e\u011fer varsa 2011 se\u00e7imlerine giderken taban\u0131n\u0131 geni\u015fletmek i\u00e7in ne gibi m\u00fcstakbel planlar\u0131 var ve bu planlar\u0131 nas\u0131l hayata ge\u00e7irecek?<\/p>\n<p style=\"text-align: justify;\">(2)CHP&#8217;nin ABD Ba\u015fkan\u0131&#8217;n\u0131n nisandaki ziyareti ertesindeki de\u011ferlendirmesi nedir?<\/p>\n<p style=\"text-align: justify;\">(3) CHP&#8217;nin erken bir parti kurultay\u0131 toplama konusunda d\u00fc\u015f\u00fcncesi var m\u0131?<\/p>\n<p style=\"text-align: justify;\">CHP lideri Deniz Baykal&#8217;\u0131n parti i\u00e7erisindeki denetim g\u00fcc\u00fc nedir? Baykal&#8217;\u0131n liderli\u011fine kar\u015f\u0131 i\u00e7ten muhtemel tehditler var m\u0131? E\u011fer varsa, bu \u015fah\u0131slar d\u0131\u015far\u0131dan destek al\u0131yorlar m\u0131 ve ne \u015fekilde al\u0131yorlar?<\/p>\n<p style=\"text-align: justify;\"><strong>KEMAL BEY&#8217;\u0130N GE\u00c7M\u0130\u015e\u0130 NASIL?<\/strong><\/p>\n<p style=\"text-align: justify;\">(4) Baykal&#8217;\u0131n K\u0131l\u0131\u00e7daro\u011flu ile ili\u015fkisi nedir? CHP, K\u0131l\u0131\u00e7daro\u011flu&#8217;nun \u0130stanbul Belediye Ba\u015fkanl\u0131\u011f\u0131 yar\u0131\u015f\u0131nda ald\u0131\u011f\u0131 oyu nas\u0131l de\u011ferlendiriyor? Baykal kendisini K\u0131l\u0131\u00e7daro\u011flu&#8217;nun pop\u00fclaritesine kar\u015f\u0131 korumak i\u00e7in ne gibi \u00f6nlemler d\u00fc\u015f\u00fcn\u00fcyor?<\/p>\n<p style=\"text-align: justify;\">(6) K\u0131l\u0131\u00e7daro\u011flu&#8217;nun CHP&#8217;deki istikbali, \u00f6z ge\u00e7mi\u015fi ve muhtemel siyasi planlar\u0131 konusunda daha fazla bilgiye m\u00fcte\u015fekkir olaca\u011f\u0131z. Onun siyasi m\u00fcttefikleri kimler? Parti liderli\u011fi i\u00e7in Baykal&#8217;\u0131n ciddiye al\u0131nabilecek di\u011fer potansiyel rakipleri ve \/ veya halefleri kimler?<\/p>\n<p style=\"text-align: justify;\">Ayr\u0131ca, Genlkurmay&#8217;\u0131n CHP ile ili\u015fkisi ne, AKP, CHP&#8217;nin yerel se\u00e7imlerde ald\u0131\u011f\u0131 sonuca nas\u0131l bak\u0131yor, CHP&#8217;nin, DSP, DTP ve MHP ile ili\u015fkisi ne gibi sorular da sorulmu\u015f.<\/p>\n<p style=\"text-align: justify;\"><a href=\"http:\/\/www.gazeteport.com.tr\/DUNYA\/NEWS\/GP_892597\" target=\"_blank\">Kaynak : GAZETEPORT<\/a><\/p>\n","protected":false},"excerpt":{"rendered":"<p style=\"text-align: justify;\">\n<p style=\"text-align: justify;\">Wikileaks&#8217;in T\u00fcrkiye ile ilgili belgelerinde, Haziran 2009 tarihli ve Hillary Clinton imzal\u0131 ABD&#8217;nin Ankara B\u00fcy\u00fckel\u00e7ili\u011fi&#8217;ne g\u00f6nderilen telgrafta CHP&#8217;nin tepesinde ya\u015fanacak deprem \u00f6ncesi Deniz Baykal ve Kemal K\u0131l\u0131\u00e7daro\u011flu hakk\u0131nda detayl\u0131 bilgi talep ediliyor&#8230;<\/p>\n","protected":false},"author":1,"featured_media":0,"comment_status":"open","ping_status":"closed","sticky":false,"template":"","format":"standard","meta":{"footnotes":""},"categories":[105],"tags":[],"class_list":["post-30939","post","type-post","status-publish","format-standard","hentry","category-gundem","odd"],"_links":{"self":[{"href":"http:\/\/www.korhanyilmaz.com\/index.php?rest_route=\/wp\/v2\/posts\/30939","targetHints":{"allow":["GET"]}}],"collection":[{"href":"http:\/\/www.korhanyilmaz.com\/index.php?rest_route=\/wp\/v2\/posts"}],"about":[{"href":"http:\/\/www.korhanyilmaz.com\/index.php?rest_route=\/wp\/v2\/types\/post"}],"author":[{"embeddable":true,"href":"http:\/\/www.korhanyilmaz.com\/index.php?rest_route=\/wp\/v2\/users\/1"}],"replies":[{"embeddable":true,"href":"http:\/\/www.korhanyilmaz.com\/index.php?rest_route=%2Fwp%2Fv2%2Fcomments&post=30939"}],"version-history":[{"count":0,"href":"http:\/\/www.korhanyilmaz.com\/index.php?rest_route=\/wp\/v2\/posts\/30939\/revisions"}],"wp:attachment":[{"href":"http:\/\/www.korhanyilmaz.com\/index.php?rest_route=%2Fwp%2Fv2%2Fmedia&parent=30939"}],"wp:term":[{"taxonomy":"category","embeddable":true,"href":"http:\/\/www.korhanyilmaz.com\/index.php?rest_route=%2Fwp%2Fv2%2Fcategories&post=30939"},{"taxonomy":"post_tag","embeddable":true,"href":"http:\/\/www.korhanyilmaz.com\/index.php?rest_route=%2Fwp%2Fv2%2Ftags&post=30939"}],"curies":[{"name":"wp","href":"https:\/\/api.w.org\/{rel}","templated":true}]}}