{"id":30933,"date":"2011-04-23T10:03:46","date_gmt":"2011-04-23T07:03:46","guid":{"rendered":"http:\/\/www.korhanyilmaz.com\/?p=30933"},"modified":"2011-04-23T10:03:46","modified_gmt":"2011-04-23T07:03:46","slug":"ak-partinin-tepki-ceken-afisi-kaldirildi","status":"publish","type":"post","link":"http:\/\/www.korhanyilmaz.com\/?p=30933","title":{"rendered":"AK Parti&#8217;nin tepki \u00e7eken afi\u015fi kald\u0131r\u0131ld\u0131!"},"content":{"rendered":"<p style=\"text-align: center;\"><a href=\"http:\/\/www.korhanyilmaz.com\/wp-content\/uploads\/2011\/04\/2001.jpg\"  class=\"lightview\"><img loading=\"lazy\" decoding=\"async\" class=\"aligncenter size-full wp-image-30937\" src=\"http:\/\/www.korhanyilmaz.com\/wp-content\/uploads\/2011\/04\/2001.jpg\" alt=\"\" width=\"360\" height=\"223\" \/><\/a><\/p>\n<p style=\"text-align: justify;\">Merhum Ba\u015fbakan B\u00fclent Ecevit&#8217;in 2000 y\u0131l\u0131ndaki Washington ziyaretinde d\u00f6nemin ABD Ba\u015fkan\u0131 Bill Clinton ile birlikte g\u00f6r\u00fcld\u00fc\u011f\u00fc foto\u011fraf\u0131n\u0131n yer ald\u0131\u011f\u0131 afi\u015f, Antalya&#8217;n\u0131n Elmal\u0131 il\u00e7esinde AK Parti te\u015fkilat\u0131 binas\u0131ndaki \u0131\u015f\u0131kl\u0131 panodan kald\u0131r\u0131ld\u0131. <!--more--><\/p>\n<p style=\"text-align: justify;\">Parti g\u00f6revlileri, binan\u0131n d\u0131\u015f cephesindeki b\u00fcy\u00fck \u0131\u015f\u0131kl\u0131 panoya as\u0131lan afi\u015fi bu sabaha kar\u015f\u0131 indirdi.<\/p>\n<p style=\"text-align: justify;\">AK Parti Elmal\u0131 \u0130l\u00e7e Ba\u015fkan\u0131 \u00dcmit \u00d6ztekin, afi\u015fin g\u00fcndem yarataca\u011f\u0131n\u0131 d\u00fc\u015f\u00fcnmediklerini belirterek, &#8220;Ama t\u00fcm T\u00fcrkiye bizim afi\u015fi konu\u015ftu. Afi\u015fi, s\u00fcresi doldu\u011fu i\u00e7in indirdik. Ele\u015ftirileri sayg\u0131yla kar\u015f\u0131l\u0131yoruz. Biz sadece malumu ilan ettik. H\u00fck\u00fcmetimizin icraatlar\u0131n\u0131 halk\u0131m\u0131za g\u00f6stermek i\u00e7in yeni afi\u015f \u00e7al\u0131\u015fmalar\u0131m\u0131z s\u00fcrecek&#8221; dedi.<\/p>\n<p style=\"text-align: justify;\">Afi\u015fte, merhum Ba\u015fbakan B\u00fclent Ecevit&#8217;in 2000 y\u0131l\u0131nda eski ABD Ba\u015fkan\u0131 Bill Clinton ile g\u00f6r\u00fc\u015fmesindeki foto\u011fraf\u0131, Ba\u015fbakan Recep Tayyip Erdo\u011fan&#8217;\u0131n 2010 y\u0131l\u0131nda Barack Obama ile g\u00f6r\u00fc\u015fmesindeki foto\u011frafla yanyana getirilmi\u015f ve &#8220;10 y\u0131lda T\u00fcrkiye&#8217;nin itibar\u0131n\u0131 y\u00fckselttik&#8221; yaz\u0131lm\u0131\u015ft\u0131.<\/p>\n<p style=\"text-align: justify;\"><a href=\"http:\/\/www.cnnturk.com\/2011\/turkiye\/04\/23\/ak.partinin.tepki.ceken.afisi.kaldirildi\/614289.0\/index.html\" target=\"_blank\">Kaynak : CNN T\u00dcRK<\/a><\/p>\n","protected":false},"excerpt":{"rendered":"<p style=\"text-align: center;\">\n<p style=\"text-align: justify;\">Merhum Ba\u015fbakan B\u00fclent Ecevit&#8217;in 2000 y\u0131l\u0131ndaki Washington ziyaretinde d\u00f6nemin ABD Ba\u015fkan\u0131 Bill Clinton ile birlikte g\u00f6r\u00fcld\u00fc\u011f\u00fc foto\u011fraf\u0131n\u0131n yer ald\u0131\u011f\u0131 afi\u015f, Antalya&#8217;n\u0131n Elmal\u0131 il\u00e7esinde AK Parti te\u015fkilat\u0131 binas\u0131ndaki \u0131\u015f\u0131kl\u0131 panodan kald\u0131r\u0131ld\u0131. <\/p>\n","protected":false},"author":1,"featured_media":0,"comment_status":"open","ping_status":"closed","sticky":false,"template":"","format":"standard","meta":{"footnotes":""},"categories":[105],"tags":[],"class_list":["post-30933","post","type-post","status-publish","format-standard","hentry","category-gundem","odd"],"_links":{"self":[{"href":"http:\/\/www.korhanyilmaz.com\/index.php?rest_route=\/wp\/v2\/posts\/30933","targetHints":{"allow":["GET"]}}],"collection":[{"href":"http:\/\/www.korhanyilmaz.com\/index.php?rest_route=\/wp\/v2\/posts"}],"about":[{"href":"http:\/\/www.korhanyilmaz.com\/index.php?rest_route=\/wp\/v2\/types\/post"}],"author":[{"embeddable":true,"href":"http:\/\/www.korhanyilmaz.com\/index.php?rest_route=\/wp\/v2\/users\/1"}],"replies":[{"embeddable":true,"href":"http:\/\/www.korhanyilmaz.com\/index.php?rest_route=%2Fwp%2Fv2%2Fcomments&post=30933"}],"version-history":[{"count":0,"href":"http:\/\/www.korhanyilmaz.com\/index.php?rest_route=\/wp\/v2\/posts\/30933\/revisions"}],"wp:attachment":[{"href":"http:\/\/www.korhanyilmaz.com\/index.php?rest_route=%2Fwp%2Fv2%2Fmedia&parent=30933"}],"wp:term":[{"taxonomy":"category","embeddable":true,"href":"http:\/\/www.korhanyilmaz.com\/index.php?rest_route=%2Fwp%2Fv2%2Fcategories&post=30933"},{"taxonomy":"post_tag","embeddable":true,"href":"http:\/\/www.korhanyilmaz.com\/index.php?rest_route=%2Fwp%2Fv2%2Ftags&post=30933"}],"curies":[{"name":"wp","href":"https:\/\/api.w.org\/{rel}","templated":true}]}}