{"id":30929,"date":"2011-04-22T21:52:39","date_gmt":"2011-04-22T18:52:39","guid":{"rendered":"http:\/\/www.korhanyilmaz.com\/?p=30929"},"modified":"2011-04-22T21:52:39","modified_gmt":"2011-04-22T18:52:39","slug":"%e2%80%98toplum-ysk%e2%80%99ya-haddini-bildirdi-bu-tarihi-bir-olay%e2%80%99","status":"publish","type":"post","link":"http:\/\/www.korhanyilmaz.com\/?p=30929","title":{"rendered":"\u2018Toplum YSK\u2019ya haddini bildirdi, bu tarihi bir olay\u2019"},"content":{"rendered":"<p style=\"text-align: justify;\"><a href=\"http:\/\/www.korhanyilmaz.com\/wp-content\/uploads\/2011\/04\/199.jpg\"  class=\"lightview\"><img loading=\"lazy\" decoding=\"async\" class=\"aligncenter size-full wp-image-30930\" src=\"http:\/\/www.korhanyilmaz.com\/wp-content\/uploads\/2011\/04\/199.jpg\" alt=\"\" width=\"420\" height=\"210\" \/><\/a><\/p>\n<p style=\"text-align: justify;\">Demokrat Yarg\u0131 Derne\u011fi Ba\u015fkan\u0131 son krizi de\u011ferlendirdi.<\/p>\n<p style=\"text-align: justify;\">Demokrat Yarg\u0131 Derne\u011fi Ba\u015fkan\u0131 son krizi de\u011ferlendirirken \u201cYSK kendisini tapu dairesi zannediyor\u201d diyor. Ertekin kendisini ele\u015ftiren liberal demokratlar\u0131 ise \u2018\u00e7i\u011flikle\u2019 su\u00e7luyor. Ertekin\u2019e g\u00f6re yeni HSYK da geni\u015fletilmi\u015f MGK gibi&#8230; <!--more--><\/p>\n<p style=\"text-align: justify;\">Demokrat Yarg\u0131 Derne\u011fi Ba\u015fkan\u0131 Orhan Gazi Ertekin, son olarak eski Ba\u015fkan Osman Can\u2019a y\u00f6nelik, \u201cYeni Vural Sava\u015f\u201d benzetmesiyle g\u00fcndeme geldi. Ertekin, YSK\u2019n\u0131n ba\u011f\u0131ms\u0131z adaylara y\u00f6nelik karar\u0131n\u0131 ele\u015ftirirken liberal demokratlar\u0131 daha da k\u0131zd\u0131racak s\u00f6zler sarf etti. Ertekin, Ergenekon soru\u015fturmas\u0131ndan, yeni HSYK\u2019ya kadar \u00e7arp\u0131c\u0131 a\u00e7\u0131klamalarda bulundu.<\/p>\n<p style=\"text-align: justify;\"><strong>YSK\u2019n\u0131n ba\u011f\u0131ms\u0131z adaylarla ilgili ilk karar\u0131 T\u00fcrkiye\u2019yi kar\u0131\u015ft\u0131rd\u0131. Sizce siyasi miydi?<\/strong><\/p>\n<p style=\"text-align: justify;\">YSK, HSYK se\u00e7im s\u00fcrecinde de Anayasa de\u011fi\u015fikli\u011fini \u00e7ok yanl\u0131\u015f yorumlad\u0131. Adalet Bakanl\u0131\u011f\u0131 ne istediyse ona uygun karar ald\u0131. Komik bir durum ama YSK\u2019n\u0131n karar\u0131n\u0131 y\u00fcksek yarg\u0131n\u0131n hukukla ili\u015fkisinin zay\u0131fl\u0131\u011f\u0131na ba\u011fl\u0131yorum. Bu kadar komik gerek\u00e7elerle karar verirseniz problemli bir durum ortaya \u00e7\u0131kar. Karar T\u00fcrkiye\u2019deki yarg\u0131 gelene\u011finin tipik bir tezah\u00fcr\u00fc.<\/p>\n<p style=\"text-align: justify;\"><strong>\u201cTipik tezah\u00fcr\u201dle neyi kast ediyorsunuz?<\/strong><\/p>\n<p style=\"text-align: justify;\">YSK\u2019n\u0131n i\u00e7inde bulundu\u011fu yer; hukukla se\u00e7im, demokrasi, siyaset aras\u0131ndaki ili\u015fkidir. Faaliyet y\u00fcr\u00fctt\u00fc\u011f\u00fcn\u00fcz yerin ruhuna uygun farkl\u0131l\u0131klar\u0131, \u00e7e\u015fitlilikleri g\u00f6z \u00f6n\u00fcne alan, demokratik kat\u0131l\u0131m\u0131 art\u0131racak hukuksal bir yorum gelene\u011fi olu\u015fturman\u0131z laz\u0131m. Ama YSK\u2019n\u0131n mevcut bak\u0131\u015f a\u00e7\u0131s\u0131nda b\u00f6yle bir alg\u0131 yok. Tipik bir devlet dairesi olduklar\u0131n\u0131 zannediyorlar. Zannedersiniz tapu dairesi! \u2018\u015eu belge eksik, olmaz\u2019 diyor. Oysa siz hakimsiniz. Hakim, hukukun matematik olarak aktar\u0131c\u0131l\u0131\u011f\u0131n\u0131 yapan ki\u015fi de\u011fildir, faaliyet y\u00fcr\u00fctt\u00fc\u011f\u00fc alan\u0131n ruhuna uygun olarak yorum geli\u015ftirmek zorundad\u0131r. Karar her a\u00e7\u0131dan problemliydi. Hukuk devlet iradesi de\u011fildir. Hukuku yarat\u0131rken, uygularken topluma bakacaks\u0131n\u0131z.<\/p>\n<p style=\"text-align: justify;\"><strong>YSK tepkilere direnemedi ve geri ad\u0131m att\u0131 ama sonucu a\u011f\u0131r oldu.<\/strong><\/p>\n<p style=\"text-align: justify;\">D\u00fcnyan\u0131n hi\u00e7bir yerinde toplumun genel e\u011filimin tersine bir hukuk karar\u0131 verilememi\u015ftir. ABD yarg\u0131c\u0131 \u00f6nce \u2018beyazlarla siyahlar fark\u0131l\u0131d\u0131r\u2019 demi\u015ftir. Sonra durum de\u011fi\u015fmi\u015f ve \u2018Irklar e\u015fittir\u2019 demi\u015ftir\u00d6 \u0130lk kez bu YSK karar\u0131yla bir \u015feyi g\u00f6rd\u00fck: Toplum hukukun taraf\u0131 olmad\u0131\u011f\u0131 s\u00fcrece yukardakiler kendinden menkul kararlar vermeye devam ederler. Oysa bu neredeyse tarihi bir ad\u0131md\u0131r ve tarih\u00e7ilerin yazmas\u0131 gerekiyor. YSK 100 y\u0131ll\u0131k gelene\u011fini \u2018Karde\u015fim, can\u0131m ne isterse yapar\u0131m\u2019 diye ba\u015f\u0131m\u0131za vuruyor, sonra toplum devreye giriyor ve haddini bildiriyor. Ger\u00e7ek hukukun ne oldu\u011funu \u00f6\u011fretiyor. Toplumun i\u00e7inde yer almad\u0131\u011f\u0131 hi\u00e7bir mahkeme- Ergenekon dahil- hi\u00e7bir hukuk alan\u0131, ciddi olarak i\u015flemez.<\/p>\n<p style=\"text-align: justify;\"><strong>Eski HSYK\u2019yla ilgili ilgin\u00e7 de\u011ferlendirmeler yapm\u0131\u015ft\u0131n\u0131z. Yeni HSYK\u2019y\u0131 nas\u0131l tan\u0131ml\u0131yorsunuz?<\/strong><\/p>\n<p style=\"text-align: justify;\">Yeni HSYK\u2019n\u0131n \u00e7ok ilgin\u00e7 bir yap\u0131s\u0131 var. Eski HSYK\u2019y\u0131 Milli G\u00fcvenlik Konseyi olarak nitelemi\u015ftim. \u015eimdiki ise \u201cGeni\u015fletilmi\u015f Milli G\u00fcvenlik Kurulu\u201d.<\/p>\n<p style=\"text-align: justify;\"><strong>Fark\u0131 nedir?<\/strong><\/p>\n<p style=\"text-align: justify;\">Ayn\u0131 militarist zihniyet devam ediyor. Askeri 5\u2019linin i\u00e7ine sivil birka\u00e7 montaj yap\u0131lm\u0131\u015f. Di\u011fer fark, eski HSYK otoriterdi. Bir karar ald\u0131\u011f\u0131nda, \u2018Can\u0131m b\u00f6yle istiyor, onay beklemiyorum\u2019 diyordu. \u015eimdiki bir karar al\u0131yor, tabana d\u00f6n\u00fcp, \u2018Alk\u0131\u015flay\u0131n beni\u2019 diyor. E\u011fer bir faaliyette bulunuyorsan\u0131z, toplumu buna katm\u0131yorsan\u0131z otoriterliktir. Ama faaliyette bulunup, toplumdan mutlaka onay istiyorsan\u0131z bu totalitarizmdir. Evinize girip refleksinizi belirlemeye \u00e7al\u0131\u015f\u0131yorsa daha tehlikeli bir s\u00fcrece gidiyoruz demektir. Eski HSYK\u2019n\u0131n biraz ta\u015fral\u0131 bir havas\u0131 vard\u0131. \u0130nsani farkl\u0131l\u0131klar belli olurdu. Hem\u015ferilik, dinsel payla\u015fmalar, be\u015feri yak\u0131nla\u015fmalar&#8230;Bunlar HSYK faaliyetleri \u00fcretilirken insani bir derinle\u015fme, \u00e7e\u015fitlenme yarat\u0131rd\u0131.<\/p>\n<p style=\"text-align: justify;\"><strong>\u015eimdiki yap\u0131da bunu g\u00f6remiyor musunuz?<\/strong><\/p>\n<p style=\"text-align: justify;\">\u015eimdi adeta makine gibi \u00e7al\u0131\u015f\u0131yor. Yarg\u0131tay ve Dan\u0131\u015ftay\u2019a \u00fcye se\u00e7erken 4 bin ki\u015fi i\u00e7inden 160 ki\u015fiye aniden odaklanabiliyorlar. HSYK de\u011fil radar m\u00fcbarek. Korkun\u00e7 bir \u015fey. Fazlas\u0131yla kurgu, plan, makine \u00f6zelli\u011fi sergiliyor. Bundan korkmak laz\u0131m. \u00c7ok garip bir bi\u00e7imde neredeyse tanr\u0131sal bir se\u00e7im yap\u0131l\u0131yor.<\/p>\n<p style=\"text-align: justify;\"><strong>12 Eyl\u00fcl darbecileri i\u00e7in davalar a\u00e7\u0131l\u0131yor. Bir sonucu olur mu?<\/strong><\/p>\n<p style=\"text-align: justify;\">T\u00fcrkiye\u2019de iki b\u00fcy\u00fck perspektif var: Birincisi geleneksel, y\u00fcksek yarg\u0131daki Kemalist, ayd\u0131nlanmac\u0131 hukuksal yorum gelene\u011fi. Bu perspektifte askere d\u00f6n\u00fck soru\u015fturma gelene\u011fi yoktur. \u00c7ok nadir olarak emekli oldu\u011funda g\u00f6r\u00fcrs\u00fcn\u00fcz. \u0130lk defa son 7-8 y\u0131l i\u00e7inde -Ferhat Sar\u0131kaya ilk, Ergenekon devam\u0131d\u0131r- askerin de fail oldu\u011fu anla\u015f\u0131lmaya ba\u015flad\u0131. \u00d6zellikle \u00f6zel yetkili mahkemelerde biriken yeni adli perspektifin ilk anda bu y\u00f6ndeki faaliyetleri umut verici. Fakat bu adli perspektif maalesef hukuk devleti, demokrasi nosyonu bak\u0131m\u0131ndan ilkinden ciddi bir farka sahip de\u011fil.<\/p>\n<p style=\"text-align: justify;\"><strong>Liberaller g\u00fcvenilir olmaktan \u00e7\u0131kt\u0131<\/strong><\/p>\n<p style=\"text-align: justify;\"><strong>Sizin deyi\u015finizle \u201824 Mart muht\u0131ras\u0131\u2019 yani \u015e\u0131k\u2019\u0131n kitab\u0131yla ilgili karara gelelim. 27 Nisan\u2019dan farkl\u0131 g\u00f6rmedi\u011finizi yazd\u0131n\u0131z.<\/strong><\/p>\n<p style=\"text-align: justify;\">Fark g\u00f6rm\u00fcyorum. Bu bize \u2018Muht\u0131ral\u0131 demokrasi\u2019 gelene\u011fini ta\u015f\u0131yor. Bir yandan \u2018bizim demokrasimiz var\u2019 diyeceksiniz, di\u011fer yandan \u201cDo\u011fru demokrasiyi biz \u00f6\u011fretiriz\u201d diyeceksiniz. Do\u011fruyu ba\u015ftan bilen birilerinin di\u011fer kesimlere \u00f6\u011fretti\u011fi 100 y\u0131ll\u0131k siyasi tarihimizde muht\u0131ralar, darbelerle kar\u015f\u0131 kar\u015f\u0131ya kald\u0131k. 24 Mart karar\u0131 bunun siyasi gelene\u011fimiz i\u00e7inde ortaya \u00e7\u0131kt\u0131\u011f\u0131 tipik olaylardan bir tanesi. Yani bunu yeni bir \u015feymi\u015f gibi, h\u00fck\u00fcmetin bir problemiymi\u015f gibi g\u00f6rmek politik k\u00f6rl\u00fckt\u00fcr. T\u00fcrkiye\u2019de iktidar budur. Mevcut iktidar kendisine farkl\u0131 ve yeni bir gelenek \u00fcretmek yerine, yarg\u0131 i\u00e7indeki yeni adli perspektif de yeni, \u00f6zg\u00fcrl\u00fck\u00e7\u00fc bir adli gelenek \u00fcretmek yerine eski gelene\u011fin ayn\u0131s\u0131n\u0131 bu kez farkl\u0131 kesimlere uygulamakla me\u015fgul.<\/p>\n<p style=\"text-align: justify;\"><strong>Yani g\u00fc\u00e7 kimdeyse s\u00f6z sahibi o oluyor&#8230;<\/strong><\/p>\n<p style=\"text-align: justify;\">\u0130ktidar\u0131n dar ve kaba bir iktidar alg\u0131s\u0131 var. \u0130ktidara \u2018Sahibi kim?\u2019 diye bakarsan\u0131z, o iktidar\u0131n yapt\u0131klar\u0131n\u0131 demokrat olarak sorgulamazs\u0131n\u0131z. Belli kesimler i\u00e7in bu soruya cevap: Bizimkiler yapt\u0131ysa do\u011fru, kar\u015f\u0131 taraf yapt\u0131ysa zinhar yanl\u0131\u015ft\u0131r. \u015euan tam da o cinnet an\u0131nday\u0131z.<\/p>\n<p style=\"text-align: justify;\"><strong>Son yaz\u0131n\u0131zla liberalleri k\u0131zd\u0131rd\u0131n\u0131z. Osman Can\u2019a \u2018Yeni Vural Sava\u015f\u2019 dediniz&#8230;<\/strong><\/p>\n<p style=\"text-align: justify;\">Bu kesimlerle aram\u0131zdaki demokrasi ufku y\u00f6n\u00fcnden fark, ilk olarak HSYK se\u00e7imlerinde ortaya \u00e7\u0131km\u0131\u015ft\u0131. Osman Can diye bir derdim de kalmad\u0131 benim.<\/p>\n<p style=\"text-align: justify;\"><strong>Referandumda omuz omuzayken se\u00e7imde neden g\u00fcvenilir olmaktan \u00e7\u0131kt\u0131lar?<\/strong><\/p>\n<p style=\"text-align: justify;\">Liberal demokratlar\u0131n vesayet, b\u00fcrokrasi analizlerine bakarsan\u0131z o analizlerin hepsi HSYK se\u00e7imlerinde kendi tutarl\u0131 politik kar\u015f\u0131l\u0131klar\u0131n\u0131 bulmak zorundayd\u0131. Ama bulmad\u0131. Liberal demokratlar T\u00fcrk iktidar analizinde b\u00fcrokrasiyi ve vesayet meselesini ana hedef haline getirdiler. Oysa HSYK se\u00e7imlerini, bu s\u00f6ylem \u00fczerinden de\u011ferlendirdi\u011finizde say\u0131s\u0131z problem \u00e7\u0131k\u0131yordu. Se\u00e7im tam da b\u00fcrokrasinin g\u00f6be\u011finde, vesayetin \u00e7ok daha \u00f6tesinde ya\u015fand\u0131. Son 10 y\u0131ll\u0131k politik mesailerini bu meseleleri analiz ederek ge\u00e7iren Ahmet Altan gibi ayd\u0131nlar\u0131n bu geli\u015fmeler kar\u015f\u0131s\u0131nda entellekt\u00fcel g\u00fcvenilirlikleri i\u00e7in s\u00f6z s\u00f6ylemeleri gerekirdi. O anda s\u00f6z sarf etmiyorsan\u0131z sizin politik i\u015flevselli\u011finiz sorgulanmaya ba\u015flar.<\/p>\n<p style=\"text-align: justify;\"><strong>Ses gelmeyince sorgulamaya ba\u015flad\u0131n\u0131z&#8230;<\/strong><\/p>\n<p style=\"text-align: justify;\">Evet. O andan itibaren ayr\u0131\u015fma ba\u015flad\u0131. T\u00fcrkiye\u2019de liberal demokratlar\u0131n yeni iktidar d\u00f6n\u00fc\u015f\u00fcm\u00fcne nezaret edemeyecek kadar zay\u0131f, h\u00fck\u00fcmet kar\u015f\u0131s\u0131nda \u00e7ok e\u011freti durduklar\u0131, h\u00fck\u00fcmetin politik eylemlerini sorgulayamad\u0131klar\u0131, do\u011fru analiz edemedikleri g\u00f6r\u00fcld\u00fc. H\u00fck\u00fcmet b\u00fcrokratik ara\u00e7lar\u0131, vesayeti \u00fcstlendi\u011fi halde bunu entelekt\u00fcel olarak g\u00f6remedikleri ortaya \u00e7\u0131kt\u0131. Sadece komik ve garip bir bi\u00e7imde \u2018Bak\u0131n vesayete kar\u015f\u0131 zafer kazan\u0131l\u0131yor\u2019 sak\u0131z\u0131n\u0131 hala \u00e7i\u011fniyor olmalar\u0131 \u015f\u00fcphe do\u011furuyordu.<\/p>\n<p style=\"text-align: justify;\"><strong>\u00d6z\u2019\u00fcn arkas\u0131nda \u00f6zel yetkili mahkemelerle ayr\u0131 bir iktidar var <\/strong><\/p>\n<p style=\"text-align: justify;\"><strong>-Zekeriya \u00d6z\u2019\u00fcn terfisini ya da bir bak\u0131ma geri \u00e7ekilmesini nas\u0131l de\u011ferlendiriyorsunuz?<\/strong><\/p>\n<p style=\"text-align: justify;\">Zekeriya \u00d6z\u2019\u00fc herkes bir t\u00fcr \u2018k\u00fc\u00e7\u00fck yarg\u0131\u00e7\u2019(*) gibi de\u011ferlendiriyor. Fransa\u2019daki ad\u0131yla \u2018K\u0131z\u0131l Yarg\u0131\u00e7lar\u2019 toplumun \u00e7ok de\u011fi\u015fik kesimlerden g\u00fc\u00e7 al\u0131rlar. Bu toplumsal \u00f6bekler orta s\u0131n\u0131f, k\u00fc\u00e7\u00fck burjuvalar olur. Bu kesimlerin \u201cB\u00f6yle adalet olur mu?\u201d s\u00f6zlerinin kar\u015f\u0131l\u0131\u011f\u0131n\u0131 buldu\u011fu yerler k\u00fc\u00e7\u00fck ve k\u0131z\u0131l yarg\u0131\u00e7lard\u0131r. \u00d6z, k\u00fc\u00e7\u00fck bir yarg\u0131\u00e7 de\u011fil. Ergenekon davas\u0131n\u0131 \u00e7\u0131karan Zekeriya \u00d6z de\u011fil. Ortaya \u00e7\u0131karan \u00f6zel yetkili mahkemelerdeki, yeni adli perspektifin, yeni bir ideolojik siyasi g\u00fcc\u00fcn \u00f6rg\u00fctlenmesidir.<\/p>\n<p style=\"text-align: justify;\"><strong>-\u00d6z olmasa da Ergenekon yine \u00e7\u0131kacakt\u0131 yani?<\/strong><\/p>\n<p style=\"text-align: justify;\">Evet, olacakt\u0131. \u00d6z\u2019\u00fcn yerine konulacak y\u00fczlerce \u00f6zel yetkili hakim, savc\u0131 var. Ama bat\u0131daki k\u00fc\u00e7\u00fck yarg\u0131\u00e7 hareketinde biri gitti\u011finde yerine yenisi konulamazd\u0131. Birden ortaya \u00e7\u0131kan, zorluklar kar\u015f\u0131s\u0131nda y\u0131lmayan, toplumun geni\u015f kesimlerinden destek alan yarg\u0131\u00e7lard\u0131. E\u011fer \u00f6yle olsayd\u0131 Zekeriya \u00d6z\u2019\u00fcn gidi\u015fi ciddi bir sorun yaratabilirdi. Ama \u015fimdi sorun yaratmaz. \u00c7\u00fcnk\u00fc Zekeriya \u00d6z o b\u00fcy\u00fck buzda\u011f\u0131n\u0131n sadece k\u00fc\u00e7\u00fck g\u00f6r\u00fcnen bir y\u00fcz\u00fc. Alt\u0131nda \u00f6zel yetkili mahkemelerle, ikinci b\u00fcy\u00fck iktidar var. O ikinci b\u00fcy\u00fck iktidar sayesinde bu dava ayakta kalm\u0131\u015ft\u0131r.<\/p>\n<p style=\"text-align: justify;\"><strong>-Bat\u0131\u2019daki hareketten fark\u0131 toplumsal destek gibi g\u00f6r\u00fcn\u00fcyor&#8230;<\/strong><\/p>\n<p style=\"text-align: justify;\">Fark\u0131 T\u00fcrkiye\u2019de toplumun \u00e7e\u015fitli kesimlerinin birbirinden kategorik olarak ayr\u0131lm\u0131\u015f olmas\u0131. Bu toplumun \u00e7ok \u00e7e\u015fitli kesimlerinden g\u00fc\u00e7 ve me\u015fruiyet alan bir dava de\u011fil. Bu bir derin devlet davas\u0131 olmak yerine h\u00fck\u00fcmetin darbecilerle, orduyla hesab\u0131n\u0131n g\u00f6r\u00fcld\u00fc\u011f\u00fc bir \u015feye d\u00f6n\u00fc\u015f\u00fcyor. Daha da \u00f6tesi bir cemaatin hesab\u0131n\u0131n g\u00f6r\u00fcld\u00fc\u011f\u00fc yere gidiyor. Derin devlet davalar\u0131n\u0131n en ilgin\u00e7 yan\u0131 -\u00e7o\u011fu insan failleri zanneder ama &#8211; m\u00fc\u015ftekileridir. Davan\u0131n kimli\u011fini belirleyen budur. Davaya bakarken, \u201cAhmet \u015e\u0131k, Nedim \u015eener neden Veli K\u00fc\u00e7\u00fck\u2019le ayn\u0131 dosyada?\u201d diye sorulur. Ama as\u0131l soru \u2018M\u00fc\u015fteki kim?\u2019dir. Bunu sordu\u011funuz anda b\u00fct\u00fcn bu isimlerin ayn\u0131 dosyada neden beraber oldu\u011funu anlar\u0131z.<\/p>\n<p style=\"text-align: justify;\"><strong>-Ergenekon\u2019un m\u00fc\u015ftekiler b\u00f6l\u00fcm\u00fcnde kim yaz\u0131yor?<\/strong><\/p>\n<p style=\"text-align: justify;\">H\u00fck\u00fcmet ve cemaat. Cemaat daha \u00f6ne \u00e7\u0131k\u0131yor. H\u00fck\u00fcmetin bile geride kald\u0131\u011f\u0131 bir derin devlet davas\u0131 T\u00fcrkiye tarihi okumas\u0131 yapan birisi a\u00e7\u0131s\u0131ndan hakikaten \u00e7ok komiktir. Derin devlet davas\u0131nda K\u00fcrtlerden, devrimci \u00f6rg\u00fctlerden, gayri m\u00fcsl\u00fcmlerden bahsetmeliyiz. Tarihi bir derin devlet davas\u0131nda giderek m\u00fc\u015ftekinin h\u00fck\u00fcmeti a\u015facak bir \u015fekilde cemaat olmas\u0131 \u00e7o\u011fu ki\u015fiyi g\u00fcld\u00fcr\u00fcr.<\/p>\n<p style=\"text-align: justify;\"><strong>-Toplum neredeyse t\u00fcm davalara genel bir g\u00fcvensizlik duyuyor galiba&#8230;<\/strong><\/p>\n<p style=\"text-align: justify;\">Osmanl\u0131 hukukunda ho\u015f bir m\u00fcessese var: \u015euhud-\u00fcl Hal. Halk \u015fahitleri demek. Mahkeme yap\u0131l\u0131rken halktan iki ki\u015fi orada bulunuyor ve karar\u0131n alt\u0131na imza at\u0131yorlar. \u015euna \u015fahitlik yap\u0131yorlar: \u201cBu yarg\u0131lama ola\u011fan ko\u015fullarda yap\u0131ld\u0131. Hi\u00e7 kimse hakimin kula\u011f\u0131na f\u0131s\u0131ldamad\u0131. \u0130ki taraf\u0131n haklar\u0131na riayet edildi, bask\u0131 olmad\u0131.\u201d Bizim b\u00fct\u00fcn davalarda \u015fuhud-\u00fcl hal\u2019e ihtiyac\u0131m\u0131z var. YSK da, Ergenekon da dahil t\u00fcm davalarda ihtiyac\u0131m\u0131z var.<\/p>\n<p style=\"text-align: justify;\"><strong>Yeni liberaller \u00e7ok \u00e7i\u011f <\/strong><\/p>\n<p style=\"text-align: justify;\"><strong>-Emre Ak\u00f6z demokrasi yorumunuzu ele\u015ftirdi, ortaya \u201cmilitan demokrasi\u201d polemi\u011fi \u00e7\u0131kt\u0131<\/strong><\/p>\n<p style=\"text-align: justify;\">Militan demokrasi s\u00f6z\u00fc Vural Sava\u015f\u2019la tan\u0131nm\u0131\u015ft\u0131r. \u00d6z\u00fc \u015fudur: Demokrasiyi savunmas\u0131z b\u0131rakamay\u0131z. Ahmet \u015e\u0131k sonras\u0131 tart\u0131\u015fmalara bakarsan\u0131z muhafazakar ve dindar kesimlerde en \u00e7ok s\u00f6ylenen \u015fu: Demokrasi sahipsiz mi kalacak? Korkun\u00e7 bir \u015fey. Kar\u015f\u0131mda Vural Sava\u015f\u2019\u0131 g\u00f6r\u00fcyorum. Biz y\u00fcz y\u0131ld\u0131r bunu dinledik zaten. Ak\u00f6z\u2019\u00fcn tepkisi bu oldu: Demokrasiyi sahipsiz mi b\u0131rakaca\u011f\u0131z? Bence bu s\u00f6z\u00fc s\u00f6yleyenlerin siyasal acemilikleri, y\u00fczeysellikleri buradan kaynaklan\u0131yor. Bari yeni bir iktidar, yeni bir d\u00f6neme ge\u00e7iyorsunuz daha farkl\u0131 ifade etmeye \u00e7al\u0131\u015f\u0131n. Beni en \u00e7ok d\u00fc\u015f\u00fcnd\u00fcren \u015fey, liberal demokratlar\u0131n \u00e7i\u011flikleri. Ge\u00e7mi\u015ftekiler biraz daha okumu\u015flard\u0131, alg\u0131lar\u0131 g\u00fc\u00e7l\u00fcyd\u00fc. \u015eimdikilerde m\u00fcthi\u015f bir \u00e7i\u011flik var. \u201cDemokrasi kendi d\u00fc\u015fmanlar\u0131na kar\u015f\u0131 korunmal\u0131d\u0131r\u201d s\u00f6z\u00fc asl\u0131nda, \u201cDemokrasi d\u00fc\u015fmanlar\u0131na farkl\u0131 bir hukuki sistem uygulanmal\u0131d\u0131r, ola\u011fan sistemin d\u0131\u015f\u0131nda ola\u011fan\u00fcst\u00fc bir hukuka evrilebiliriz\u201d s\u00f6z\u00fcn\u00fcn bir ba\u015fka bi\u00e7imde anlat\u0131m\u0131d\u0131r. Bunu liberal siyaset literat\u00fcr\u00fc i\u00e7inde ifade edecek say\u0131s\u0131z \u015fey var. Ama \u00fcretemiyorlar. Ge\u00e7mi\u015fteki sloganlar\u0131n ayn\u0131s\u0131n\u0131, \u00e7ok d\u00fc\u015f\u00fcnmeden kullan\u0131yorlar.<\/p>\n<p style=\"text-align: justify;\"><strong>Cihaner \u2018k\u00fc\u00e7\u00fck yarg\u0131\u00e7t\u0131r\u2019 <\/strong><\/p>\n<p style=\"text-align: justify;\"><strong>-CHP\u2019den aday olan \u0130lhan Cihaner Jitem\u2019e dava a\u00e7t\u0131\u011f\u0131nda bir kesim i\u00e7in kahramand\u0131. Ama \u015fimdi Ergenekoncu su\u00e7lamas\u0131 yap\u0131l\u0131yor?<\/strong><\/p>\n<p style=\"text-align: justify;\">\u0130lhan Cihaner\u2019in, T\u00fcrk yarg\u0131 tarihinde kendine mahsus isimlerden biri oldu\u011funu d\u00fc\u015f\u00fcn\u00fcyorum. Farkl\u0131 bir zamanda olsayd\u0131k Cihaner, k\u00fc\u00e7\u00fck yarg\u0131\u00e7 olarak kar\u015f\u0131m\u0131za \u00e7\u0131kard\u0131. T\u00fcrkiye\u2019de k\u00fc\u00e7\u00fck yarg\u0131\u00e7, k\u0131z\u0131l yarg\u0131\u00e7 ar\u0131yorsan\u0131z onun ismi \u0130lhan Cihaner\u2019dir. Hukuk\u00e7ulu\u011fu \u00e7ok iyidir. Yarg\u0131ya kataca\u011f\u0131 \u00e7ok \u015fey oldu\u011funu d\u00fc\u015f\u00fcn\u00fcyordum. Ama CHP\u2019de de bir gelece\u011fi var. T\u00fcrk siyasetinin daha fakl\u0131 bak\u0131\u015f a\u00e7\u0131lar\u0131na, daha melez bak\u0131\u015f a\u00e7\u0131lar\u0131na ihtiyac\u0131 var ve \u0130lhan Cihaner odur. Siyasete de farkl\u0131, demokratik tav\u0131r getirecek insanlardan biri. Cihaner bence ne Vural Sava\u015f ne Kanado\u011flu\u2019dur.<\/p>\n<p style=\"text-align: justify;\"><a href=\"http:\/\/haber.gazetevatan.com\/toplum-yskya-haddini-bildirdi-bu-tarihi-bir-olay\/372828\/1\/Gundem\" target=\"_blank\">Kaynak : Deniz G\u00fc\u00e7er R\u00f6portaj\u0131 &#8211; VATAN Gazetesi<\/a><\/p>\n","protected":false},"excerpt":{"rendered":"<p style=\"text-align: justify;\">\n<p style=\"text-align: justify;\">Demokrat Yarg\u0131 Derne\u011fi Ba\u015fkan\u0131 son krizi de\u011ferlendirdi.<\/p>\n<p style=\"text-align: justify;\">Demokrat Yarg\u0131 Derne\u011fi Ba\u015fkan\u0131 son krizi de\u011ferlendirirken \u201cYSK kendisini tapu dairesi zannediyor\u201d diyor. Ertekin kendisini ele\u015ftiren liberal demokratlar\u0131 ise \u2018\u00e7i\u011flikle\u2019 su\u00e7luyor. Ertekin\u2019e g\u00f6re yeni HSYK da geni\u015fletilmi\u015f MGK gibi&#8230; <\/p>\n","protected":false},"author":1,"featured_media":0,"comment_status":"open","ping_status":"closed","sticky":false,"template":"","format":"standard","meta":{"footnotes":""},"categories":[105],"tags":[],"class_list":["post-30929","post","type-post","status-publish","format-standard","hentry","category-gundem","odd"],"_links":{"self":[{"href":"http:\/\/www.korhanyilmaz.com\/index.php?rest_route=\/wp\/v2\/posts\/30929","targetHints":{"allow":["GET"]}}],"collection":[{"href":"http:\/\/www.korhanyilmaz.com\/index.php?rest_route=\/wp\/v2\/posts"}],"about":[{"href":"http:\/\/www.korhanyilmaz.com\/index.php?rest_route=\/wp\/v2\/types\/post"}],"author":[{"embeddable":true,"href":"http:\/\/www.korhanyilmaz.com\/index.php?rest_route=\/wp\/v2\/users\/1"}],"replies":[{"embeddable":true,"href":"http:\/\/www.korhanyilmaz.com\/index.php?rest_route=%2Fwp%2Fv2%2Fcomments&post=30929"}],"version-history":[{"count":0,"href":"http:\/\/www.korhanyilmaz.com\/index.php?rest_route=\/wp\/v2\/posts\/30929\/revisions"}],"wp:attachment":[{"href":"http:\/\/www.korhanyilmaz.com\/index.php?rest_route=%2Fwp%2Fv2%2Fmedia&parent=30929"}],"wp:term":[{"taxonomy":"category","embeddable":true,"href":"http:\/\/www.korhanyilmaz.com\/index.php?rest_route=%2Fwp%2Fv2%2Fcategories&post=30929"},{"taxonomy":"post_tag","embeddable":true,"href":"http:\/\/www.korhanyilmaz.com\/index.php?rest_route=%2Fwp%2Fv2%2Ftags&post=30929"}],"curies":[{"name":"wp","href":"https:\/\/api.w.org\/{rel}","templated":true}]}}