{"id":30922,"date":"2011-04-23T09:38:32","date_gmt":"2011-04-23T06:38:32","guid":{"rendered":"http:\/\/www.korhanyilmaz.com\/?p=30922"},"modified":"2011-04-23T09:38:32","modified_gmt":"2011-04-23T06:38:32","slug":"osym-baskani-savciya-sordu","status":"publish","type":"post","link":"http:\/\/www.korhanyilmaz.com\/?p=30922","title":{"rendered":"\u00d6SYM Ba\u015fkan\u0131 savc\u0131ya sordu&#8230;"},"content":{"rendered":"<p style=\"text-align: justify;\"><a href=\"http:\/\/www.korhanyilmaz.com\/wp-content\/uploads\/2011\/04\/197.jpg\"  class=\"lightview\"><img loading=\"lazy\" decoding=\"async\" class=\"aligncenter size-full wp-image-30923\" src=\"http:\/\/www.korhanyilmaz.com\/wp-content\/uploads\/2011\/04\/197.jpg\" alt=\"\" width=\"307\" height=\"236\" \/><\/a><\/p>\n<p style=\"text-align: justify;\">\u00d6SYM Ba\u015fkan\u0131 Ali Demir\u2019in 19 Nisan\u2019da Ba\u015fsavc\u0131vekili \u015eadan Sak\u0131nan\u2019a YGS\u2019nin iptali ihtimaline ili\u015fkin \u015fahsi g\u00f6r\u00fc\u015f\u00fcn\u00fc sordu\u011fu, Sak\u0131nan\u2019\u0131n, &#8220;Ben kar\u0131\u015fmam. Soru\u015fturmam\u0131za bakar\u0131z&#8221; dedi\u011fi \u00f6\u011frenildi. Bundan 3 g\u00fcn sonra METEKSAN\u2019a bask\u0131n yap\u0131ld\u0131. <!--more--><\/p>\n<p style=\"text-align: justify;\">Milliyet, \u00d6SYM Ba\u015fkan\u0131 Prof. Dr. Ali Demir\u2019in YGS\u2019deki \u015fifre iddias\u0131 soru\u015fturmas\u0131n\u0131 y\u00fcr\u00fcten Ankara Cumhuriyet Ba\u015fsavc\u0131vekili \u015eadan Sak\u0131nan\u2019la yapt\u0131\u011f\u0131 g\u00f6r\u00fc\u015fmenin perde arkas\u0131na ula\u015ft\u0131.<\/p>\n<p style=\"text-align: justify;\">Demir, soru\u015fturma s\u00fcrerken 19 Nisan\u2019da Ankara Adliyesi\u2019ne gelerek, Sak\u0131nan\u2019la 20 dakikal\u0131k bir g\u00f6r\u00fc\u015fme yapm\u0131\u015ft\u0131. Demir\u2019in, s\u00f6z konusu g\u00f6r\u00fc\u015fme s\u0131ras\u0131nda Sak\u0131nan\u2019dan, \u015fifre iddialar\u0131 ve s\u0131nav\u0131n iptali konusunda \u015fahsi olarak g\u00f6r\u00fc\u015f\u00fcn\u00fc sordu\u011fu \u00f6\u011frenildi.<\/p>\n<p style=\"text-align: justify;\">Sak\u0131nan\u2019\u0131n da, Demir\u2019e, &#8220;Ben kar\u0131\u015famam, biz soru\u015fturmam\u0131za bakar\u0131z&#8221; dedi\u011fi belirtildi. Demir\u2019in de \u015fifre iddialar\u0131n\u0131n ayd\u0131nlat\u0131lmas\u0131 konusunda \u00d6SYM olarak her t\u00fcrl\u00fc yard\u0131ma a\u00e7\u0131k olduklar\u0131n\u0131 s\u00f6yledi\u011fi \u00f6\u011frenildi.<\/p>\n<p style=\"text-align: justify;\"><strong>\u0130lk inceleme matbaada<\/strong><\/p>\n<p style=\"text-align: justify;\">Demir ile Sak\u0131nan\u2019\u0131n yapt\u0131\u011f\u0131 bu g\u00f6r\u00fc\u015fmeden 3 g\u00fcn sonra \u00d6SYM ve YGS sorular\u0131n\u0131n bas\u0131ld\u0131\u011f\u0131 matbaada d\u00fcn inceleme ba\u015flat\u0131ld\u0131. 1 milyon 700 bin aday\u0131n girdi\u011fi YGS s\u0131nav\u0131ndaki \u015fifre iddialar\u0131yla ilgili soru\u015fturmay\u0131 y\u00fcr\u00fcten Sak\u0131nan\u2019\u0131n talimat\u0131 do\u011frultusunda harekete ge\u00e7en 15 ki\u015filik bilirki\u015fi heyeti, sabah YGS sorular\u0131n\u0131n bas\u0131ld\u0131\u011f\u0131 Bilkent\u2019teki METEKSAN\u2019\u0131n matbaas\u0131 ile \u00d6SYM\u2019ye gitti.<\/p>\n<p style=\"text-align: justify;\">Aralar\u0131nda 2 bili\u015fim uzman\u0131 polis ile T\u00dcB\u0130TAK\u2019ta g\u00f6revli kriptoloji uzmanlar\u0131n\u0131n da bulundu\u011fu 5 ki\u015filik bilirki\u015fi, pazar g\u00fcn\u00fc yap\u0131lacak olan ALES s\u0131nav\u0131n\u0131n g\u00fcvenli\u011fi nedeniyle kapal\u0131 olarak \u00e7al\u0131\u015fmalar\u0131na devam eden matbaaya, cep telefonu, ses kay\u0131t cihaz\u0131 gibi elektronik e\u015fyalar\u0131n\u0131 g\u00fcvenlik g\u00f6revlilerine teslim ederek giri\u015f yapt\u0131.<\/p>\n<p style=\"text-align: justify;\">5 ki\u015filik ekibin, matbaadaki yaz\u0131l\u0131m ve bilgisayar programlar\u0131n\u0131 inceleyerek, bu programlar \u00fczerinden d\u0131\u015far\u0131ya bilgi ak\u0131\u015f\u0131 olup olamayaca\u011f\u0131, \u00e7\u0131k\u0131\u015f\u0131n olmas\u0131n\u0131 engelleyen bir durum olup olmad\u0131\u011f\u0131n\u0131 tespit etmeye \u00e7al\u0131\u015ft\u0131klar\u0131 \u00f6\u011frenildi.<\/p>\n<p style=\"text-align: justify;\">YGS\u2019deki \u015fifre iddialar\u0131 ile ilgili matbaada ba\u015flat\u0131lan incelemenin 3 g\u00fcn s\u00fcrece\u011fi bildirildi. Bilirki\u015fi heyetinin, pazar g\u00fcn\u00fc yap\u0131lacak ALES s\u0131nav\u0131n\u0131n bitimine kadar matbaadaki incelemelerini s\u00fcrd\u00fcrece\u011fi ve bu zaman zarf\u0131nda matbaadan ayr\u0131lamayacaklar\u0131 \u00f6\u011frenildi. \u0130ncelemelerin devam etti\u011fi saatlerde \u00d6SYM Ba\u015fkan\u0131 Prof. Dr. Ali Demir de matbaaya geldi.<\/p>\n<p style=\"text-align: justify;\">Yakla\u015f\u0131k 1 saat s\u00fcre ile matbaada kalan Demir, g\u00f6revlilerden bilgi ald\u0131ktan sonra matbaadan ayr\u0131ld\u0131. Demir, \u201ckapal\u0131 d\u00f6nem\u201d olarak adland\u0131r\u0131lan d\u00f6nemde, matbaaya giri\u015f-\u00e7\u0131k\u0131\u015f yapabilen tek isim oldu.<\/p>\n<p style=\"text-align: justify;\"><strong>\u00d6SYM deposunda inceleme<\/strong><\/p>\n<p style=\"text-align: justify;\">Be\u015f ki\u015filik bilirki\u015fi ekibi matbaada inceleme yaparken, di\u011fer 10 ki\u015filik ekibin de YGS s\u0131nav\u0131na giren adaylar\u0131n soru kitap\u00e7\u0131klar\u0131n\u0131n bulundu\u011fu \u00d6SYM\u2019de g\u00f6revlendirildi\u011fi \u00f6\u011frenildi. 10 ki\u015filik ekibin, \u00d6SYM\u2019nin deposunda bulunan YGS\u2019nin soru kitap\u00e7\u0131klar\u0131n\u0131 incelemeye ald\u0131\u011f\u0131 bildirildi. Bilirki\u015finin, ba\u015fta YGS s\u0131nav\u0131na giren ilk bin aday olmak \u00fczere t\u00fcm soru kitap\u00e7\u0131klar\u0131n\u0131 inceleyerek, adaya \u00f6zg\u00fc bir \u015fifreleme olup olmad\u0131\u011f\u0131n\u0131 tespit etmeye \u00e7al\u0131\u015ft\u0131klar\u0131 bildirildi.<\/p>\n<p style=\"text-align: justify;\"><a href=\"http:\/\/www.cnnturk.com\/2011\/yazarlar\/04\/23\/osym.baskani.savciya.sordu\/614286.0\/index.html\" target=\"_blank\">Kaynak : CNN T\u00dcRK<\/a><\/p>\n","protected":false},"excerpt":{"rendered":"<p style=\"text-align: justify;\">\n<p style=\"text-align: justify;\">\u00d6SYM Ba\u015fkan\u0131 Ali Demir\u2019in 19 Nisan\u2019da Ba\u015fsavc\u0131vekili \u015eadan Sak\u0131nan\u2019a YGS\u2019nin iptali ihtimaline ili\u015fkin \u015fahsi g\u00f6r\u00fc\u015f\u00fcn\u00fc sordu\u011fu, Sak\u0131nan\u2019\u0131n, &#8220;Ben kar\u0131\u015fmam. Soru\u015fturmam\u0131za bakar\u0131z&#8221; dedi\u011fi \u00f6\u011frenildi. Bundan 3 g\u00fcn sonra METEKSAN\u2019a bask\u0131n yap\u0131ld\u0131. <\/p>\n","protected":false},"author":1,"featured_media":0,"comment_status":"open","ping_status":"closed","sticky":false,"template":"","format":"standard","meta":{"footnotes":""},"categories":[105],"tags":[],"class_list":["post-30922","post","type-post","status-publish","format-standard","hentry","category-gundem","odd"],"_links":{"self":[{"href":"http:\/\/www.korhanyilmaz.com\/index.php?rest_route=\/wp\/v2\/posts\/30922","targetHints":{"allow":["GET"]}}],"collection":[{"href":"http:\/\/www.korhanyilmaz.com\/index.php?rest_route=\/wp\/v2\/posts"}],"about":[{"href":"http:\/\/www.korhanyilmaz.com\/index.php?rest_route=\/wp\/v2\/types\/post"}],"author":[{"embeddable":true,"href":"http:\/\/www.korhanyilmaz.com\/index.php?rest_route=\/wp\/v2\/users\/1"}],"replies":[{"embeddable":true,"href":"http:\/\/www.korhanyilmaz.com\/index.php?rest_route=%2Fwp%2Fv2%2Fcomments&post=30922"}],"version-history":[{"count":0,"href":"http:\/\/www.korhanyilmaz.com\/index.php?rest_route=\/wp\/v2\/posts\/30922\/revisions"}],"wp:attachment":[{"href":"http:\/\/www.korhanyilmaz.com\/index.php?rest_route=%2Fwp%2Fv2%2Fmedia&parent=30922"}],"wp:term":[{"taxonomy":"category","embeddable":true,"href":"http:\/\/www.korhanyilmaz.com\/index.php?rest_route=%2Fwp%2Fv2%2Fcategories&post=30922"},{"taxonomy":"post_tag","embeddable":true,"href":"http:\/\/www.korhanyilmaz.com\/index.php?rest_route=%2Fwp%2Fv2%2Ftags&post=30922"}],"curies":[{"name":"wp","href":"https:\/\/api.w.org\/{rel}","templated":true}]}}