{"id":30917,"date":"2011-04-23T00:08:36","date_gmt":"2011-04-22T21:08:36","guid":{"rendered":"http:\/\/www.korhanyilmaz.com\/?p=30917"},"modified":"2011-04-23T00:08:36","modified_gmt":"2011-04-22T21:08:36","slug":"eski-milletvekili-olduruldu","status":"publish","type":"post","link":"http:\/\/www.korhanyilmaz.com\/?p=30917","title":{"rendered":"Eski milletvekili \u00f6ld\u00fcr\u00fcld\u00fc"},"content":{"rendered":"<p style=\"text-align: justify;\"><a href=\"http:\/\/www.korhanyilmaz.com\/wp-content\/uploads\/2011\/04\/194.jpg\"  class=\"lightview\"><img loading=\"lazy\" decoding=\"async\" class=\"aligncenter size-full wp-image-30918\" src=\"http:\/\/www.korhanyilmaz.com\/wp-content\/uploads\/2011\/04\/194.jpg\" alt=\"\" width=\"385\" height=\"198\" \/><\/a><\/p>\n<p style=\"text-align: justify;\">Anatavan Partisi Bursa eski Milletvekili Mehmet Gedik, Mudanya il\u00e7esinde bir restoranda u\u011frad\u0131\u011f\u0131 silahl\u0131 sald\u0131r\u0131 sonucu ya\u015fam\u0131n\u0131 yitirdi.<\/p>\n<p style=\"text-align: justify;\">BURSA &#8211; Al\u0131nan bilgiye g\u00f6re, 1987-1995 y\u0131llar\u0131 aras\u0131nda Anatavan Partisi Bursa milletvekilli\u011fi g\u00f6revinde bulunan Mehmet Gedik, arkada\u015flar\u0131yla birlikte Bursa&#8217;n\u0131n Mudanya il\u00e7esinde bir restorana gitti. <!--more--><\/p>\n<p style=\"text-align: justify;\">Restoranda Eski\u015fehirspor-Fenerbah\u00e7e ma\u00e7\u0131n\u0131 izleyen Gedik ile yan masada oturan M.A.\u015e. adl\u0131 ki\u015fi aras\u0131nda hen\u00fcz belirlenemeyen nedenle tart\u0131\u015fma \u00e7\u0131kt\u0131.<\/p>\n<p style=\"text-align: justify;\">Tart\u0131\u015fman\u0131n kavgaya d\u00f6n\u00fc\u015fmesinin ard\u0131ndan Gedik, M.A.\u015e taraf\u0131ndan u\u011frad\u0131\u011f\u0131 silahl\u0131 sald\u0131r\u0131 sonucu olay yerinde ya\u015fam\u0131n\u0131 yitirdi.<\/p>\n<p style=\"text-align: justify;\">Zanl\u0131, g\u00f6zalt\u0131na al\u0131narak Mudanya \u0130l\u00e7e Emniyet M\u00fcd\u00fcrl\u00fc\u011f\u00fcne g\u00f6t\u00fcr\u00fcld\u00fc. Olayla ilgili soru\u015fturma s\u00fcr\u00fcyor.<\/p>\n<p style=\"text-align: justify;\"><strong>4 KUR\u015eUN \u0130SABET ETT\u0130<\/strong><\/p>\n<p style=\"text-align: justify;\">Mehmet Gedik&#8217;in ba\u015f\u0131na ve boynuna 4 kur\u015fun isabet etti\u011fi belirlendi.<\/p>\n<p style=\"text-align: justify;\">Cumhuriyet Savc\u0131s\u0131 ve Bursa Emniyet M\u00fcd\u00fcrl\u00fc\u011f\u00fc Olay Yeri \u0130nceleme \u015eube M\u00fcd\u00fcrl\u00fc\u011f\u00fc ekipleri, Gedik&#8217;in ya\u015fam\u0131n\u0131 yitirdi\u011fi restorandaki incelemelerini s\u00fcrd\u00fcr\u00fcyor.<\/p>\n<p style=\"text-align: justify;\">Cesette yap\u0131lan incelemede, Gedik&#8217;in ba\u015f\u0131na ve boynuna 4 kur\u015funun isabet etti\u011fi belirlendi.<\/p>\n<p style=\"text-align: justify;\">Bu arada, Gedik&#8217;in arkada\u015flar\u0131yla birlikte izledi\u011fi Eski\u015fehirspor-Trabzonspor ma\u00e7\u0131n\u0131n 0-0 sona ermesinin ard\u0131ndan argo konu\u015ftu\u011fu, tart\u0131\u015fman\u0131n, yan masada bir kad\u0131n ile birlikte oturan zanl\u0131 M.A.\u015e&#8217;nin &#8221;Yan\u0131mda bayan var. Biraz dikkatli ol&#8221; uyar\u0131s\u0131nda bulunmas\u0131n\u0131n ard\u0131ndan ba\u015flad\u0131\u011f\u0131 \u00f6ne s\u00fcr\u00fcld\u00fc.<\/p>\n<p style=\"text-align: justify;\">Tart\u0131\u015fman\u0131n ard\u0131ndan zanl\u0131 M.A.\u015e&#8217;nin tabancas\u0131yla 8 el ate\u015f etti\u011fi ve 4 kur\u015funun Gedik&#8217;e isabet etti\u011fi bildirildi.<\/p>\n<p style=\"text-align: center;\"><a href=\"http:\/\/www.korhanyilmaz.com\/wp-content\/uploads\/2011\/04\/195.jpg\"  class=\"lightview\"><img loading=\"lazy\" decoding=\"async\" class=\"aligncenter size-full wp-image-30919\" src=\"http:\/\/www.korhanyilmaz.com\/wp-content\/uploads\/2011\/04\/195.jpg\" alt=\"\" width=\"360\" height=\"239\" \/><\/a><\/p>\n<p style=\"text-align: justify;\"><strong>&#8220;B\u0130R K\u0130\u015e\u0130, ADINI S\u00d6YLEM\u0130\u015e VE B\u0130RKA\u00c7 EL ETM\u0130\u015e&#8221;<\/strong><\/p>\n<p style=\"text-align: justify;\">Eski Ba\u015fbakan Yard\u0131mc\u0131lar\u0131ndan Ertu\u011frul Yal\u00e7\u0131nbay\u0131r, eski milletvekili Mehmet Gedik&#8217;in silahl\u0131 sald\u0131r\u0131 sonucu \u00f6l\u00fcm\u00fcyle ilgili olarak, &#8221;\u0130lk ald\u0131\u011f\u0131m bilgiye g\u00f6re gelmi\u015f bir ki\u015fi, ad\u0131n\u0131 s\u00f6ylemi\u015f ve birka\u00e7 el ate\u015f etmi\u015f&#8221; dedi.<\/p>\n<p style=\"text-align: justify;\">Yal\u00e7\u0131nbay\u0131r, yapt\u0131\u011f\u0131 a\u00e7\u0131klamada, Mudanya&#8217;da u\u011frad\u0131\u011f\u0131 silahl\u0131 sald\u0131r\u0131 sonucu vefat eden Anavatan Partisi (ANAP) eski Milletvekili Gedik ile 2 g\u00fcn \u00f6nce bir g\u00f6r\u00fc\u015fme yap\u0131p hasret giderdiklerini s\u00f6yledi.<\/p>\n<p style=\"text-align: justify;\">Ayn\u0131 y\u00f6rede siyaset yapt\u0131klar\u0131 Gedik ile yak\u0131ndan tan\u0131\u015ft\u0131klar\u0131n\u0131 ve vefat haberini ald\u0131\u011f\u0131nda &#8221;\u015fok oldu\u011funu&#8221; ifade eden Yal\u00e7\u0131nbay\u0131r, \u015f\u00f6yle konu\u015ftu:<\/p>\n<p style=\"text-align: justify;\">&#8221;\u0130ki g\u00fcn \u00f6nce beraberdik, birka\u00e7 saat oturduk. G\u00fcn\u00fcn de\u011ferlendirmesini yapt\u0131k. Ge\u00e7mi\u015fi konu\u015ftuk. K\u0131sa bir s\u00fcre \u00f6nce Ankara&#8217;ya Edip Safder Gaydal\u0131&#8217;n\u0131n d\u00fc\u011f\u00fcn\u00fcne gitmi\u015f. &#8216;Orada arkada\u015flarla bulu\u015ftuk, \u00e7ok g\u00fczel oldu&#8217; dedi. Kendisini epeydir de g\u00f6rmemi\u015ftim. \u015eehirdeymi\u015f. &#8216;Ne olur bekle&#8217; dedi, 2-2,5 saat oturduk konu\u015ftuk. Sa\u011fl\u0131\u011f\u0131 gayet iyiydi. Bir hasm\u0131n\u0131n oldu\u011funu d\u00fc\u015f\u00fcnm\u00fcyorum. Mustafakemalpa\u015fa&#8217;da kendisine ait yerde besicilik yapmak niyetindeydi, onun \u00e7al\u0131\u015fmalar\u0131ndayd\u0131.<\/p>\n<p style=\"text-align: justify;\">Vefat haberini duydu\u011fumuzda \u015fok olduk. Kendisiyle beraber siyaset yapt\u0131k. Fevkalade \u00fczg\u00fcn\u00fcz. Ne diyece\u011fimizi bilmiyorum. Bir o\u011flu, bir k\u0131z\u0131 ve 4 ya\u015flar\u0131nda bir torunu vard\u0131. Ald\u0131\u011f\u0131m ilk bilgiye g\u00f6re, gelmi\u015f bir ki\u015fi, ad\u0131n\u0131 s\u00f6ylemi\u015f ve birka\u00e7 el etmi\u015f. Ben de \u015fimdi Mudanya&#8217;ya gidiyorum.&#8221;<\/p>\n<p style=\"text-align: justify;\"><strong>MA\u00c7 Y\u00dcZ\u00dcNDEN \u00d6LD\u00dcRM\u00dc\u015e<\/strong><\/p>\n<p style=\"text-align: justify;\">Eski Ba\u015fbakan Yard\u0131mc\u0131lar\u0131ndan Ertu\u011frul Yal\u00e7\u0131nbay\u0131r, eski Bursa Milletvekili Mehmet Gedik&#8217;in silahl\u0131 sald\u0131r\u0131 sonucu hayat\u0131n\u0131 kaybetmesiyle ilgili olarak, &#8221;Tart\u0131\u015fma ma\u00e7 y\u00fcz\u00fcnden \u00e7\u0131km\u0131\u015f. Vuran da vurulan da Trabzon \u00c7aykaral\u0131, ikisi de Trabzonspor&#8217;un galibiyetini istiyor. Aralar\u0131nda ge\u00e7mi\u015fe dayal\u0131 husumet yok&#8221; dedi.<\/p>\n<p style=\"text-align: justify;\">Kendisi gibi eski Bursa milletvekili olan Gedik&#8217;in vefat haberini al\u0131r almaz Mudanya&#8217;ya hareket eden Yal\u00e7\u0131nbay\u0131r, olay yerinde sald\u0131r\u0131n\u0131n detaylar\u0131 hakk\u0131nda baz\u0131 bilgiler ald\u0131ktan sonra \u015funlar\u0131 s\u00f6yledi:<\/p>\n<p style=\"text-align: justify;\">&#8221;Savc\u0131 Bey gerekli incelemeleri yap\u0131yor. Ald\u0131\u011f\u0131m bilgiye g\u00f6re ki\u015fi yakalanm\u0131\u015f. San\u0131r\u0131m Eski\u015fehirspor-Trabzonspor ma\u00e7\u0131n\u0131 seyretmi\u015fler. Ma\u00e7 sonucu konusundaki tart\u0131\u015fmalar s\u0131ras\u0131nda ki\u015fi \u00e7ekmi\u015f silah\u0131n\u0131&#8230; Tart\u0131\u015fma ma\u00e7 y\u00fcz\u00fcnden \u00e7\u0131km\u0131\u015f. Vuran da vurulan da Trabzon \u00c7aykaral\u0131, ikisi de Trabzonspor&#8217;un galibiyetini istiyor. Aralar\u0131nda ge\u00e7mi\u015fe dayal\u0131 husumet yok.&#8221;<\/p>\n<p style=\"text-align: justify;\">Sald\u0131rgan\u0131n yan\u0131nda bir kad\u0131n\u0131n bulundu\u011funu \u00f6\u011frendi\u011fini belirten Yal\u00e7\u0131nbay\u0131r, &#8221;Ma\u00e7 sonucundan kaynaklanan sinirli bir hal&#8221; dolay\u0131s\u0131yla olay\u0131n ya\u015fand\u0131\u011f\u0131n\u0131 ifade etti.<\/p>\n<p style=\"text-align: justify;\">Yal\u00e7\u0131nbay\u0131r, Gedik&#8217;in, olay s\u0131ras\u0131nda eski Bursa Defterdar\u0131 Muzaffer Karaka\u015f ve bir arkada\u015f\u0131yla ma\u00e7 seyretti\u011finin bildirildi\u011fini s\u00f6zlerine ekledi.<\/p>\n<p style=\"text-align: justify;\"><strong>SPONTANE B\u0130R OLAY<\/strong><\/p>\n<p style=\"text-align: justify;\">Eski Ba\u015fbakanlardan Mesut Y\u0131lmaz, Anavatan Partisi (ANAP) \u00e7at\u0131s\u0131 alt\u0131nda birlikte siyaset yapt\u0131\u011f\u0131 eski Bursa Milletvekili Mehmet Gedik&#8217;in silahl\u0131 sald\u0131r\u0131 sonucu \u00f6ld\u00fcr\u00fclmesine ili\u015fkin, &#8221;Onun i\u00e7tenli\u011fine samimiyetine, candanl\u0131\u011f\u0131na, vefakarl\u0131\u011f\u0131na en yak\u0131n tan\u0131k olanlardan biriyim. B\u00f6yle hi\u00e7 y\u00fcz\u00fcnden ya\u015fanan bir olay y\u00fcz\u00fcnden hayat\u0131n\u0131 kaybetmesine b\u00fcy\u00fck \u00fcz\u00fcnt\u00fc duyuyorum&#8221; dedi.<\/p>\n<p style=\"text-align: justify;\">Y\u0131lmaz, yapt\u0131\u011f\u0131 a\u00e7\u0131klamada, Gedik&#8217;in silahl\u0131 sald\u0131r\u0131 sonucu ya\u015fam\u0131n\u0131 yitirmesinden duydu\u011fu \u00fcz\u00fcnt\u00fcy\u00fc dile getirirken, &#8221;Bir zamanlar \u00e7ok yak\u0131n siyaset yapt\u0131\u011f\u0131m\u0131z, sonra siyaseten farkl\u0131 d\u00fc\u015ft\u00fc\u011f\u00fcm\u00fcz, uzun s\u00fcre siyasi olarak mesafeli oldu\u011fumuz bir arkada\u015f\u0131m\u0131zd\u0131. Ama onun i\u00e7tenli\u011fine samimiyetine, candanl\u0131\u011f\u0131na, vefakarl\u0131\u011f\u0131na en yak\u0131n tan\u0131k olanlardan biriyim. B\u00f6yle hi\u00e7 y\u00fcz\u00fcnden ya\u015fanan bir olay y\u00fcz\u00fcnden hayat\u0131n\u0131 kaybetmesinden b\u00fcy\u00fck \u00fcz\u00fcnt\u00fc duyuyorum. B\u00fct\u00fcn yak\u0131nlar\u0131na, hem\u015fehrilerine ba\u015fsa\u011fl\u0131\u011f\u0131 diliyorum&#8221; diye konu\u015ftu.<\/p>\n<p style=\"text-align: justify;\">Gedik&#8217;in hayat\u0131n\u0131 kaybetti\u011fi olay\u0131n, &#8221;Ma\u00e7la ilgili bir tart\u0131\u015fmadan kaynakland\u0131\u011f\u0131n\u0131&#8221; \u00f6\u011frendi\u011fini s\u00f6yleyen Mesut Y\u0131lmaz, &#8221;Lokantadaki o tart\u0131\u015fma b\u00fcy\u00fcm\u00fc\u015f ve sonunda 8 el tabanca kur\u015funuyla ikisi ba\u015f\u0131ndan olmak \u00fczere yaralan\u0131p daha sonra vefat etmi\u015f&#8221; ifadesini kulland\u0131.<\/p>\n<p style=\"text-align: justify;\">Mehmet Gedik&#8217;in, 3 g\u00fcn \u00f6nce Eski Ba\u015fbakan Yard\u0131mc\u0131lar\u0131ndan Ertu\u011frul Yal\u00e7\u0131nbay\u0131r ile sohbet etti\u011fini \u00f6\u011frendi\u011fini belirten Y\u0131lmaz, &#8221;Birlikte ge\u00e7mi\u015f g\u00fcnleri anm\u0131\u015flar, hatta bizden bahsetmi\u015fler. \u0130\u015flerini gayet yoluna koydu\u011funu s\u00f6ylemi\u015f. \u0130\u015flerin yolunda, her \u015feyin gayet iyi oldu\u011funu anlatm\u0131\u015f. K\u0131z torununu \u00e7ok sevdi\u011fi anlatm\u0131\u015f. 3 g\u00fcn sonra da ba\u015f\u0131na b\u00f6yle bir olay geldi. \u015eimdi hi\u00e7 hesapta olmayan spontane bir olay y\u00fcz\u00fcnden kendisini kaybettik&#8221; dedi.<\/p>\n<p style=\"text-align: justify;\"><a href=\"http:\/\/www.gazeteport.com.tr\/GUNCEL\/NEWS\/GP_892272\" target=\"_blank\">Kaynak : GAZETEPORT<\/a><\/p>\n","protected":false},"excerpt":{"rendered":"<p style=\"text-align: justify;\">\n<p style=\"text-align: justify;\">Anatavan Partisi Bursa eski Milletvekili Mehmet Gedik, Mudanya il\u00e7esinde bir restoranda u\u011frad\u0131\u011f\u0131 silahl\u0131 sald\u0131r\u0131 sonucu ya\u015fam\u0131n\u0131 yitirdi.<\/p>\n<p style=\"text-align: justify;\">BURSA &#8211; Al\u0131nan bilgiye g\u00f6re, 1987-1995 y\u0131llar\u0131 aras\u0131nda Anatavan Partisi Bursa milletvekilli\u011fi g\u00f6revinde bulunan Mehmet Gedik, arkada\u015flar\u0131yla birlikte Bursa&#8217;n\u0131n Mudanya il\u00e7esinde bir restorana gitti. <\/p>\n","protected":false},"author":1,"featured_media":0,"comment_status":"open","ping_status":"closed","sticky":false,"template":"","format":"standard","meta":{"footnotes":""},"categories":[105],"tags":[],"class_list":["post-30917","post","type-post","status-publish","format-standard","hentry","category-gundem","odd"],"_links":{"self":[{"href":"http:\/\/www.korhanyilmaz.com\/index.php?rest_route=\/wp\/v2\/posts\/30917","targetHints":{"allow":["GET"]}}],"collection":[{"href":"http:\/\/www.korhanyilmaz.com\/index.php?rest_route=\/wp\/v2\/posts"}],"about":[{"href":"http:\/\/www.korhanyilmaz.com\/index.php?rest_route=\/wp\/v2\/types\/post"}],"author":[{"embeddable":true,"href":"http:\/\/www.korhanyilmaz.com\/index.php?rest_route=\/wp\/v2\/users\/1"}],"replies":[{"embeddable":true,"href":"http:\/\/www.korhanyilmaz.com\/index.php?rest_route=%2Fwp%2Fv2%2Fcomments&post=30917"}],"version-history":[{"count":0,"href":"http:\/\/www.korhanyilmaz.com\/index.php?rest_route=\/wp\/v2\/posts\/30917\/revisions"}],"wp:attachment":[{"href":"http:\/\/www.korhanyilmaz.com\/index.php?rest_route=%2Fwp%2Fv2%2Fmedia&parent=30917"}],"wp:term":[{"taxonomy":"category","embeddable":true,"href":"http:\/\/www.korhanyilmaz.com\/index.php?rest_route=%2Fwp%2Fv2%2Fcategories&post=30917"},{"taxonomy":"post_tag","embeddable":true,"href":"http:\/\/www.korhanyilmaz.com\/index.php?rest_route=%2Fwp%2Fv2%2Ftags&post=30917"}],"curies":[{"name":"wp","href":"https:\/\/api.w.org\/{rel}","templated":true}]}}