{"id":30913,"date":"2011-04-23T07:57:43","date_gmt":"2011-04-23T04:57:43","guid":{"rendered":"http:\/\/www.korhanyilmaz.com\/?p=30913"},"modified":"2011-04-23T07:57:43","modified_gmt":"2011-04-23T04:57:43","slug":"o-yargiclara-da-hesap-soracagiz","status":"publish","type":"post","link":"http:\/\/www.korhanyilmaz.com\/?p=30913","title":{"rendered":"&#8220;O yarg\u0131\u00e7lara da hesap soraca\u011f\u0131z&#8221;"},"content":{"rendered":"<p style=\"text-align: center;\"><a href=\"http:\/\/www.korhanyilmaz.com\/wp-content\/uploads\/2011\/04\/193.jpg\"  class=\"lightview\"><img loading=\"lazy\" decoding=\"async\" class=\"aligncenter size-full wp-image-30914\" src=\"http:\/\/www.korhanyilmaz.com\/wp-content\/uploads\/2011\/04\/193.jpg\" alt=\"\" width=\"414\" height=\"220\" \/><\/a><\/p>\n<p style=\"text-align: justify;\">CHP Genel Ba\u015fkan\u0131 Kemal K\u0131l\u0131\u00e7daro\u011flu, &#8221;AKP&#8217;nin telkiniyle siyasi otoritenin telkiniyle karar veren, tutuklama yapan, gereksiz soru\u015fturmalar a\u00e7an ve baz\u0131 soru\u015fturmalar\u0131 hi\u00e7 g\u00f6rmeyen, baz\u0131 soru\u015fturmalar\u0131 kapatan savc\u0131lara, yarg\u0131\u00e7lara da hesab\u0131n\u0131 soraca\u011f\u0131z, kusura bakmas\u0131nlar. \u0130sterlerse yar\u0131n sabah beni tutuklas\u0131nlar&#8221; dedi.<!--more--><\/p>\n<p style=\"text-align: justify;\">ANKARA &#8211; CHP Genel Ba\u015fkan\u0131 Kemal K\u0131l\u0131\u00e7daro\u011flu, &#8221;Ma\u015fallah, Ali Demir koltu\u011fa demir gibi yap\u0131\u015fm\u0131\u015f. \u0130nsan\u0131n biraz oturdu\u011fu koltu\u011fa, o makama sayg\u0131 duymas\u0131 gerekir. O makam g\u00fcven makam\u0131d\u0131r. G\u00fcven yitirdi\u011finiz andan itibaren o koltuktan kalkman\u0131z laz\u0131m&#8221; dedi.<\/p>\n<p style=\"text-align: justify;\">K\u0131l\u0131\u00e7daro\u011flu, Habert\u00fcrk TV&#8217;de kat\u0131ld\u0131\u011f\u0131 canl\u0131 yay\u0131nda, T\u00fcrkiye&#8217;nin demokrasisinin kalitesinde sorun oldu\u011funu ve bu sorunun \u00e7\u00f6z\u00fclmesi gerekti\u011fini belirterek, y\u00fczde 10 se\u00e7im baraj\u0131n\u0131n kald\u0131r\u0131lmas\u0131n\u0131 her zaman savunduklar\u0131n\u0131 ifade etti.<\/p>\n<p style=\"text-align: justify;\">B\u00fct\u00fcn vatanda\u015flar\u0131n oyunu istediklerini ifade eden K\u0131l\u0131\u00e7daro\u011flu, b\u00fct\u00fcn yurtta\u015flardan CHP&#8217;ye kar\u015f\u0131 ge\u00e7mi\u015fte kafalar\u0131nda olu\u015fan \u00f6nyarg\u0131lar\u0131 y\u0131kmalar\u0131n\u0131 ve yeni CHP&#8217;ye bakmalar\u0131n\u0131 istedi. Son d\u00f6nemde CHP kadar proje a\u00e7\u0131klayan siyasi parti olmad\u0131\u011f\u0131n\u0131, yar\u0131n da \u00e7ocuklara ili\u015fkin bir projeyi a\u00e7\u0131klayacaklar\u0131n\u0131 anlatan K\u0131l\u0131\u00e7daro\u011flu, \u00e7ocuk yoksullu\u011fu ve k\u0131z \u00e7ocuklar\u0131n\u0131n e\u011fitiminin \u00e7ok ciddi sorun oldu\u011funu s\u00f6yledi.<\/p>\n<p style=\"text-align: justify;\">&#8221;Alevi&#8221; ifadesini daha \u00f6nce de kulland\u0131\u011f\u0131n\u0131 ama \u00f6zellikle vurgu yapmad\u0131\u011f\u0131n\u0131 ifade eden K\u0131l\u0131\u00e7daro\u011flu, \u015f\u00f6yle devam etti:<\/p>\n<p style=\"text-align: justify;\">&#8221;Gerek duymad\u0131m, \u00e7\u00fcnk\u00fc ben inan\u00e7lar ve etnik kimlik \u00fczerinden siyaset yap\u0131lmas\u0131n\u0131 do\u011fru bulmuyorum. Do\u011fu Anadolu&#8217;da gezdi\u011fim zaman oradaki yurtta\u015flar, &#8216;Biz, K\u00fcrt kimli\u011fimizi rahat kullanam\u0131yoruz. E\u011fer bir insan kendi kimli\u011fini rahat kullanam\u0131yorsa, benim sorunum demektir. Onu ben daha \u00f6nce se\u00e7im meydanlar\u0131nda farkl\u0131 \u00fcslupla da s\u00f6ylemi\u015ftim. T\u00fcrkiye Cumhuriyeti&#8217;nde bir yurtta\u015f gelip, &#8216;Ben inanc\u0131m\u0131 \u00f6zg\u00fcrce yerine getiremiyorum&#8217; diyorsa, gelip beni bulacak. Onun \u00f6n\u00fcne d\u00fc\u015fece\u011fim, onun ibadetini \u00f6zg\u00fcrce yerine getirmesi i\u00e7in \u00e7aba harcayaca\u011f\u0131m. Etnik kimlikleri siyaset konusu yapmak yanl\u0131\u015f ama ki\u015filerin etnik kimli\u011fi A&#8217;d\u0131r, B&#8217;dir, C&#8217;dir diye, onlar\u0131 farkl\u0131 alg\u0131lamalar i\u00e7ine koymak daha da b\u00fcy\u00fck yanl\u0131\u015f. Herkes kendi kimli\u011fi ile \u015feref duymal\u0131, bizim sayg\u0131 duymam\u0131z\u0131 istemeli. Bu onun en do\u011fal hakk\u0131d\u0131r. E\u011fer o kimli\u011fi kullan\u0131rken bir sorun ya\u015f\u0131yorsa, o sorunu \u00e7\u00f6zmek de bizim i\u015fimiz.&#8221;<\/p>\n<p style=\"text-align: justify;\"><strong>&#8221;T\u00dcRK S\u0130LAHLI KUVVETLER\u0130 \u0130LE OYNAMAK, \u00c7OK SIK ELE\u015eT\u0130RMEK DO\u011eRU DE\u011e\u0130L&#8221;<\/strong><\/p>\n<p style=\"text-align: justify;\">K\u0131l\u0131\u00e7daro\u011flu, CHP&#8217;nin askerle uzun s\u00fcredir bir ili\u015fkisi olmad\u0131\u011f\u0131n\u0131 ifade ederek, CHP ile ordu aras\u0131ndaki ilk olumsuz tablonun \u0130smet \u0130n\u00f6n\u00fc&#8217;n\u00fcn CHP Genel Ba\u015fkan\u0131, B\u00fclent Ecevit&#8217;in de CHP Genel Sekreteri oldu\u011fu d\u00f6neme rastlad\u0131\u011f\u0131n\u0131 s\u00f6yledi. CHP&#8217;nin e-muht\u0131ralarla darbelerde ordunun yan\u0131nda oldu\u011fu y\u00f6n\u00fcndeki alg\u0131n\u0131n yanl\u0131\u015f oldu\u011funu dile getiren K\u0131l\u0131\u00e7daro\u011flu, orduyu ve devletin di\u011fer kurumlar\u0131n\u0131 sevdiklerini anlatt\u0131. K\u0131l\u0131\u00e7daro\u011flu, \u015funlar\u0131 kaydetti:<\/p>\n<p style=\"text-align: justify;\">&#8221;Devletin kurumlar\u0131na sayg\u0131l\u0131y\u0131z. Biz siyasi partiyiz, yar\u0131n iktidar oldu\u011fumuz zaman bu kurumlar\u0131 y\u00f6netece\u011fiz, bu kurumlar\u0131 d\u00fc\u015fman gibi g\u00f6rmek, \u00f6telemek, \u00f6tekile\u015ftirmek do\u011fru de\u011fil. Bu kurumlar devlet i\u00e7in \u00e7al\u0131\u015f\u0131rlar.<\/p>\n<p style=\"text-align: justify;\">T\u00fcrk Silahl\u0131 Kuvvetleri, hukukun i\u00e7inde kalarak, siyasi otoritenin emrinde g\u00f6revini yapan bir kurumdur. T\u00fcrk Silahl\u0131 Kuvvetleri ile oynamak, \u00e7ok s\u0131k ele\u015ftirmek do\u011fru de\u011fildir. Bu t\u00fcr g\u00fc\u00e7lerin moral kuvveti \u00e7ok \u00f6nemlidir, moralini y\u0131karsan\u0131z olmaz. Silahl\u0131 kuvvetleri, silahl\u0131 kuvvetler yapan onun tank\u0131, topu, t\u00fcfe\u011fi de\u011fil, moral de\u011ferleridir. E\u011fer biz ulusal Kurtulu\u015f Sava\u015f\u0131&#8217;nda d\u00fc\u015fman\u0131n b\u00fct\u00fcn silahlar\u0131na kar\u015f\u0131l\u0131k, sadece elimizde bir t\u00fcfekle m\u00fccadele verip, ba\u011f\u0131ms\u0131zl\u0131\u011f\u0131 sa\u011fl\u0131yorsak, o moral de\u011ferdir. Onun i\u00e7in orduyu severiz, k\u0131\u015flas\u0131nda. Orduya sayg\u0131 duyar\u0131z, k\u0131\u015flas\u0131nda.&#8221;<\/p>\n<p style=\"text-align: justify;\">K\u0131l\u0131\u00e7daro\u011flu, orduyu ge\u00e7mi\u015fte, grup ba\u015fkan vekiliyken de ele\u015ftirdi\u011fini de ifade etti.<\/p>\n<p style=\"text-align: justify;\"><strong>HABERAL&#8217;IN M\u0130LLETVEK\u0130L\u0130 ADAYLI\u011eI<\/strong><\/p>\n<p style=\"text-align: justify;\">CHP Genel Ba\u015fkan\u0131 K\u0131l\u0131\u00e7daro\u011flu, Prof. Dr. Mehmet Haberal&#8217;\u0131n CHP&#8217;li bir aileden geldi\u011fini, bir d\u00f6nem cumhurba\u015fkanl\u0131\u011f\u0131na aday g\u00f6sterildi\u011fini s\u00f6yledi. Haberal&#8217;\u0131n d\u00fcnyan\u0131n say\u0131l\u0131 cerrahlar\u0131ndan biri oldu\u011funa i\u015faret eden K\u0131l\u0131\u00e7daro\u011flu, Haberal&#8217;\u0131n TBMM&#8217;ye derinlik kazand\u0131raca\u011f\u0131n\u0131, T\u00fcrkiye&#8217;nin sa\u011fl\u0131k politikalar\u0131 konusunda a\u00e7\u0131l\u0131mlar yapaca\u011f\u0131n\u0131 ifade etti.<\/p>\n<p style=\"text-align: justify;\">Haberal&#8217;\u0131n milletvekili se\u00e7ildikten sonra istifa ederek DP&#8217;nin ba\u015f\u0131na ge\u00e7ece\u011fi y\u00f6n\u00fcnde iddialar bulundu\u011funun hat\u0131rlat\u0131lmas\u0131 \u00fczerine, K\u0131l\u0131\u00e7daro\u011flu, \u015f\u00f6yle konu\u015ftu:<\/p>\n<p style=\"text-align: justify;\">&#8221;Ben Say\u0131n Haberal&#8217;\u0131n \u00f6yle bir \u00e7aba sergileyece\u011fini d\u00fc\u015f\u00fcnm\u00fcyorum, akl\u0131m\u0131n ucundan bile ge\u00e7mez. Kendisi sayg\u0131n bir insand\u0131r. Kald\u0131 ki, CHP&#8217;yi be\u011fenmeyip, adayl\u0131k listelerinde kendisini g\u00f6rmedi\u011fi i\u00e7in partisinden istifa eden arkada\u015flar\u0131m\u0131z da var. Biz hi\u00e7bir zaman d\u00f6n\u00fcp onlara &#8216;Niye partiden istifa ettin&#8217; diye de sormad\u0131k. Ki\u015filerin \u00f6zg\u00fcr iradesine g\u00fcveniyorsak ve inan\u0131yorsak s\u00f6yleyece\u011fimiz ba\u015fka bir\u015fey yoktur zaten. Ben Say\u0131n Haberal&#8217;\u0131n CHP Zonguldak milletvekili olarak Parlamento&#8217;da \u00e7ok g\u00fczel \u00e7al\u0131\u015fmalar yapaca\u011f\u0131na inan\u0131yorum.&#8221;<\/p>\n<p style=\"text-align: justify;\">K\u0131l\u0131\u00e7daro\u011flu, Ba\u015fbakan Recep Tayyip Erdo\u011fan&#8217;\u0131n milletvekili se\u00e7ilmesi i\u00e7in Anayasa&#8217;y\u0131 de\u011fi\u015ftiren partinin CHP oldu\u011funu belirterek, &#8221;Bir d\u00f6n\u00fcp kendi haline bakm\u0131yor. \u0130nsan biraz s\u0131k\u0131l\u0131r, insanda biraz utanma olur. Adays\u0131n, se\u00e7ilemiyorsun, yasalar engel, Anayasa engel, biz demokrasiye inand\u0131\u011f\u0131m\u0131z i\u00e7in parlamentoyu \u00e7al\u0131\u015ft\u0131r\u0131yoruz, bir ki\u015fi i\u00e7in, Recep Tayyip Erdo\u011fan i\u00e7in. \u015eimdi O kalkm\u0131\u015f, bizi su\u00e7luyor, adama g\u00fclerler. \u00d6nce sen kendi haline bak. \u0130nsan ge\u00e7mi\u015fini unutmamal\u0131, ge\u00e7mi\u015fini unutursa halktan kopar, kendisini farkl\u0131 bir konumda g\u00f6r\u00fcr, firavunla\u015f\u0131r. Hi\u00e7 kimsenin firavunla\u015fmaya hakk\u0131 yok, hele hele siyaset\u00e7ilerin. Siyaset\u00e7iler, biraz m\u00fctevazi, al\u00e7ak g\u00f6n\u00fcll\u00fc olmal\u0131, biraz halkla kucakla\u015fmal\u0131, tokala\u015fmal\u0131. Su\u00e7lay\u0131c\u0131 olman\u0131n \u00f6tesinde, biraz \u00f6neri getirmeli. Sabah ak\u015fam kurgulanm\u0131\u015f makine gibi CHP&#8217;yi su\u00e7luyor. \u0130stedi\u011fi kadar su\u00e7las\u0131n, biz yolumuza devam edece\u011fiz&#8221; diye konu\u015ftu.<\/p>\n<p style=\"text-align: justify;\"><strong>YGS&#8217;DEK\u0130 KOPYA \u0130DD\u0130ALARI<\/strong><\/p>\n<p style=\"text-align: justify;\">K\u0131l\u0131\u00e7daro\u011flu, \u00f6\u011frencilerin YGS&#8217;deki kopya iddialar\u0131 \u00fczerine demokratik haklar\u0131n\u0131 kullanarak protesto g\u00f6sterileri yapt\u0131klar\u0131n\u0131 belirterek, \u015f\u00f6yle devam etti:<\/p>\n<p style=\"text-align: justify;\">&#8221;Bu \u00fclkenin Ba\u015fbakan\u0131 kalk\u0131p diyor ki, &#8216;Sen y\u00fcr\u00fcyorsun. Ben de senin \u00f6n\u00fcne 5-10 bin ki\u015fi \u00e7\u0131karay\u0131m da bak bakal\u0131m nas\u0131l y\u00fcr\u00fcyorsun? Ama ben bunu yapm\u0131yorum.&#8217; Bu tehdittir, bu demokrasiyi i\u00e7ine sindirememi\u015f kafad\u0131r. Bu anlay\u0131\u015f demokrasiyi reddeden anlay\u0131\u015ft\u0131r. Elbette y\u00fcr\u00fcy\u00fc\u015f yapacak, evinde mi oturacak? 1 milyon 700 bin aileyi, \u00e7ocuklar\u0131 d\u00fc\u015f\u00fcn\u00fcn.<\/p>\n<p style=\"text-align: justify;\">Ma\u015fallah, Ali Demir koltu\u011fa demir gibi yap\u0131\u015fm\u0131\u015f. \u0130nsan\u0131n biraz oturdu\u011fu koltu\u011fa, o makama sayg\u0131 duymas\u0131 gerekir. O makam g\u00fcven makam\u0131d\u0131r. G\u00fcven yitirdi\u011finiz andan itibaren o koltuktan kalkman\u0131z laz\u0131m. \u00c7ocuklar\u0131 aldatan sizsiniz, \u015fifreli sorular\u0131 haz\u0131rlayan sizsiniz, Cumhurba\u015fkan\u0131n\u0131 yan\u0131ltan sizsiziniz, itiraf eden sizsiniz, koltukta oturuyorsunuz. Nas\u0131l adamlard\u0131r bunlar, samimi s\u00f6yl\u00fcyorum anlamakta zorlan\u0131yorum. Nereden bulurlar bu adamlar\u0131, getirirler, anlamakta zorlan\u0131yorum. \u0130stifa denen onurlu g\u00f6rev vard\u0131r. O, onurlu g\u00f6revi yaparlar ve buradan ayr\u0131l\u0131rlar.&#8221;<\/p>\n<p style=\"text-align: justify;\">K\u0131l\u0131\u00e7daro\u011flu, bir soru \u00fczerine, \u00fcniversite \u00f6\u011frencisi oldu\u011fu y\u0131llarda bir kez bir g\u00f6steride &#8221;temiz bir dayak yediklerini&#8221; de s\u00f6yledi.<\/p>\n<p style=\"text-align: justify;\"><strong>&#8220;\u0130STERLERSE BEN\u0130 TUTUKLASINALAR&#8221;<\/strong><\/p>\n<p style=\"text-align: justify;\">CHP Genel Ba\u015fkan\u0131 Kemal K\u0131l\u0131\u00e7daro\u011flu, &#8221;AKP&#8217;nin telkiniyle siyasi otoritenin telkiniyle karar veren, tutuklama yapan, gereksiz soru\u015fturmalar a\u00e7an ve baz\u0131 soru\u015fturmalar\u0131 hi\u00e7 g\u00f6rmeyen, baz\u0131 soru\u015fturmalar\u0131 kapatan savc\u0131lara, yarg\u0131\u00e7lara da hesab\u0131n\u0131 soraca\u011f\u0131z, kusura bakmas\u0131nlar. \u0130sterlerse yar\u0131n sabah beni tutuklas\u0131nlar&#8221; dedi.<\/p>\n<p style=\"text-align: justify;\">Se\u00e7im bildirgesini neden cuma namaz\u0131 saatinde a\u00e7\u0131klad\u0131klar\u0131na ili\u015fkin soru \u00fczerine K\u0131l\u0131\u00e7daro\u011flu, a\u00e7\u0131klamay\u0131 saat 11.00&#8217;de yapmay\u0131 planlad\u0131klar\u0131n\u0131, ancak \u0130stanbul&#8217;da bas\u0131lan bildirgelerin ula\u015fmas\u0131n\u0131n gecikmesi nedeniyle saati ertelediklerini ifade etti. K\u0131l\u0131\u00e7daro\u011flu, &#8221;Yoksa \u00f6zel bir kas\u0131t yok&#8221; diye konu\u015ftu.<\/p>\n<p style=\"text-align: justify;\">K\u0131l\u0131\u00e7daro\u011flu, d\u0131\u015f politikada sa\u011fl\u0131kl\u0131, tutarl\u0131 bir tav\u0131r belirleyeceklerini, AB&#8217;ye uyum s\u00fcrecini kuvvetlendireceklerini belirtti.<\/p>\n<p style=\"text-align: justify;\">&#8221;\u0130rtica tehdidi&#8221; konusunda K\u0131l\u0131\u00e7daro\u011flu, &#8221;Bir irtica tehlikesi oldu\u011funa inanm\u0131yorum&#8221; dedi.<\/p>\n<p style=\"text-align: justify;\">&#8221;Laiklik okunuz k\u0131sald\u0131 m\u0131&#8221; sorusuna da K\u0131l\u0131\u00e7daro\u011flu, &#8221;Hepsi yerli yerinde, hi\u00e7biri k\u0131salmad\u0131&#8221; kar\u015f\u0131l\u0131\u011f\u0131n\u0131 verdi.<\/p>\n<p style=\"text-align: justify;\">K\u0131l\u0131k k\u0131yafetin siyasetle bir ilgisinin kurulamayaca\u011f\u0131n\u0131 ifade eden K\u0131l\u0131\u00e7daro\u011flu, bu alan\u0131n yasayla da d\u00fczenlenemeyece\u011fini s\u00f6yledi.<\/p>\n<p style=\"text-align: justify;\">\u0130ktidar partisi olmad\u0131\u011f\u0131 i\u00e7in MHP&#8217;yi ele\u015ftirmediklerini belirten K\u0131l\u0131\u00e7daro\u011flu, &#8221;Bu do\u011fru da etik de de\u011fil&#8221; diye konu\u015ftu.<\/p>\n<p style=\"text-align: justify;\">AK Parti&#8217;nin &#8221;stat\u00fckocu&#8221; oldu\u011funu, CHP&#8217;nin ise &#8221;de\u011fi\u015fimi&#8221; temsil etti\u011fini s\u00f6yleyen K\u0131l\u0131\u00e7daro\u011flu, Anayasa&#8217;y\u0131 de\u011fi\u015ftirme, y\u00fczde 10 baraj\u0131n\u0131 kald\u0131rma, dokunulmazl\u0131klara son verme, Se\u00e7im Yasas\u0131&#8217;n\u0131 de\u011fi\u015ftirme, Y\u00d6K&#8217;\u00fc kald\u0131rma gibi konulardaki \u00e7a\u011fr\u0131lar\u0131n\u0131n yan\u0131ts\u0131z b\u0131rak\u0131ld\u0131\u011f\u0131n\u0131 bildirdi.<\/p>\n<p style=\"text-align: justify;\">K\u0131l\u0131\u00e7daro\u011flu, &#8221;iktidara gelirlerse AK Parti&#8217;nin atad\u0131\u011f\u0131 b\u00fcrokratlarla nas\u0131l \u00e7al\u0131\u015facaklar\u0131na&#8221; ili\u015fkin soruyu yan\u0131tlarken de \u015funlar\u0131 kaydetti:<\/p>\n<p style=\"text-align: justify;\">&#8221;E\u011fer o kadrolarda d\u00fczg\u00fcn insanlar varsa \u00e7al\u0131\u015f\u0131r\u0131z, hi\u00e7bir sorumuz yok. Ama zamanla bakanlarla beraber ihale tezgah\u0131n\u0131n i\u00e7ine girmi\u015flerse kusura bakmas\u0131nlar, onlar kalmayacaklar oralarda, g\u00f6revden alaca\u011f\u0131z. \u015eunu da s\u00f6yleyeyim, AKP&#8217;nin telkiniyle siyasi otoritenin telkiniyle karar veren, tutuklama yapan, gereksiz soru\u015fturmalar a\u00e7an ve baz\u0131 soru\u015fturmalar\u0131 hi\u00e7 g\u00f6rmeyen, baz\u0131 soru\u015fturmalar\u0131 kapatan savc\u0131lara, yarg\u0131\u00e7lara da hesab\u0131n\u0131 soraca\u011f\u0131z, kusura bakmas\u0131nlar. \u0130sterlerse yar\u0131n sabah beni tutuklas\u0131nlar. Bu \u00fclkede ya tam adaleti sa\u011flayaca\u011f\u0131z ya da adalet kurumunun \u015fu veya bu \u015fekilde koltu\u011funda oturup da adaletsizlik yapanlardan da hesap soraca\u011f\u0131z. Siz kalkacaks\u0131n\u0131z, oturacaks\u0131n\u0131z, telefon dinlemelere izin vereceksiniz, yasalara ayk\u0131r\u0131 olarak izin vereceksiniz. Benim telefonlar\u0131m dinlendi, mahkeme karar\u0131 olmaks\u0131z\u0131n, dava dosyas\u0131na konuldu. Bunun hakk\u0131nda dava dosyas\u0131na koyan ki\u015fi hakk\u0131nda dava a\u00e7\u0131ld\u0131 m\u0131? Hay\u0131r. Ben \u015fikayette bulundum, hi\u00e7bir \u015fey yap\u0131lmad\u0131. Ne yaparlarsa, yaps\u0131nlar. Ben do\u011frular\u0131n bir g\u00fcn tecelli edece\u011fine inan\u0131yorum.&#8221;<\/p>\n<p style=\"text-align: justify;\">&#8221;Emeklilik ya\u015f\u0131n\u0131 indirece\u011fiz dersek yalan olur&#8221; diyen K\u0131l\u0131\u00e7daro\u011flu, &#8221;7 bin g\u00fcn makuld\u00fcr. Ama emeklilik ya\u015f\u0131ndan \u00e7ok bizim ailelere ekonomik g\u00fcvence veren modelleri kurmam\u0131z laz\u0131m, onlardan biri de aile sigortas\u0131d\u0131r&#8221; ifadelerini kulland\u0131.<\/p>\n<p style=\"text-align: justify;\">&#8221;Do\u011fudaki b\u00f6lgeler i\u00e7in projeler haz\u0131rlarken bat\u0131n\u0131n duyarl\u0131l\u0131\u011f\u0131n\u0131 kaybetmekten korkmuyor musunuz&#8221; sorusuna da K\u0131l\u0131\u00e7daro\u011flu, &#8221;Sadece bat\u0131n\u0131n de\u011fil, T\u00fcrkiye&#8217;nin duyarl\u0131l\u0131klar\u0131n\u0131 d\u00fc\u015f\u00fcn\u00fcyoruz. Fincanc\u0131 d\u00fckkan\u0131na giren fil gibi her \u015feyi darmada\u011f\u0131n eden bir anlay\u0131\u015fa sahip de\u011filiz&#8221; dedi.<\/p>\n<p style=\"text-align: justify;\">ABD ile AB \u00fclkeleriyle tutarl\u0131 bir ili\u015fki s\u00fcrd\u00fcrmek gerekti\u011fini vurgulayan K\u0131l\u0131\u00e7daro\u011flu, uygar d\u00fcnyada yer almak isteyen \u00fclkelerin kar\u015f\u0131l\u0131kl\u0131 sayg\u0131 g\u00f6stermesi gerekti\u011fini s\u00f6yledi. K\u0131l\u0131\u00e7daro\u011flu, uygar d\u00fcnyan\u0131n \u00f6zg\u00fcrl\u00fck talebini dile getiren \u00fclkelere de destek vermesi gerekti\u011fini kaydetti.<\/p>\n<p style=\"text-align: justify;\"><a href=\"http:\/\/www.gazeteport.com.tr\/SIYASET\/NEWS\/GP_892324\" target=\"_blank\">Kaynak : GAZETEPORT<\/a><\/p>\n","protected":false},"excerpt":{"rendered":"<p style=\"text-align: center;\">\n<p style=\"text-align: justify;\">CHP Genel Ba\u015fkan\u0131 Kemal K\u0131l\u0131\u00e7daro\u011flu, &#8221;AKP&#8217;nin telkiniyle siyasi otoritenin telkiniyle karar veren, tutuklama yapan, gereksiz soru\u015fturmalar a\u00e7an ve baz\u0131 soru\u015fturmalar\u0131 hi\u00e7 g\u00f6rmeyen, baz\u0131 soru\u015fturmalar\u0131 kapatan savc\u0131lara, yarg\u0131\u00e7lara da hesab\u0131n\u0131 soraca\u011f\u0131z, kusura bakmas\u0131nlar. \u0130sterlerse yar\u0131n sabah beni tutuklas\u0131nlar&#8221; dedi.<\/p>\n","protected":false},"author":1,"featured_media":0,"comment_status":"open","ping_status":"closed","sticky":false,"template":"","format":"standard","meta":{"footnotes":""},"categories":[105],"tags":[],"class_list":["post-30913","post","type-post","status-publish","format-standard","hentry","category-gundem","odd"],"_links":{"self":[{"href":"http:\/\/www.korhanyilmaz.com\/index.php?rest_route=\/wp\/v2\/posts\/30913","targetHints":{"allow":["GET"]}}],"collection":[{"href":"http:\/\/www.korhanyilmaz.com\/index.php?rest_route=\/wp\/v2\/posts"}],"about":[{"href":"http:\/\/www.korhanyilmaz.com\/index.php?rest_route=\/wp\/v2\/types\/post"}],"author":[{"embeddable":true,"href":"http:\/\/www.korhanyilmaz.com\/index.php?rest_route=\/wp\/v2\/users\/1"}],"replies":[{"embeddable":true,"href":"http:\/\/www.korhanyilmaz.com\/index.php?rest_route=%2Fwp%2Fv2%2Fcomments&post=30913"}],"version-history":[{"count":0,"href":"http:\/\/www.korhanyilmaz.com\/index.php?rest_route=\/wp\/v2\/posts\/30913\/revisions"}],"wp:attachment":[{"href":"http:\/\/www.korhanyilmaz.com\/index.php?rest_route=%2Fwp%2Fv2%2Fmedia&parent=30913"}],"wp:term":[{"taxonomy":"category","embeddable":true,"href":"http:\/\/www.korhanyilmaz.com\/index.php?rest_route=%2Fwp%2Fv2%2Fcategories&post=30913"},{"taxonomy":"post_tag","embeddable":true,"href":"http:\/\/www.korhanyilmaz.com\/index.php?rest_route=%2Fwp%2Fv2%2Ftags&post=30913"}],"curies":[{"name":"wp","href":"https:\/\/api.w.org\/{rel}","templated":true}]}}