{"id":30909,"date":"2011-04-23T09:42:11","date_gmt":"2011-04-23T06:42:11","guid":{"rendered":"http:\/\/www.korhanyilmaz.com\/?p=30909"},"modified":"2011-04-23T09:42:11","modified_gmt":"2011-04-23T06:42:11","slug":"23-nisan-kutlaniyor","status":"publish","type":"post","link":"http:\/\/www.korhanyilmaz.com\/?p=30909","title":{"rendered":"23 Nisan kutlan\u0131yor"},"content":{"rendered":"<p style=\"text-align: justify;\"><a href=\"http:\/\/www.korhanyilmaz.com\/wp-content\/uploads\/2011\/04\/192.jpg\"  class=\"lightview\"><img loading=\"lazy\" decoding=\"async\" class=\"aligncenter size-full wp-image-30910\" src=\"http:\/\/www.korhanyilmaz.com\/wp-content\/uploads\/2011\/04\/192.jpg\" alt=\"\" width=\"412\" height=\"220\" \/><\/a><\/p>\n<p style=\"text-align: justify;\">Milli E\u011fitim Bakan\u0131 Nimet \u00c7ubuk\u00e7u ba\u015fkanl\u0131\u011f\u0131ndaki heyet, 23 Nisan Ulusal Egemenlik ve \u00c7ocuk Bayram\u0131 dolay\u0131s\u0131yla An\u0131tkabir&#8217;i ziyaret etti.<\/p>\n<p style=\"text-align: justify;\">An\u0131tkabir&#8217;deki ilk t\u00f6rene, Bakan \u00c7ubuk\u00e7u ile Ankara Valisi Alaaddin Y\u00fcksel, Ankara B\u00fcy\u00fck\u015fehir Belediye Ba\u015fkan\u0131 Melih G\u00f6k\u00e7ek, Ankara Garnizon Komutan\u0131 Korgeneral Ya\u015far G\u00fcler, \u00f6\u011fretmen ve \u00f6\u011frenciler kat\u0131ld\u0131. <!--more--><\/p>\n<p style=\"text-align: justify;\">\u00c7ubuk\u00e7u&#8217;nun Atat\u00fcrk&#8217;\u00fcn mozolesine \u00e7elenk koymas\u0131n\u0131n ard\u0131ndan sayg\u0131 duru\u015funda bulunuldu. Bakan \u00c7ubuk\u00e7u daha sonra, Misak-\u0131 Milli Kulesine ge\u00e7erek An\u0131tkabir \u00d6zel Defterine \u015funlar\u0131 yazd\u0131:<\/p>\n<p style=\"text-align: justify;\">&#8221;B\u00fcy\u00fck \u00d6nder Atat\u00fcrk, milletimize \u00f6zg\u00fcrl\u00fc\u011f\u00fcn, ba\u011f\u0131ms\u0131zl\u0131\u011f\u0131n, egemenli\u011fin ve yeni bir devletin yolunu a\u00e7an T\u00fcrkiye B\u00fcy\u00fck Millet Meclisi&#8217;nin kurulu\u015funun 91. y\u0131l\u0131nda \u00fclkemizin gelece\u011fini olu\u015fturan \u00e7ocuklar\u0131m\u0131zla ve onlar\u0131 emanet etti\u011fimiz \u00f6\u011fretmenlerimizle birlikte huzurunday\u0131z.<\/p>\n<p style=\"text-align: justify;\">T\u00fcrkiye B\u00fcy\u00fck Millet Meclisi&#8217;nin a\u00e7\u0131ld\u0131\u011f\u0131 g\u00fcn olan 23 Nisan 1920 ilk milli bayram\u0131m\u0131z olmas\u0131n\u0131n yan\u0131nda d\u00fcnyan\u0131n ilk ve tek \u00e7ocuk bayram\u0131 olmas\u0131yla da bizleri onurland\u0131rmaktad\u0131r. \u00c7ok sevdi\u011finiz \u00e7ocuklara verdi\u011finiz bu g\u00fczel arma\u011fan bug\u00fcn, t\u00fcm d\u00fcnya \u00e7ocuklar\u0131n\u0131 kucaklam\u0131\u015f, uluslararas\u0131 bir boyut kazanarak, evrensel bir bayrama, bir dostluk, karde\u015flik ve sevgi \u015f\u00f6lenine d\u00f6n\u00fc\u015fm\u00fc\u015ft\u00fcr. Bizler de \u00fczerine titredi\u011fimiz \u00e7ocuklara daha g\u00fczel bir d\u00fcnya, daha ayd\u0131nl\u0131k bir gelecek olu\u015fturmak i\u00e7in g\u00f6sterdi\u011finiz hedef ve \u00fclk\u00fcler do\u011frultusunda \u00fclkemizi \u00e7a\u011fda\u015f uygarl\u0131klar d\u00fczeyine \u00e7\u0131karmak i\u00e7in yorulmadan \u00e7al\u0131\u015faca\u011f\u0131z. Huzurunda minnet, \u015f\u00fckran ve sayg\u0131yla e\u011filiyoruz.&#8221;<\/p>\n<p style=\"text-align: justify;\">\u00c7ubuk\u00e7u daha sonra, An\u0131tkabir&#8217;i ziyarete gelen \u00f6\u011frencilerin aras\u0131na girerek bayramlar\u0131n\u0131 kutlad\u0131 ve bir s\u00fcre onlarla sohbet etti. Bakan \u00c7ubuk\u00e7u ve beraberindeki heyetin An\u0131tkabir&#8217;den ayr\u0131lmas\u0131n\u0131n ard\u0131ndan \u00f6\u011frenciler kortej olu\u015fturarak Atat\u00fcrk&#8217;\u00fcn mozolesini ziyaret etti.<\/p>\n<p style=\"text-align: justify;\"><a href=\"http:\/\/www.gazeteport.com.tr\/YASAM\/NEWS\/GP_892345\" target=\"_blank\">Kaynak : GAZETEPORT<\/a><\/p>\n","protected":false},"excerpt":{"rendered":"<p style=\"text-align: justify;\">\n<p style=\"text-align: justify;\">Milli E\u011fitim Bakan\u0131 Nimet \u00c7ubuk\u00e7u ba\u015fkanl\u0131\u011f\u0131ndaki heyet, 23 Nisan Ulusal Egemenlik ve \u00c7ocuk Bayram\u0131 dolay\u0131s\u0131yla An\u0131tkabir&#8217;i ziyaret etti.<\/p>\n<p style=\"text-align: justify;\">An\u0131tkabir&#8217;deki ilk t\u00f6rene, Bakan \u00c7ubuk\u00e7u ile Ankara Valisi Alaaddin Y\u00fcksel, Ankara B\u00fcy\u00fck\u015fehir Belediye Ba\u015fkan\u0131 Melih G\u00f6k\u00e7ek, Ankara Garnizon Komutan\u0131 Korgeneral Ya\u015far G\u00fcler, \u00f6\u011fretmen ve \u00f6\u011frenciler kat\u0131ld\u0131. <\/p>\n","protected":false},"author":1,"featured_media":0,"comment_status":"open","ping_status":"closed","sticky":false,"template":"","format":"standard","meta":{"footnotes":""},"categories":[105],"tags":[],"class_list":["post-30909","post","type-post","status-publish","format-standard","hentry","category-gundem","odd"],"_links":{"self":[{"href":"http:\/\/www.korhanyilmaz.com\/index.php?rest_route=\/wp\/v2\/posts\/30909","targetHints":{"allow":["GET"]}}],"collection":[{"href":"http:\/\/www.korhanyilmaz.com\/index.php?rest_route=\/wp\/v2\/posts"}],"about":[{"href":"http:\/\/www.korhanyilmaz.com\/index.php?rest_route=\/wp\/v2\/types\/post"}],"author":[{"embeddable":true,"href":"http:\/\/www.korhanyilmaz.com\/index.php?rest_route=\/wp\/v2\/users\/1"}],"replies":[{"embeddable":true,"href":"http:\/\/www.korhanyilmaz.com\/index.php?rest_route=%2Fwp%2Fv2%2Fcomments&post=30909"}],"version-history":[{"count":0,"href":"http:\/\/www.korhanyilmaz.com\/index.php?rest_route=\/wp\/v2\/posts\/30909\/revisions"}],"wp:attachment":[{"href":"http:\/\/www.korhanyilmaz.com\/index.php?rest_route=%2Fwp%2Fv2%2Fmedia&parent=30909"}],"wp:term":[{"taxonomy":"category","embeddable":true,"href":"http:\/\/www.korhanyilmaz.com\/index.php?rest_route=%2Fwp%2Fv2%2Fcategories&post=30909"},{"taxonomy":"post_tag","embeddable":true,"href":"http:\/\/www.korhanyilmaz.com\/index.php?rest_route=%2Fwp%2Fv2%2Ftags&post=30909"}],"curies":[{"name":"wp","href":"https:\/\/api.w.org\/{rel}","templated":true}]}}