{"id":30902,"date":"2011-04-22T13:48:26","date_gmt":"2011-04-22T10:48:26","guid":{"rendered":"http:\/\/www.korhanyilmaz.com\/?p=30902"},"modified":"2011-04-22T13:48:26","modified_gmt":"2011-04-22T10:48:26","slug":"kilicdaroglu-vaatlerini-acikladi","status":"publish","type":"post","link":"http:\/\/www.korhanyilmaz.com\/?p=30902","title":{"rendered":"K\u0131l\u0131\u00e7daro\u011flu vaatlerini a\u00e7\u0131klad\u0131"},"content":{"rendered":"<p style=\"text-align: center;\"><a href=\"http:\/\/www.korhanyilmaz.com\/wp-content\/uploads\/2011\/04\/191.jpg\"  class=\"lightview\"><img loading=\"lazy\" decoding=\"async\" class=\"aligncenter size-full wp-image-30903\" src=\"http:\/\/www.korhanyilmaz.com\/wp-content\/uploads\/2011\/04\/191.jpg\" alt=\"\" width=\"370\" height=\"245\" \/><\/a><\/p>\n<p style=\"text-align: justify;\">CHP Genel Ba\u015fkan\u0131 Kemal K\u0131l\u0131\u00e7daro\u011flu partisinin se\u00e7im bildirgesini ad\u0131. K\u0131l\u0131\u00e7daro\u011flu, &#8216;K\u00fcrt yurtta\u015flar\u0131m\u0131z kendi kimliklerini \u00f6zg\u00fcrce ya\u015fayacak&#8217; derken Alevilerin e\u015fit yurtta\u015fl\u0131k hakk\u0131n\u0131 b\u00fct\u00fcn a\u015famalarda hayata ge\u00e7ireceklerini s\u00f6yledi.<!--more--><\/p>\n<p style=\"text-align: justify;\">ANKARA &#8211; CHP\u2019nin se\u00e7im bildirgesi, Genel Ba\u015fkan Kemal K\u0131l\u0131\u00e7daro\u011flu taraf\u0131ndan t\u00fcm milletvekili adaylar\u0131n\u0131n kat\u0131l\u0131m\u0131yla yap\u0131lan toplant\u0131da a\u00e7\u0131kland\u0131. &#8220;\u00d6zg\u00fcrl\u00fc\u011f\u00fcn ve umudun \u00fclkesi, herkesin T\u00fcrkiye\u2019si&#8221; ba\u015fl\u0131kl\u0131 CHP 2011 se\u00e7im bildirgesi, 134 sayfadan olu\u015fuyor. &#8220;\u00d6zg\u00fcr insan i\u00e7in \u00f6zg\u00fcrl\u00fck\u00e7\u00fc demokrasi&#8221; ana ba\u015fl\u0131\u011f\u0131 alt\u0131ndaki vaatler \u015f\u00f6yle:<\/p>\n<p style=\"text-align: justify;\">&#8220;-TSK \u0130\u00e7 Hizmet Kanunu\u2019nun 35. maddesi de\u011fi\u015ftirilecek.<\/p>\n<p style=\"text-align: justify;\">-Zorunlu askerlik \u00f6nce 9, daha sonra a\u015famal\u0131 olarak 6 aya indirilecek.<\/p>\n<p style=\"text-align: justify;\">-Bir defaya mahsus bedelli askerlik kanunu \u00e7\u0131kacak, g\u00fcc\u00fc yetmeyenler i\u00e7in bedelsiz olacak.<\/p>\n<p style=\"text-align: justify;\">-Se\u00e7im baraj\u0131 y\u00fczde 5\u2019e indirilecek.<\/p>\n<p style=\"text-align: justify;\">-Yeni ve \u00f6zg\u00fcrl\u00fck\u00e7\u00fc bir anayasa, toplumun t\u00fcm kesimleriyle birlikte haz\u0131rlanacak.<\/p>\n<p style=\"text-align: justify;\">-\u0130nsan Haklar\u0131 Ulusal Denetim Kurumu kurulacak.<\/p>\n<p style=\"text-align: justify;\">-Korku ve sindirme ortam\u0131 yaratma amac\u0131 ta\u015f\u0131yan uygulamalara son verilecek.<\/p>\n<p style=\"text-align: justify;\">-Bar\u0131\u015f\u00e7\u0131 her tepki me\u015fru say\u0131lacak.<\/p>\n<p style=\"text-align: justify;\">-G\u00f6zalt\u0131na alma ve tutuklamalarda keyfi uygulamalar \u00f6nlenecek.<\/p>\n<p style=\"text-align: justify;\">-Bas\u0131n \u00f6zg\u00fcrl\u00fc\u011f\u00fcn\u00fcn \u00f6n\u00fcndeki t\u00fcm engeller ve medya \u00fczerindeki her t\u00fcrl\u00fc bask\u0131 ortadan kald\u0131r\u0131lacak.<\/p>\n<p style=\"text-align: justify;\">-Adalet Bakan\u0131 ve M\u00fcste\u015far\u0131 HSYK\u2019dan \u00e7\u0131kart\u0131lacak, \u00f6zel yetkili mahkemeler kald\u0131r\u0131lacak.<\/p>\n<p style=\"text-align: justify;\">-Demokratik se\u00e7im sistemi ve siyasal \u00e7o\u011fulculuk sa\u011flanacak.<\/p>\n<p style=\"text-align: justify;\">-Propaganda yasaklar\u0131 kalkacak, se\u00e7ilme ya\u015f\u0131 21\u2019e inecek.<\/p>\n<p style=\"text-align: justify;\">-Etnik ve inan\u00e7 farkl\u0131l\u0131klar\u0131 ayr\u0131ms\u0131z sahiplenilecek.<\/p>\n<p style=\"text-align: justify;\">-Kad\u0131na y\u00f6nelik \u015fiddet \u2018a\u011f\u0131r su\u00e7\u2019, cezas\u0131 \u2018a\u011f\u0131r ceza\u2019 olacak.<\/p>\n<p style=\"text-align: justify;\">-Kad\u0131n erkek e\u015fitli\u011fini sa\u011flayacak pozitif ayr\u0131mc\u0131l\u0131k uygulamalar\u0131 yayg\u0131nla\u015ft\u0131r\u0131lacak.<\/p>\n<p style=\"text-align: justify;\"><strong>&#8220;K\u00dcRT YURTTA\u015eLARIN K\u0130ML\u0130KLER\u0130 \u00d6N\u00dcNDEK\u0130 ENGELLER KALDIRILACAK&#8221;<\/strong><\/p>\n<p style=\"text-align: justify;\">-Do\u011fu ve G\u00fcneydo\u011fu\u2019da bask\u0131lara son verilecek, toplumsal bar\u0131\u015f sa\u011flanacak.<\/p>\n<p style=\"text-align: justify;\">-K\u00fcrt yurtta\u015flar\u0131n kimliklerini ya\u015famalar\u0131n\u0131n \u00f6n\u00fcndeki engeller \u00e7o\u011fulcu ve \u00f6zg\u00fcrl\u00fck\u00e7\u00fc demokrasi ile a\u015f\u0131lacak.<\/p>\n<p style=\"text-align: justify;\">-Kurulacak komisyon ile failime\u00e7hul cinayetler ayd\u0131nlat\u0131lacak.<\/p>\n<p style=\"text-align: justify;\">-Talep eden yurtta\u015flara anadil \u00f6\u011fretimi olana\u011f\u0131 sunulacak.<\/p>\n<p style=\"text-align: justify;\">-Diyarbak\u0131r Cezaevi toplumsal bar\u0131\u015f m\u00fczesi olacak.<\/p>\n<p style=\"text-align: justify;\"><strong>&#8220;ALEV\u0130 YURTTA\u015eLARIN E\u015e\u0130T YURTTA\u015eLIK TALEPLER\u0130 HAYATA GE\u00c7\u0130R\u0130LECEK&#8221;<\/strong><\/p>\n<p style=\"text-align: justify;\">-Alevi yurtta\u015flar\u0131n e\u015fit yurtta\u015fl\u0131k talepleri hayata ge\u00e7irilecek.<\/p>\n<p style=\"text-align: justify;\">-Din dersleri zorunlu olmaktan \u00e7\u0131kart\u0131lacak, se\u00e7meli hale getirilecek.<\/p>\n<p style=\"text-align: justify;\">-T\u00fcm inan\u00e7lar i\u00e7in ibadethane a\u00e7\u0131lacak.<\/p>\n<p style=\"text-align: justify;\">-Az\u0131nl\u0131k din mensubu vatanda\u015flara y\u00f6nelik din ve inan\u00e7 temelli ayr\u0131mc\u0131l\u0131k, nefret s\u00f6ylemleri ve nefret su\u00e7lar\u0131yla m\u00fccadele edilecek.<\/p>\n<p style=\"text-align: justify;\">-Milletvekili dokunulmazl\u0131\u011f\u0131 kalkacak.<\/p>\n<p style=\"text-align: justify;\">-Ba\u015fbakan ve bakanlar\u0131n varl\u0131klar\u0131n\u0131n y\u00f6netimi g\u00f6revleri s\u00fcresince kayyuma devredilecek.&#8221;<\/p>\n<p style=\"text-align: justify;\"><strong>&#8220;HER YIL 800 B\u0130N K\u0130\u015e\u0130YE \u0130ST\u0130HDAM SA\u011eLANACAK&#8221;<\/strong><\/p>\n<p style=\"text-align: justify;\">&#8220;S\u00fcrd\u00fcr\u00fclebilir kalk\u0131nma i\u00e7in \u00fcreten, b\u00fcy\u00fcyen, payla\u015fan \u00e7evre dostu ekonomi&#8221; ana ba\u015fl\u0131\u011f\u0131 alt\u0131ndaki talepler ise \u015funlar:<\/p>\n<p style=\"text-align: justify;\">&#8220;-Her y\u0131l 800 bin ki\u015fiye istihdam yarat\u0131lacak.<\/p>\n<p style=\"text-align: justify;\">-Engellilerin kamuda istihdam olanaklar\u0131 artt\u0131r\u0131lacak.<\/p>\n<p style=\"text-align: justify;\">-Bilgi teknolojileri ve ileti\u015fim sekt\u00f6r\u00fcndeki dolayl\u0131 vergiler en alt d\u00fczeye inecek<\/p>\n<p style=\"text-align: justify;\">-\u0130nternet yoluyla i\u015flenen su\u00e7larla m\u00fccadele kanunu kalkacak, yerine demokratik bir d\u00fczenleme getirilecek.<\/p>\n<p style=\"text-align: justify;\">-Telefon ve internet hizmetlerinin y\u00fczde 20 ucuzlamas\u0131 sa\u011flanacak.<\/p>\n<p style=\"text-align: justify;\"><strong>&#8220;TOPRAKSIZ K\u00d6YL\u00dcLER \u0130\u00c7\u0130N ARAZ\u0130 ED\u0130ND\u0130RME OF\u0130S\u0130 KURULACAK&#8221;<\/strong><\/p>\n<p style=\"text-align: justify;\">-KOB\u0130\u2019lere \u00f6dedikleri vergi ve sosyal g\u00fcvenlik primi kadar faizsiz kredi verilecek.<\/p>\n<p style=\"text-align: justify;\">-Te\u015fvik uygulama m\u00fcste\u015farl\u0131\u011f\u0131 kurulacak.<\/p>\n<p style=\"text-align: justify;\">-Topraks\u0131z k\u00f6yl\u00fclere toprak sa\u011flamak i\u00e7in Arazi Edindirme Ofisi kurulacak.<\/p>\n<p style=\"text-align: justify;\">-May\u0131nl\u0131 araziler topraks\u0131z k\u00f6yl\u00fclere da\u011f\u0131t\u0131larak toprak reformu sa\u011flanacak.<\/p>\n<p style=\"text-align: justify;\">-\u0130klim De\u011fi\u015fimi ve Geli\u015fimi Ara\u015ft\u0131rma Merkezi kurulacak.<\/p>\n<p style=\"text-align: justify;\">-Hayvanc\u0131l\u0131k ve S\u00fct \u00dcr\u00fcnleri Destek Genel M\u00fcd\u00fcrl\u00fc\u011f\u00fc kurulacak.<\/p>\n<p style=\"text-align: justify;\">-\u0130\u015fsizlik fonundan yararlanma ko\u015fullar\u0131 kolayla\u015ft\u0131r\u0131lacak, i\u015fsizlik \u00f6dene\u011fi ki\u015filerin ge\u00e7im standard\u0131 g\u00f6zetilerek belirlenecek.<\/p>\n<p style=\"text-align: justify;\">-Kad\u0131nlara kamu s\u0131navlar\u0131nda pozitif ayr\u0131mc\u0131l\u0131k uygulanacak.<\/p>\n<p style=\"text-align: justify;\">-\u00dccretlinin vergi y\u00fck\u00fc d\u00fc\u015f\u00fcr\u00fclecek.<\/p>\n<p style=\"text-align: justify;\">-2B alanlar\u0131 k\u00f6yl\u00fcye verilecek.<\/p>\n<p style=\"text-align: justify;\">-Esnaf\u0131n \u00f6dedi\u011fi sosyal g\u00fcvenlik destek primi kalkacak.<\/p>\n<p style=\"text-align: justify;\">-Taksicilerin g\u00fcvenlik kabinli araca ge\u00e7i\u015finde bir defaya mahsus \u00d6TV al\u0131nmayacak.<\/p>\n<p style=\"text-align: justify;\">-\u00c7ift\u00e7iye mazot 1.5 TL\u2019den verilecek.<\/p>\n<p style=\"text-align: justify;\">-Esnaf\u0131 koruyan hipermarket yasas\u0131 \u00e7\u0131kacak.<\/p>\n<p style=\"text-align: justify;\">-Kamu \u00e7al\u0131\u015fanlar\u0131na yar\u0131m maa\u015f tatil deste\u011fi verilecek.<\/p>\n<p style=\"text-align: justify;\">-Yenilenebilir enerji kaynaklar\u0131 kullan\u0131larak d\u0131\u015fa ba\u011f\u0131ml\u0131l\u0131k azalt\u0131lacak.<\/p>\n<p style=\"text-align: justify;\">-Akkuyu\u2019da n\u00fckleer santral kurulmas\u0131 i\u00e7in referandum yap\u0131lacak.<\/p>\n<p style=\"text-align: justify;\">-Yeni ku\u015fak reakt\u00f6rlere odakl\u0131 n\u00fckleer enerji politikas\u0131 izlenecek.&#8221;<\/p>\n<p style=\"text-align: justify;\"><strong>&#8220;2 AY \u0130\u00c7\u0130NDE A\u0130LE S\u0130GORTASI KURUMU KURULACAK&#8221;<\/strong><\/p>\n<p style=\"text-align: justify;\">&#8220;Sosyal adalet ve insanca ya\u015fam i\u00e7in e\u015fitlik ve toplumsal dayan\u0131\u015fma&#8221; ana ba\u015fl\u0131\u011f\u0131 alt\u0131nda uygulanacak CHP politikalar\u0131 ise \u015f\u00f6yle s\u0131raland\u0131:<\/p>\n<p style=\"text-align: justify;\">&#8220;-Aile Sigortas\u0131 ile her aile ayl\u0131k en az 600 TL gelire kavu\u015facak, bu gelir ailenin durumuna g\u00f6re bin 200 TL\u2019ye kadar \u00e7\u0131kabilecek. \u0130ktidar\u0131n ilk 2 ay\u0131nda Aile Sigortas\u0131 Kurumu (ASKUR)kurulacak.<\/p>\n<p style=\"text-align: justify;\">-Ye\u015fil kart uygulamas\u0131 iyile\u015ftirilerek s\u00fcrd\u00fcr\u00fclecek.<\/p>\n<p style=\"text-align: justify;\">-\u0130htiyac\u0131 olan her aileye \u00e7ocuk, yeti\u015fkin ve ya\u015fl\u0131 deste\u011fi sa\u011flanacak.<\/p>\n<p style=\"text-align: justify;\">-Dul ve yetimlere asgari ayl\u0131k \u00f6demesi ba\u015flayacak.<\/p>\n<p style=\"text-align: justify;\">-Herkesin sendikal\u0131 olma hakk\u0131 yasal g\u00fcvence alt\u0131na al\u0131nacak.<\/p>\n<p style=\"text-align: justify;\">-Kamuda ta\u015feron i\u015f\u00e7ili\u011fi, s\u00f6zle\u015fmeli personel (4\/B) ve ge\u00e7ici personel (4\/C) uygulamalar\u0131 kald\u0131r\u0131lacak.<\/p>\n<p style=\"text-align: justify;\">-Meslek liselerinde ve meslek y\u00fcksek okullar\u0131nda okuyan gen\u00e7ler tam zamanl\u0131 sigortal\u0131 olacak, primlerini devlet \u00f6deyecek.<\/p>\n<p style=\"text-align: justify;\">-A\u015f\u0131r\u0131 \u00e7al\u0131\u015ft\u0131rmaya yasak getirilecek.<\/p>\n<p style=\"text-align: justify;\">-\u2018G\u00fcld\u00fcnya yasas\u0131\u2019 \u00e7\u0131kart\u0131lacak, sadece t\u00f6re de\u011fil namus cinayetlerine de a\u011f\u0131r ceza gelecek.<\/p>\n<p style=\"text-align: justify;\">-Gen\u00e7lik indirimi uygulamas\u0131yla gen\u00e7lerin toplu ula\u015f\u0131mdan, k\u00fclt\u00fcr, sanat ve spor etkinliklerinden, ma\u011faza ve restoranlardan indirimli yararlanabilmeleri sa\u011flanacak.<\/p>\n<p style=\"text-align: justify;\">-Emekliye milli gelir art\u0131\u015f\u0131ndan pay verilecek.<\/p>\n<p style=\"text-align: justify;\">-\u0130ntibak yasas\u0131 \u00e7\u0131kacak, emekli maa\u015flar\u0131 aras\u0131ndaki u\u00e7urum azalacak.<\/p>\n<p style=\"text-align: justify;\">-\u00c7al\u0131\u015fan emeklilerden kesilen sosyal g\u00fcvenlik destek primi kald\u0131r\u0131lacak.<\/p>\n<p style=\"text-align: justify;\">-\u00c7al\u0131\u015fan veya \u00e7al\u0131\u015fmayan b\u00fct\u00fcn engellilere ayl\u0131k \u00f6denecek.<\/p>\n<p style=\"text-align: justify;\">-T\u00fcm ayr\u0131mc\u0131l\u0131k t\u00fcrlerinin \u00f6nlendi\u011fi ayr\u0131mc\u0131l\u0131k yasas\u0131 \u00e7\u0131kacak.<\/p>\n<p style=\"text-align: justify;\">-Ya\u015fl\u0131lar ailelerine muhta\u00e7 edilmeden devlet taraf\u0131ndan bak\u0131lacak.&#8221;<\/p>\n<p style=\"text-align: justify;\"><strong>&#8220;EMN\u0130YET TE\u015eK\u0130LATI S\u0130YASAL YAPILANMANIN DI\u015eINDA TUTULACAK&#8221;<\/strong><\/p>\n<p style=\"text-align: justify;\">&#8220;Mutlu toplum, mutlu yurtta\u015f i\u00e7in nitelikli kamu hizmetleri, g\u00fcn \u0131\u015f\u0131nda y\u00f6netim&#8221; ana ba\u015fl\u0131\u011f\u0131 alt\u0131ndaki vaatler ise \u015f\u00f6yle:<\/p>\n<p style=\"text-align: justify;\">&#8220;-18 ya\u015f\u0131na kadar t\u00fcm \u00e7ocuk ve gen\u00e7ler zorunlu e\u011fitim kapsam\u0131nda olacak.<\/p>\n<p style=\"text-align: justify;\">-\u00dcniversite s\u0131nav\u0131 a\u015famal\u0131 olarak kald\u0131r\u0131lacak.<\/p>\n<p style=\"text-align: justify;\">-SBS s\u0131nav\u0131 hemen kald\u0131r\u0131lacak.<\/p>\n<p style=\"text-align: justify;\">-Y\u00d6K kald\u0131r\u0131lacak.<\/p>\n<p style=\"text-align: justify;\">-\u00dcniversitelere bilimsel, mali ve idari \u00f6zerklik sa\u011flanacak.<\/p>\n<p style=\"text-align: justify;\">-Devlet \u00fcniversitelerindeki akademisyenlerin maa\u015f\u0131 AB standartlar\u0131na \u00e7\u0131kart\u0131lacak.<\/p>\n<p style=\"text-align: justify;\">-\u00dcniversite har\u00e7lar\u0131 kald\u0131r\u0131lacak, yurt sorunu 2 y\u0131l i\u00e7inde \u00e7\u00f6z\u00fclecek.<\/p>\n<p style=\"text-align: justify;\">-Yoksul yurtta\u015flar hastanede katk\u0131 pay\u0131 \u00f6demeyecek, hasta haklar\u0131 i\u00e7in fon kurulacak.<\/p>\n<p style=\"text-align: justify;\">-Hayvana k\u00f6t\u00fc muamele su\u00e7 olacak, hayvan satan yeni ma\u011faza a\u00e7\u0131lmayacak.<\/p>\n<p style=\"text-align: justify;\">-Dev\u015firme sporculara ba\u011f\u0131ml\u0131 spor politikas\u0131 de\u011fi\u015fecek, \u00f6z de\u011ferlere y\u00f6nelinecek.<\/p>\n<p style=\"text-align: justify;\">-Sanat emek\u00e7ilerinin \u00e7al\u0131\u015fmad\u0131klar\u0131 d\u00f6nemde sigorta primlerinin K\u00fclt\u00fcr ve Turizm Bakanl\u0131\u011f\u0131 taraf\u0131ndan \u00f6denmesi sa\u011flanacak.<\/p>\n<p style=\"text-align: justify;\">-Ter\u00f6rle m\u00fccadele sadece silahl\u0131 m\u00fccadele anlay\u0131\u015f\u0131 yerine devletin t\u00fcm organlar\u0131n\u0131n, halk\u0131n, medyan\u0131n ve STK\u2019lar\u0131n deste\u011fiyle yap\u0131lacak.<\/p>\n<p style=\"text-align: justify;\">-Emniyet te\u015fkilat\u0131 her t\u00fcrl\u00fc siyasal yap\u0131lanman\u0131n d\u0131\u015f\u0131nda tutulacak.<\/p>\n<p style=\"text-align: justify;\">-Kamu y\u00f6netiminde yanda\u015fl\u0131k ve keyfili\u011fe son verilecek.<\/p>\n<p style=\"text-align: justify;\">-B\u00fcrokratik ve siyasi dokunulmazl\u0131klar kalkacak.<\/p>\n<p style=\"text-align: justify;\">-Kamu ihaleleri mercek alt\u0131na al\u0131nacak.&#8221;<\/p>\n<p style=\"text-align: justify;\"><strong>&#8220;\u0130STANBUL K\u00dcRESEL MARKA KENT\u0130 HAL\u0130NE GELECEK&#8221;<\/strong><\/p>\n<p style=\"text-align: justify;\">&#8220;\u00c7a\u011fda\u015f yerle\u015fimler ve geli\u015fmi\u015f kent toplumu i\u00e7in kalk\u0131nan b\u00f6lgeler, kentle\u015fen Anadolu, d\u00fcnya kenti \u0130stanbul&#8221; ba\u015fl\u0131\u011f\u0131 alt\u0131nda uygulanmas\u0131 vaat edilen politikalar \u015funlar:<\/p>\n<p style=\"text-align: justify;\">&#8220;-T\u00fcrkiye\u2019nin her b\u00f6lgesinden 20 kent ekonomik \u00e7ekim merkezi olacak.<\/p>\n<p style=\"text-align: justify;\">-Avrupa Konseyi Yerel Y\u00f6netimler \u015eart\u0131\u2019ndaki \u00e7ekinceler kalkacak.<\/p>\n<p style=\"text-align: justify;\">-Belde belediyeleri yeniden a\u00e7\u0131lacak.<\/p>\n<p style=\"text-align: justify;\">-Muhtar ayl\u0131klar\u0131 asgari \u00fccret d\u00fczeyine \u00e7\u0131kacak.<\/p>\n<p style=\"text-align: justify;\">-Konut ve \u015eehircilik Bakanl\u0131\u011f\u0131 olu\u015fturulacak, d\u00fc\u015f\u00fck gelirlilere konut, yoksullara ucuz kiral\u0131k ev yap\u0131lacak.<\/p>\n<p style=\"text-align: justify;\">-Adana-Mersin\u2019e Singapur i\u015flevi kazand\u0131r\u0131lacak.<\/p>\n<p style=\"text-align: justify;\">-Kars-Ardahan-I\u011fd\u0131r, \u00c7in-Avrupa hatt\u0131nda lojistik \u00fcs olacak.<\/p>\n<p style=\"text-align: justify;\">-\u0130zmir, Tayland gibi sa\u011fl\u0131k turizmi merkezi olacak.<\/p>\n<p style=\"text-align: justify;\">-Samsun, gemi in\u015fa ve tamir sanayii alan\u0131nda \u015eangay gibi marka kent olacak.<\/p>\n<p style=\"text-align: justify;\">-Trabzon-Ordu-Giresun b\u00f6lgesinde f\u0131nd\u0131k borsas\u0131 kurulacak, f\u0131nd\u0131k fiyat\u0131 Almanya\u2019da de\u011fil, T\u00fcrkiye\u2019de belirlenecek.<\/p>\n<p style=\"text-align: justify;\">-Diyarbak\u0131r, Martin, Ad\u0131yaman, \u015eanl\u0131 Urfa b\u00f6lgesi inan\u00e7, k\u00fclt\u00fcr ve gurme turizmi merkezi olacak.<\/p>\n<p style=\"text-align: justify;\">-Ankara\u2019n\u0131n i\u00e7inin bo\u015falt\u0131lmas\u0131na izin verilmeyecek, Ba\u015fkent i\u015flevi g\u00fc\u00e7lendirilecek.<\/p>\n<p style=\"text-align: justify;\">-\u0130stanbul, Londra ve Paris\u2019le birlikte Avrupa\u2019n\u0131n \u00f6nde gelen 3 k\u00fcresel &#8220;marka&#8221; kentinden biri haline getirilecek. \u0130stanbul\u2019un yarat\u0131c\u0131 kent \u00f6zelli\u011fi geli\u015ftirilecek, bili\u015fim, k\u00fclt\u00fcr, entelekt\u00fcel kenti haline getirilecek.<\/p>\n<p style=\"text-align: justify;\">-\u0130stanbul\u2019un ula\u015f\u0131m sorunu \u00e7\u00f6z\u00fclecek. 3. k\u00f6pr\u00fc yerine y\u00fczer viyad\u00fck ve mevcut k\u00f6pr\u00fclerin yeniden in\u015fas\u0131 da dahil olmak \u00fczere t\u00fcm alternatifler de\u011ferlendirilecek.&#8221;<\/p>\n<p style=\"text-align: justify;\"><strong>&#8220;T\u00dcRK\u0130YE K\u0130MSEYE A\u011eABEYL\u0130K YAPMAYACAK, KEND\u0130S\u0130NE A\u011eABEYL\u0130K YAPILMASINA DA \u0130Z\u0130N VERMEYECEK&#8221;<\/strong><\/p>\n<p style=\"text-align: justify;\">&#8220;Adil ve g\u00fcvenli bir d\u00fcnya i\u00e7in bar\u0131\u015f, demokrasi ve kalk\u0131nma temelli d\u0131\u015f politika&#8221; ana ba\u015fl\u0131\u011f\u0131 alt\u0131ndaki vaatler ise \u015funlar:<\/p>\n<p style=\"text-align: justify;\">&#8220;-T\u00fcrkiye hi\u00e7bir \u00fclkeye \u2018a\u011fabeylik\u2019 yapmayacak, kimsenin kendisine \u2018a\u011fabeylik\u2019 yapmas\u0131na da izin vermeyecek.<\/p>\n<p style=\"text-align: justify;\">-AB\u2019ye tam \u00fcyelikten ba\u015fka bir se\u00e7enek kabul edilmeyecek.<\/p>\n<p style=\"text-align: justify;\">-ABD ile son y\u0131llarda ya\u015fanm\u0131\u015f olan s\u0131k\u0131nt\u0131lar a\u015f\u0131lacak, e\u015fitlik ve kar\u015f\u0131l\u0131kl\u0131 sayg\u0131 temelinde yeni bir anlay\u0131\u015fla hareket edilecek. ABD ile stratejik ve askeri ili\u015fkilerle s\u0131n\u0131rl\u0131 olmayan, dengelenmi\u015f, ekonomik ve k\u00fclt\u00fcrel etkile\u015fime a\u00e7\u0131k yeni ve \u00e7a\u011fda\u015f ortakl\u0131k tesis edilecek.<\/p>\n<p style=\"text-align: justify;\">-T\u00fcrkiye\u2019de art\u0131\u015f g\u00f6steren Amerikan kar\u015f\u0131tl\u0131\u011f\u0131n\u0131 dengelemek i\u00e7in \u00f6\u011frenci, i\u015f adam\u0131, yerel y\u00f6netici de\u011fi\u015fimi yap\u0131lacak ,ortak k\u00fclt\u00fcrel ve sanatsal etkinlik d\u00fczenlenecek.<\/p>\n<p style=\"text-align: justify;\">-Orta Do\u011fu\u2019daki t\u00fcm toplumlar\u0131n insan haklar\u0131na, demokrasiye ve sosyal adalete dayal\u0131 sistemlerin bu toplumlar taraf\u0131ndan bar\u0131\u015f\u00e7\u0131l yollarla yarat\u0131lmas\u0131 desteklenecek.&#8221;<\/p>\n<p style=\"text-align: justify;\"><a href=\"http:\/\/www.radikal.com.tr\/Radikal.aspx?aType=RadikalDetayV3&amp;ArticleID=1047061&amp;Date=22.04.2011&amp;CategoryID=78\" target=\"_blank\">Kaynak : Radikal<\/a><\/p>\n","protected":false},"excerpt":{"rendered":"<p style=\"text-align: center;\">\n<p style=\"text-align: justify;\">CHP Genel Ba\u015fkan\u0131 Kemal K\u0131l\u0131\u00e7daro\u011flu partisinin se\u00e7im bildirgesini ad\u0131. K\u0131l\u0131\u00e7daro\u011flu, &#8216;K\u00fcrt yurtta\u015flar\u0131m\u0131z kendi kimliklerini \u00f6zg\u00fcrce ya\u015fayacak&#8217; derken Alevilerin e\u015fit yurtta\u015fl\u0131k hakk\u0131n\u0131 b\u00fct\u00fcn a\u015famalarda hayata ge\u00e7ireceklerini s\u00f6yledi.<\/p>\n","protected":false},"author":1,"featured_media":0,"comment_status":"open","ping_status":"closed","sticky":false,"template":"","format":"standard","meta":{"footnotes":""},"categories":[105],"tags":[],"class_list":["post-30902","post","type-post","status-publish","format-standard","hentry","category-gundem","odd"],"_links":{"self":[{"href":"http:\/\/www.korhanyilmaz.com\/index.php?rest_route=\/wp\/v2\/posts\/30902","targetHints":{"allow":["GET"]}}],"collection":[{"href":"http:\/\/www.korhanyilmaz.com\/index.php?rest_route=\/wp\/v2\/posts"}],"about":[{"href":"http:\/\/www.korhanyilmaz.com\/index.php?rest_route=\/wp\/v2\/types\/post"}],"author":[{"embeddable":true,"href":"http:\/\/www.korhanyilmaz.com\/index.php?rest_route=\/wp\/v2\/users\/1"}],"replies":[{"embeddable":true,"href":"http:\/\/www.korhanyilmaz.com\/index.php?rest_route=%2Fwp%2Fv2%2Fcomments&post=30902"}],"version-history":[{"count":0,"href":"http:\/\/www.korhanyilmaz.com\/index.php?rest_route=\/wp\/v2\/posts\/30902\/revisions"}],"wp:attachment":[{"href":"http:\/\/www.korhanyilmaz.com\/index.php?rest_route=%2Fwp%2Fv2%2Fmedia&parent=30902"}],"wp:term":[{"taxonomy":"category","embeddable":true,"href":"http:\/\/www.korhanyilmaz.com\/index.php?rest_route=%2Fwp%2Fv2%2Fcategories&post=30902"},{"taxonomy":"post_tag","embeddable":true,"href":"http:\/\/www.korhanyilmaz.com\/index.php?rest_route=%2Fwp%2Fv2%2Ftags&post=30902"}],"curies":[{"name":"wp","href":"https:\/\/api.w.org\/{rel}","templated":true}]}}