{"id":30896,"date":"2011-04-22T08:37:21","date_gmt":"2011-04-22T05:37:21","guid":{"rendered":"http:\/\/www.korhanyilmaz.com\/?p=30896"},"modified":"2011-04-22T08:37:21","modified_gmt":"2011-04-22T05:37:21","slug":"erdoganin-10-bin-milisine-karsilik-bin-bozkurt","status":"publish","type":"post","link":"http:\/\/www.korhanyilmaz.com\/?p=30896","title":{"rendered":"&#8216;Erdo\u011fan&#8217;\u0131n 10 bin milisine kar\u015f\u0131l\u0131k bin bozkurt&#8217;"},"content":{"rendered":"<p style=\"text-align: center;\"><a href=\"http:\/\/www.korhanyilmaz.com\/wp-content\/uploads\/2011\/04\/190.jpg\"  class=\"lightview\"><img loading=\"lazy\" decoding=\"async\" class=\"aligncenter size-full wp-image-30899\" src=\"http:\/\/www.korhanyilmaz.com\/wp-content\/uploads\/2011\/04\/190.jpg\" alt=\"\" width=\"384\" height=\"254\" \/><\/a><\/p>\n<p style=\"text-align: justify;\">Ba\u015fbakan Erdo\u011fan&#8217;\u0131n YGS protestolar\u0131yla ilgili &#8216;istersek 10 bin genci Taksim&#8217;e koyar\u0131z&#8217; s\u00f6zlerini de\u011ferlendiren Bah\u00e7eli, &#8216;Say\u0131n Recep Tayyip Erdo\u011fan, on bin milisinle Taksim&#8217;e gel, ben de bin bozkurtumla meydana gelece\u011fim. \u0130nan\u0131yorum ki Kas\u0131mpa\u015fa&#8217;ya kadar arkana bakmadan ka\u00e7ars\u0131n&#8217; dedi.<!--more--><\/p>\n<p style=\"text-align: justify;\">Devlet Bah\u00e7eli, K\u0131r\u0131kkale G\u00f6k D\u00fc\u011f\u00fcn Salonu&#8217;nda partililere hitap etti. Cumhuriyet kuruldu\u011fundan beri siyasi hayat\u0131nda \u00e7ok renkli se\u00e7imler ge\u00e7ti\u011fini, bu s\u00fcre zarf\u0131nda darbeler ve ara rejimler de oldu\u011funu belirterek, bunlar\u0131n bir daha ya\u015fanmamas\u0131 temennisinde bulundu.<\/p>\n<p style=\"text-align: justify;\">Bunun i\u00e7in millet iradesinin \u00f6nemini vurgulayan Bah\u00e7eli, 12 Haziran se\u00e7imlerinde de \u00fclkenin yol ayr\u0131m\u0131na gelmi\u015f olaca\u011f\u0131n\u0131 s\u00f6yledi.<\/p>\n<p style=\"text-align: justify;\"><strong>YA\u015eANANLAR YARGI A\u00c7ISINDAN REZALET<\/strong><\/p>\n<p style=\"text-align: justify;\">T\u00fcrkiye&#8217;nin 9 y\u0131l sonra karanl\u0131k bir u\u00e7uruma s\u00fcr\u00fcklendi\u011fini ileri s\u00fcren Bah\u00e7eli, &#8221;T\u00fcrkiye&#8217;nin \u015fu \u00fc\u00e7 g\u00fcnl\u00fck d\u00f6nemi demokrasi a\u00e7\u0131s\u0131ndan utan\u00e7, siyasi ahlak a\u00e7\u0131s\u0131ndan ay\u0131p, yarg\u0131 a\u00e7\u0131s\u0131ndan rezalettir&#8221; diye konu\u015ftu.<\/p>\n<p style=\"text-align: justify;\">Bah\u00e7eli, Y\u00fcksek Se\u00e7im Kurulunun (YSK) 12 ba\u011f\u0131ms\u0131z milletvekili aday\u0131n\u0131n adayl\u0131klar\u0131n\u0131n iptal edilmesi karar\u0131n\u0131n ard\u0131ndan T\u00fcrkiye&#8217;nin aya\u011fa kalkt\u0131\u011f\u0131n\u0131 ve &#8221;7 PKK uzant\u0131s\u0131n\u0131n neredeyse demokrasi kahraman\u0131 ilan edildi\u011fini&#8221; s\u00f6yledi.<\/p>\n<p style=\"text-align: justify;\">YGS&#8217;deki \u201c\u015fifre\u201d iddialar\u0131na da de\u011finen Bah\u00e7eli, ya\u015fananlara kar\u015f\u0131 duyars\u0131z kalmayan gen\u00e7lerin eylemine y\u00f6nelik olarak Ba\u015fbakan Recep Tayyip Erdo\u011fan&#8217;\u0131n \u201cBiz de kalkar\u0131z onlar\u0131n kar\u015f\u0131s\u0131na be\u015f bin, on bin genci koyar\u0131z\u201d s\u00f6z\u00fcn\u00fc an\u0131msatarak, \u201cmilletin evlatlar\u0131n\u0131n kar\u015f\u0131s\u0131na nerede on bin milis yeti\u015ftirdi\u011fini\u201d sordu.<\/p>\n<p style=\"text-align: justify;\">Asl\u0131nda benzer \u00fcslubu kullanacak ki\u015fi olmad\u0131\u011f\u0131n\u0131 ancak ders al\u0131nmas\u0131 i\u00e7in \u00f6rnek verdi\u011fini belirten Bah\u00e7eli, \u201cSay\u0131n Recep Tayyip Erdo\u011fan, on bin milisinle Taksim&#8217;e gel, ben de bin bozkurtumla meydana gelece\u011fim. \u0130nan\u0131yorum ki Kas\u0131mpa\u015fa&#8217;ya kadar arkana bakmadan ka\u00e7ars\u0131n\u201d dedi.<\/p>\n<p style=\"text-align: justify;\">Devlet Bah\u00e7eli, partisinin \u0130stanbul milletvekili aday\u0131 olan emekli Korgeneral Engin Alan&#8217;la ilgili ele\u015ftirilerde bulunuldu\u011funu ifade ederek, \u201cBa\u015fbakan diyor ki baz\u0131 partileri de kastederek &#8216;Bunlar Silivri&#8217;den getiriyorlar&#8217;, evet, sense Kandil Da\u011f\u0131&#8217;ndan getiriyorsun. Polise tokat atanlar\u0131 meclise getiriyorsun\u201d diye konu\u015ftu.<\/p>\n<p style=\"text-align: justify;\"><a href=\"http:\/\/www.radikal.com.tr\/Radikal.aspx?aType=RadikalDetayV3&amp;ArticleID=1047037\" target=\"_blank\">Kaynak : Radikal<\/a><\/p>\n","protected":false},"excerpt":{"rendered":"<p style=\"text-align: center;\">\n<p style=\"text-align: justify;\">Ba\u015fbakan Erdo\u011fan&#8217;\u0131n YGS protestolar\u0131yla ilgili &#8216;istersek 10 bin genci Taksim&#8217;e koyar\u0131z&#8217; s\u00f6zlerini de\u011ferlendiren Bah\u00e7eli, &#8216;Say\u0131n Recep Tayyip Erdo\u011fan, on bin milisinle Taksim&#8217;e gel, ben de bin bozkurtumla meydana gelece\u011fim. \u0130nan\u0131yorum ki Kas\u0131mpa\u015fa&#8217;ya kadar arkana bakmadan ka\u00e7ars\u0131n&#8217; dedi.<\/p>\n","protected":false},"author":1,"featured_media":0,"comment_status":"open","ping_status":"closed","sticky":false,"template":"","format":"standard","meta":{"footnotes":""},"categories":[105],"tags":[],"class_list":["post-30896","post","type-post","status-publish","format-standard","hentry","category-gundem","odd"],"_links":{"self":[{"href":"http:\/\/www.korhanyilmaz.com\/index.php?rest_route=\/wp\/v2\/posts\/30896","targetHints":{"allow":["GET"]}}],"collection":[{"href":"http:\/\/www.korhanyilmaz.com\/index.php?rest_route=\/wp\/v2\/posts"}],"about":[{"href":"http:\/\/www.korhanyilmaz.com\/index.php?rest_route=\/wp\/v2\/types\/post"}],"author":[{"embeddable":true,"href":"http:\/\/www.korhanyilmaz.com\/index.php?rest_route=\/wp\/v2\/users\/1"}],"replies":[{"embeddable":true,"href":"http:\/\/www.korhanyilmaz.com\/index.php?rest_route=%2Fwp%2Fv2%2Fcomments&post=30896"}],"version-history":[{"count":0,"href":"http:\/\/www.korhanyilmaz.com\/index.php?rest_route=\/wp\/v2\/posts\/30896\/revisions"}],"wp:attachment":[{"href":"http:\/\/www.korhanyilmaz.com\/index.php?rest_route=%2Fwp%2Fv2%2Fmedia&parent=30896"}],"wp:term":[{"taxonomy":"category","embeddable":true,"href":"http:\/\/www.korhanyilmaz.com\/index.php?rest_route=%2Fwp%2Fv2%2Fcategories&post=30896"},{"taxonomy":"post_tag","embeddable":true,"href":"http:\/\/www.korhanyilmaz.com\/index.php?rest_route=%2Fwp%2Fv2%2Ftags&post=30896"}],"curies":[{"name":"wp","href":"https:\/\/api.w.org\/{rel}","templated":true}]}}