{"id":30893,"date":"2011-04-22T15:28:30","date_gmt":"2011-04-22T12:28:30","guid":{"rendered":"http:\/\/www.korhanyilmaz.com\/?p=30893"},"modified":"2011-04-22T15:28:30","modified_gmt":"2011-04-22T12:28:30","slug":"erdogandan-bahceliye-hodri-meydan","status":"publish","type":"post","link":"http:\/\/www.korhanyilmaz.com\/?p=30893","title":{"rendered":"Erdo\u011fan&#8217;dan Bah\u00e7eli&#8217;ye &#8216;hodri meydan&#8217;"},"content":{"rendered":"<p style=\"text-align: center;\"><a href=\"http:\/\/www.korhanyilmaz.com\/wp-content\/uploads\/2011\/04\/189.jpg\"  class=\"lightview\"><img loading=\"lazy\" decoding=\"async\" class=\"aligncenter size-full wp-image-30894\" src=\"http:\/\/www.korhanyilmaz.com\/wp-content\/uploads\/2011\/04\/189.jpg\" alt=\"\" width=\"384\" height=\"254\" \/><\/a><\/p>\n<p style=\"text-align: justify;\">Ba\u015fbakan Erdo\u011fan, se\u00e7im mitinglerineBayburt&#8217;tan ba\u015flad\u0131. Erdo\u011fan&#8217;\u0131n g\u00fcndeminde kendisine meydan okuyan MHP lideri Devlet Bah\u00e7eli vard\u0131: Hayvan\u0131n dinimizde yeri vard\u0131r kutsald\u0131r ama kalk\u0131p e\u015frefi mahluk olan insan\u0131 onunla tehdit etmek akl\u0131 selim sahibi insanlara yak\u0131\u015fmaz.<!--more--><\/p>\n<p style=\"text-align: justify;\">BAYBURT &#8211; AK Parti Genel Ba\u015fkan\u0131 ve Ba\u015fbakan Recep Tayyip Erdo\u011fan, &#8220;Bin bozkurtla Kas\u0131mpa\u015fa\u2019ya kadar kovalarm\u0131\u015f&#8230; Allah Allah&#8230; Say\u0131n Bah\u00e7eli sen bozkurtlarla m\u0131 dola\u015f\u0131yorsun? Bozkurtlar\u0131n sana hay\u0131rl\u0131 olsun. Ben bozkurtla dola\u015fm\u0131yorum. Ben e\u015fref-i mahluk olan insanlarla dola\u015f\u0131yorum&#8221; dedi.<\/p>\n<p style=\"text-align: justify;\">Erdo\u011fan, AK Parti Bayburt mitinginde vatanda\u015flara hitap etti. Yapt\u0131\u011f\u0131 konu\u015fmada, t\u00fcm vatanda\u015flar\u0131n zengin, g\u00fc\u00e7l\u00fc, itibar\u0131, istikbali olan bir T\u00fcrkiye\u2019de, huzur, karde\u015flik, dayan\u0131\u015fma ve payla\u015fma i\u00e7inde, bir ve beraber olacaklar\u0131n\u0131 vurgulayan Ba\u015fbakan Erdo\u011fan, AK Parti\u2019nin eserleriyle konu\u015ftu\u011funu s\u00f6yledi.<\/p>\n<p style=\"text-align: justify;\">CHP ve MHP\u2019nin konu\u015facak bir \u015feyleri olmad\u0131\u011f\u0131n\u0131 belirten Erdo\u011fan, AK Parti\u2019nin 8,5 y\u0131l \u00f6nce g\u00f6revi DSP-MHP-ANAP h\u00fck\u00fcmetinden devrald\u0131\u011f\u0131n\u0131 hat\u0131rlatarak, \u015funlar\u0131 kaydetti:<\/p>\n<p style=\"text-align: justify;\">&#8220;MHP \u015fimdi \u20192023 benim\u2019 diyor. Yahu millet sana 5 y\u0131l g\u00f6rev verdi. 5 y\u0131ll\u0131\u011f\u0131na gel h\u00fck\u00fcmeti idare et dedi. Bunlar ne yapt\u0131? 3,5 y\u0131lda b\u0131rak\u0131p ka\u00e7t\u0131lar. Niye? \u00c7\u00fcnk\u00fc onu idare edebilecek kapasiteye sahip de\u011fildi. \u015eimdi de 2023\u2019\u00fc konu\u015fuyor. Say\u0131n Bah\u00e7eli sen 3,5 y\u0131ll\u0131ks\u0131n&#8230;<\/p>\n<p style=\"text-align: justify;\">\u015eimdi duydum ki bug\u00fcn bir meydan okuma yapm\u0131\u015fs\u0131n. Meydan okumas\u0131nda da diyor ki&#8230; Taksim\u2019e be\u015f bin veya on bin gen\u00e7le gelecekmi\u015fsin. Eee? Bin bozkurtla Kas\u0131mpa\u015fa\u2019ya kadar kovalarm\u0131\u015f&#8230; Allah Allah&#8230; Say\u0131n Bah\u00e7eli sen bozkurtlarla m\u0131 dola\u015f\u0131yorsun? Bozkurtlar\u0131n sana hay\u0131rl\u0131 olsun. Ben bozkurtla dola\u015fm\u0131yorum. Ben e\u015fref-i mahluk olan insanlarla dola\u015f\u0131yorum. Ben demokratik m\u00fccadeleyi demokrasi alan\u0131nda veriyorum. Kalk\u0131p da illegal \u00f6rg\u00fctlerin gen\u00e7lerimizi aldatarak y\u00fcr\u00fctmesi kar\u015f\u0131s\u0131nda \u2019gerekirse biz de Taksim\u2019de, Galatasaray\u2019da be\u015f bin, on bin gen\u00e7 y\u00fcr\u00fct\u00fcr\u00fcz\u2019 diyorsak, bunun sebebi sadece bu illegal \u00f6rg\u00fctlere kar\u015f\u0131d\u0131r. Bunun sebebi bir kavga i\u00e7in de\u011fil, G\u00f6steri ve Y\u00fcr\u00fcy\u00fc\u015fler Kanunu\u2019na uygun olarak&#8230; Bizim gen\u00e7li\u011fimizin bug\u00fcne kadar illegal hi\u00e7bir eylemi olmam\u0131\u015ft\u0131r ama senin ge\u00e7mi\u015finde bunlar var. Bunu biliyoruz. Sizin a\u011fz\u0131n\u0131zdan \u00e7\u0131kanlara ben daha fazla cevap vermeyece\u011fim. \u00c7\u00fcnk\u00fc bu noktada sizi daha fazla muhatap alm\u0131yorum Say\u0131n Bah\u00e7eli. Bizim i\u015fimiz var. B\u00f6yle kovalamaca oynayacak bozkurtlar\u0131n varsa sen o bozkurtlarla o alanlarda yine ko\u015fturmaya, kovalamacaya devam et. Biz de okullar in\u015fa etmeye devam edece\u011fiz, fabrikalar in\u015fa etmeye devam edece\u011fiz.&#8221;<\/p>\n<p style=\"text-align: justify;\"><strong>HODR\u0130 MEYDAN<\/strong><\/p>\n<p style=\"text-align: justify;\">Erdo\u011fan konu\u015fmas\u0131nda ara ara Bah\u00e7eli\u2019nin s\u00f6zlerine yan\u0131t vermeye devam etti. Son g\u00fcnlerde bayat bir oyun ortaya \u00e7\u0131kt\u0131\u011f\u0131n\u0131 kaydeden Erdo\u011fan Milli Birlik ve Karde\u015flik Projesi\u2019nden MHP\u2019nin rahats\u0131z oldu\u011funu \u00f6ne s\u00fcrd\u00fc. Bah\u00e7eli\u2019ye &#8220;T\u00fcrk\u00fcn K\u00fcrt\u2019le karde\u015fli\u011finden niye rahats\u0131z oluyorsun? T\u00fcrk\u00fcn Arap\u2019la Laz\u2019la G\u00fcrc\u00fc\u2019yle karde\u015fli\u011finden niye rahats\u0131z oluyorsun&#8221; diye seslenen Erdo\u011fan &#8220;Ama bunun kitab\u0131nda karde\u015flik yok. Bu ba\u015fka \u015feyleri d\u00fc\u015f\u00fcn\u00fcyor. Onun i\u00e7in de i\u015fte \u015fimdi oradan Bozkurtlar\u0131 ile kovalayacakm\u0131\u015f hodri meydan, meydanday\u0131m. Meydana yeni \u00e7\u0131kmad\u0131m. Gen\u00e7lik y\u0131llar\u0131mdan beri siyaset meydan\u0131nday\u0131m. Her zaman bu meydanda siyasetimi en g\u00fczel \u015fekilde yapt\u0131m. Yapmaya devam ediyorum. T\u00fcm arkada\u015flar\u0131m\u0131zla beraber biz bu millete efendi olmaya de\u011fil hizmetkar olmaya geldik diyerek yolculu\u011fumuza devam ettik. Onun i\u00e7in bu \u015fekildeki afra tafra safralarla siyaset yap\u0131lmaz. Onun i\u00e7in ben MHP\u2019ye g\u00f6n\u00fcl veren akl\u0131 selim sahibi karde\u015flerime sesleniyorum. Kimin pe\u015fine oldu\u011funuza dikkat edin. Hayvan\u0131n bizim dinimizde yeri vard\u0131r kutsald\u0131r ama kalk\u0131p e\u015frefi mahluk olan insan\u0131 onunla tehdit etmek akl\u0131 selim sahibi insanlara yak\u0131\u015fmaz&#8221; dedi.<\/p>\n<p style=\"text-align: justify;\"><strong>&#8220;BUNLAR B\u0130Z\u0130 D\u00dcNYAYA REZ\u0130L ETT\u0130LER&#8221;<\/strong><\/p>\n<p style=\"text-align: justify;\">MHP\u2019nin iktidar orta\u011f\u0131 oldu\u011fu DSP-MHP-ANAP h\u00fck\u00fcmetinin IMF\u2019den 30 milyar dolar bor\u00e7 ald\u0131\u011f\u0131n\u0131 ve AK Parti h\u00fck\u00fcmetine 23,5 milyar dolar bor\u00e7 devretti\u011fini belirten Erdo\u011fan, bu borcu kendilerinin \u00f6dedi\u011fini ve \u015fu anda 5,2 milyar dolar IMF\u2019ye bor\u00e7 kald\u0131\u011f\u0131n\u0131 bildirdi. MHP\u2019nin milliyet\u00e7i olmad\u0131\u011f\u0131n\u0131 kaydeden Erdo\u011fan, milliyet\u00e7i olman\u0131n milleti sevmek ve millete hizmet demek oldu\u011funu dile getirdi. O d\u00f6nemde b\u00fcrokrat olan baz\u0131 ki\u015filerin \u015fu anda CHP\u2019de milletvekili oldu\u011funa de\u011finen Ba\u015fbakan Erdo\u011fan, &#8220;Bunlar bizi d\u00fcnyaya rezil ettiler&#8221; dedi.<\/p>\n<p style=\"text-align: justify;\">21 bankan\u0131n &#8220;hortumland\u0131\u011f\u0131n\u0131&#8221; s\u00f6yleyen Erdo\u011fan, d\u00fcnyadaki k\u00fcresel finans krizine ra\u011fmen \u015fu anda bir tek bankan\u0131n bile batmad\u0131\u011f\u0131n\u0131 ifade etti.<\/p>\n<p style=\"text-align: justify;\"><a href=\"http:\/\/www.radikal.com.tr\/Radikal.aspx?aType=RadikalDetayV3&amp;ArticleID=1047065&amp;Date=22.04.2011&amp;CategoryID=78\" target=\"_blank\">Kaynak : Radikal<\/a><\/p>\n","protected":false},"excerpt":{"rendered":"<p style=\"text-align: center;\">\n<p style=\"text-align: justify;\">Ba\u015fbakan Erdo\u011fan, se\u00e7im mitinglerineBayburt&#8217;tan ba\u015flad\u0131. Erdo\u011fan&#8217;\u0131n g\u00fcndeminde kendisine meydan okuyan MHP lideri Devlet Bah\u00e7eli vard\u0131: Hayvan\u0131n dinimizde yeri vard\u0131r kutsald\u0131r ama kalk\u0131p e\u015frefi mahluk olan insan\u0131 onunla tehdit etmek akl\u0131 selim sahibi insanlara yak\u0131\u015fmaz.<\/p>\n","protected":false},"author":1,"featured_media":0,"comment_status":"open","ping_status":"closed","sticky":false,"template":"","format":"standard","meta":{"footnotes":""},"categories":[105],"tags":[],"class_list":["post-30893","post","type-post","status-publish","format-standard","hentry","category-gundem","odd"],"_links":{"self":[{"href":"http:\/\/www.korhanyilmaz.com\/index.php?rest_route=\/wp\/v2\/posts\/30893","targetHints":{"allow":["GET"]}}],"collection":[{"href":"http:\/\/www.korhanyilmaz.com\/index.php?rest_route=\/wp\/v2\/posts"}],"about":[{"href":"http:\/\/www.korhanyilmaz.com\/index.php?rest_route=\/wp\/v2\/types\/post"}],"author":[{"embeddable":true,"href":"http:\/\/www.korhanyilmaz.com\/index.php?rest_route=\/wp\/v2\/users\/1"}],"replies":[{"embeddable":true,"href":"http:\/\/www.korhanyilmaz.com\/index.php?rest_route=%2Fwp%2Fv2%2Fcomments&post=30893"}],"version-history":[{"count":0,"href":"http:\/\/www.korhanyilmaz.com\/index.php?rest_route=\/wp\/v2\/posts\/30893\/revisions"}],"wp:attachment":[{"href":"http:\/\/www.korhanyilmaz.com\/index.php?rest_route=%2Fwp%2Fv2%2Fmedia&parent=30893"}],"wp:term":[{"taxonomy":"category","embeddable":true,"href":"http:\/\/www.korhanyilmaz.com\/index.php?rest_route=%2Fwp%2Fv2%2Fcategories&post=30893"},{"taxonomy":"post_tag","embeddable":true,"href":"http:\/\/www.korhanyilmaz.com\/index.php?rest_route=%2Fwp%2Fv2%2Ftags&post=30893"}],"curies":[{"name":"wp","href":"https:\/\/api.w.org\/{rel}","templated":true}]}}