{"id":30890,"date":"2011-04-22T16:25:02","date_gmt":"2011-04-22T13:25:02","guid":{"rendered":"http:\/\/www.korhanyilmaz.com\/?p=30890"},"modified":"2011-04-22T16:25:02","modified_gmt":"2011-04-22T13:25:02","slug":"4-kardesi-olume-anne-sevgisi-goturmus","status":"publish","type":"post","link":"http:\/\/www.korhanyilmaz.com\/?p=30890","title":{"rendered":"4 karde\u015fi \u00f6l\u00fcme anne sevgisi g\u00f6t\u00fcrm\u00fc\u015f!"},"content":{"rendered":"<p style=\"text-align: center;\"><a href=\"http:\/\/www.korhanyilmaz.com\/wp-content\/uploads\/2011\/04\/188.jpg\"  class=\"lightview\"><img loading=\"lazy\" decoding=\"async\" class=\"aligncenter size-full wp-image-30891\" src=\"http:\/\/www.korhanyilmaz.com\/wp-content\/uploads\/2011\/04\/188.jpg\" alt=\"\" width=\"384\" height=\"254\" \/><\/a><\/p>\n<p style=\"text-align: justify;\">Kahramanmara\u015f&#8217;ta ya\u015flar\u0131 22 ile 33 aras\u0131ndaki 2&#8217;si k\u0131z 4 karde\u015fin, babalar\u0131na ait ba\u011fevinin farkl\u0131 odalar\u0131nda iple tavana as\u0131l\u0131 cesetleri bulundu. 4 karde\u015fin birlikte intihar etmesinin ard\u0131ndan &#8216;Anneye hastal\u0131k derecesinde d\u00fc\u015fk\u00fcnl\u00fck&#8217; \u00e7\u0131kt\u0131.<!--more--><\/p>\n<p style=\"text-align: justify;\">KAHRAMANMARA\u015e &#8211; Sosyal \u00e7evreleri olmay\u0131p, avukat babalar\u0131 ile de ba\u011flar\u0131 kopuk olan, hayatta tek ba\u011flar\u0131 olarak anneleri Neyran Sa\u011focak&#8217;\u0131 g\u00f6ren 4 karde\u015fin, &#8220;O \u00f6l\u00fcrse biz de \u00f6l\u00fcr\u00fcz&#8221; d\u00fc\u015f\u00fcncesiyle hayatlar\u0131na son verdi\u011fi, annelerinin \u00f6l\u00fcm\u00fcnden sonra 2 kez daha toplu intihar giri\u015fiminde bulunduklar\u0131 ortaya \u00e7\u0131kt\u0131.<\/p>\n<p style=\"text-align: justify;\">T\u00fcrkiye&#8217;yi sarsan 4 karde\u015fin toplu intihar\u0131 d\u00fcn ak\u015fam Kahramanmara\u015f&#8217;\u0131n merkeze ba\u011fl\u0131 Dereli K\u00f6y\u00fc Al\u0131\u00e7sekisi mevkiindeki ba\u011fevinde meydana geldi. \u0130ddiaya g\u00f6re, bu hazin \u00f6yk\u00fc \u015f\u00f6yle ya\u015fand\u0131:Kentin tan\u0131nm\u0131\u015f simalar\u0131ndan Kahramanmara\u015f Barosu&#8217;na \u00fcye 64 ya\u015f\u0131ndaki Av. Necdet Sa\u011focak ile ikinci evlili\u011fini yapan 63 ya\u015f\u0131ndaki heykelt\u0131ra\u015f Neyran Sa\u011focak&#8217;\u0131n bu evlilikten 2&#8217;si k\u0131z 4 \u00e7ocuklar\u0131 oldu.<\/p>\n<p style=\"text-align: justify;\">Daha \u00f6nceki evlili\u011finden de 2 \u00e7ocu\u011fu bulunan Neyran Sa\u011focak ile e\u015fi Necdet Sa\u011focak, tarih, felsefe ve mitolojiye d\u00fc\u015fk\u00fcnl\u00fckleri nedeniyle \u00e7ocuklar\u0131na Raden, Beraris, Rulin ve Sajen adlar\u0131n\u0131 verdiler. Sosyal \u00e7evreden uzak b\u00fcy\u00fcyen ve hayatta tek ba\u011flar\u0131 anneleri olan 4 karde\u015ften Beraris ile Raden \u00fcniversite e\u011fitimi ald\u0131. Di\u011ferleri de \u00fcniversiteye haz\u0131rlan\u0131rken ge\u00e7ti\u011fimiz ocak ay\u0131nda ast\u0131ma ba\u011fl\u0131 nefes darl\u0131\u011f\u0131 rahats\u0131zl\u0131\u011f\u0131 nedeniyle fenala\u015fan anneleri Neyran Sa\u011focak, tedavi i\u00e7in \u0130stanbul&#8217;a g\u00f6t\u00fcr\u00fcld\u00fc. 5 ayr\u0131 hastanede kontrol edilen Neyran Sa\u011focak, tedavisi i\u00e7in \u0130stanbul&#8217;da kald\u0131, \u00e7ocuklar\u0131 da \u0130stanbul&#8217;a gidip annelerini yaln\u0131z b\u0131rakmad\u0131. Annelerinin durumunun a\u011f\u0131r olmas\u0131ndan etkilenen 31 ya\u015f\u0131ndaki Raden, 26 ya\u015f\u0131ndaki Beraris ile k\u0131z karde\u015fleri 30 ya\u015f\u0131ndaki Rulin ve 27 ya\u015f\u0131ndaki Sajen Sa\u011focak, ileti\u015fimleri zay\u0131f oldu\u011fu babalar\u0131na &#8220;Annemiz \u00f6l\u00fcrse biz de \u00f6l\u00fcr\u00fcz&#8221; dedi. Hastal\u0131k derecesinde d\u00fc\u015fk\u00fcn olduklar\u0131 annelerinin rahats\u0131zl\u0131\u011f\u0131n\u0131n artmas\u0131 \u00fczerine psikolojileri bozulan 4 karde\u015f, 15 Nisan&#8217;da annelerinin \u00f6l\u00fcm\u00fcyle y\u0131k\u0131ld\u0131. Neyran Sa\u011focak&#8217;\u0131n ailesinin \u0130stanbul&#8217;da ya\u015famas\u0131 nedeniyle cenazesi de Karacaahmet Mezarl\u0131\u011f\u0131&#8217;nda topra\u011fa verildi.<\/p>\n<p style=\"text-align: justify;\"><strong>\u0130LK \u0130NT\u0130HAR G\u0130R\u0130\u015e\u0130M\u0130 \u0130STANBUL&#8217;DA<\/strong><\/p>\n<p style=\"text-align: justify;\">Hayattaki tek varl\u0131klar\u0131n\u0131 kaybeden 4 karde\u015f, annelerini topra\u011fa verdikten sonra ayn\u0131 g\u00fcn, \u0130stanbul&#8217;da konaklad\u0131klar\u0131 otel odas\u0131nda alkolle birlikte \u00e7ok say\u0131da uyku ilac\u0131 i\u00e7ti. Yakla\u015f\u0131k 10 saat sonra uyanan 4 karde\u015f, gittikleri ormanl\u0131k alanda da intihar etmek isteyince annelerinin ilk e\u015finden olan \u00fcvey ablalar\u0131 Berja taraf\u0131ndan ikna edildi. Geli\u015fmelerden haberdar edilen baba Necdet Sa\u011focak, tan\u0131d\u0131k bir psikolog ile g\u00f6r\u00fc\u015ferek ne yapmas\u0131 gerekti\u011fini sordu. Psikolog tavsiyesi ile sakinle\u015ftirici ila\u00e7 al\u0131p, \u00e7ocuklar\u0131n\u0131n i\u00e7ti\u011fi kolal\u0131 i\u00e7eceklere att\u0131. \u0130la\u00e7lar\u0131n etkisiyle s\u0131k s\u0131k uyuyan \u00e7ocuklar, birka\u00e7 g\u00fcn sonra bu durumu fark edince babalar\u0131n\u0131n verdi\u011fi i\u00e7ecekleri i\u00e7memeye ba\u015flad\u0131. Cenaze i\u015flemleri tamamland\u0131ktan sonra 4 karde\u015f, babalar\u0131 ile birlikte Kahramanmara\u015f&#8217;a d\u00f6nd\u00fc, ancak, \u00e7ocuklar\u0131n &#8220;Bu evde annemizin hat\u0131ras\u0131 var burada kalamay\u0131z&#8221; s\u00f6z\u00fc \u00fczerine aile, giri\u015finde aslan heykeli olan ba\u011f evine yerle\u015fti. Baba Necdet Sa\u011focak, \u00e7ocuklar\u0131n\u0131n intihar e\u011filimi nedeniyle evdeki ruhsatl\u0131 tabancay\u0131 gizleyip, intihar edebilecekleri malzemeleri de ortadan kald\u0131rd\u0131. Baba Sa\u011focak, i\u015fte oldu\u011fu s\u0131rada s\u0131k s\u0131k ba\u011f evinin bek\u00e7isi Hayri Tepeba\u015f\u0131l\u0131&#8217;dan \u00e7ocuklar\u0131n\u0131 takip ettirip durumlar\u0131n\u0131 sordu, olay g\u00fcn\u00fc de \u00e7ocuklar\u0131ndan birinin cep telefonuna &#8220;\u0130ntihar ederseniz i\u015fte o zaman anneniz \u00f6l\u00fcr&#8221; diye mesaj att\u0131.<\/p>\n<p style=\"text-align: justify;\"><strong>O G\u00dcN\u00dcN SON MEJAJI<\/strong><\/p>\n<p style=\"text-align: justify;\">Bu mesaja \u00f6fkelendi\u011fi anla\u015f\u0131lan 4 karde\u015fin 3&#8217;\u00fc cep telefonlar\u0131n\u0131 k\u0131r\u0131p, att\u0131. D\u00fcn ak\u015fam \u00fczeri ba\u011fevinde yemek yiyen 4 karde\u015f, ba\u011f evine birlikte geldikleri Beraris&#8217;e ait 34 BER 49 plakal\u0131 otomobilin kap\u0131lar\u0131n\u0131 a\u00e7\u0131p y\u00fcksek sesle m\u00fczik dinlemeye ba\u015flad\u0131, ard\u0131ndan 4 karde\u015ften k\u0131z olan Sajen, evin arka taraf\u0131nda bulunan kul\u00fcbede, erkek olan Beraris, evin giri\u015f b\u00f6l\u00fcm\u00fcndeki holde, \u0130stanbul Beykoz&#8217;da k\u0131sa d\u00f6nem askerlik yap\u0131p, annesinin \u00f6l\u00fcm\u00fc nedeniyle izin alan Raden evin sa\u011f taraf\u0131nda bulunan k\u00fc\u00e7\u00fck kul\u00fcbede ve k\u0131z olan Rulin de evin giri\u015finde iple kendini ast\u0131. Bu arada baba Necdet Sa\u011focak, g\u00f6revli Hayri Tepeba\u015f\u0131l\u0131&#8217;y\u0131 arayarak \u00e7ocuklar\u0131 kontrol etmesini istedi.<\/p>\n<p style=\"text-align: justify;\">Eve gelen Tepeba\u015f\u0131l\u0131, giri\u015fte ilk cesedi ard\u0131ndan da di\u011ferlerini g\u00f6r\u00fcnce \u015foka girdi ve durumu \u00f6nce jandarmaya, sonra babaya bildirdi. Olay yerine gelen jandarma ve polis ekiplerinin yapt\u0131\u011f\u0131 incelemenin ard\u0131ndan 4 karde\u015fin cesetleri Kahramanmara\u015f Devlet Hastanesi morguna konuldu. Evde yap\u0131lan incelemede karde\u015flerin evin \u00f6n k\u0131sm\u0131ndaki terasta oturduklar\u0131, alkols\u00fcz i\u00e7ecek i\u00e7ip \u00e7erez yedikleri ve \u00e7ok \u00e7ok miktarda sigara i\u00e7tikleri dikkat \u00e7ekti. Terasta ayr\u0131ca yere d\u00fc\u015fen sigara paketleri ile k\u0131r\u0131k soda \u015fi\u015feleri g\u00f6r\u00fcld\u00fc. Evin i\u00e7inin da da\u011f\u0131n\u0131k oldu\u011fu da g\u00f6zden ka\u00e7mad\u0131. Ba\u011f evinin \u00f6n\u00fcnde park edilmi\u015f, Beraris&#8217;e ait otomobilin i\u00e7inde de yiyecek i\u00e7ecek art\u0131klar\u0131 bulundu\u011fu g\u00f6r\u00fcld\u00fc.<\/p>\n<p style=\"text-align: justify;\"><strong>YAN YANA DEFNED\u0130LD\u0130LER<\/strong><\/p>\n<p style=\"text-align: justify;\">Yap\u0131lan otopsinin ard\u0131ndan 4 karde\u015fin cenazeleri yak\u0131nlar\u0131na teslim edildi. Ulucami&#8217;de k\u0131l\u0131nan cenaze namaz\u0131n\u0131n ard\u0131ndan \u015eeyh Adil Mezarl\u0131\u011f\u0131&#8217;na g\u00f6t\u00fcr\u00fclen cenazeler, yan yana a\u00e7\u0131lan mezarlarda topra\u011fa verildi. Baba Necdet Sa\u011focak&#8217;\u0131n kat\u0131lmad\u0131\u011f\u0131 cenaze t\u00f6reninde, asker olan Raden Sa\u011focak&#8217;\u0131n cenazesini askerler ta\u015f\u0131d\u0131.<\/p>\n<p style=\"text-align: justify;\"><strong>BABA: ANNELER\u0130NE \u00c7OK D\u00dc\u015eK\u00dcND\u00dcLER<\/strong><\/p>\n<p style=\"text-align: justify;\">Ya\u015fanabilecek en b\u00fcy\u00fck ac\u0131y\u0131 ya\u015famakta olan 4 \u00e7ocu\u011funun \u00f6l\u00fcm\u00fcyle \u015fok hali s\u00fcren baba Necdet Sa\u011focak, fenala\u015f\u0131nca d\u00fcn gece \u00f6zel bir hastaneye g\u00f6t\u00fcr\u00fcld\u00fc. Burada sakinle\u015ftirici i\u011fne yap\u0131lan baba tekrar evine d\u00f6nd\u00fc ve bug\u00fcn sabah taziyeleri kabul etmeye ba\u015flad\u0131. B\u00fcy\u00fck \u015fok ya\u015fayan baba Sa\u011focak, DHA&#8217;ya konu\u015furken, Sa\u011fl\u0131k durumunun iyi olmad\u0131\u011f\u0131n\u0131, uzun konu\u015famayaca\u011f\u0131n\u0131, ya\u015famlar\u0131na son veren 4 \u00e7ocu\u011funun anneleri Neyran&#8217;a a\u015f\u0131r\u0131 bir ilgi ve ba\u011fl\u0131l\u0131klar\u0131n\u0131n bulundu\u011funu ve bu nedenle ya\u015famlar\u0131na son verdiklerini tahmin etti\u011fini s\u00f6yledi. E\u015fi Neyran&#8217;\u0131n yak\u0131nlar\u0131n\u0131 ziyaret i\u00e7in gitti\u011fi \u0130stanbul&#8217;da rahats\u0131zlanmas\u0131 \u00fczerine tedavi alt\u0131na al\u0131nd\u0131\u011f\u0131n\u0131 belirten Sa\u011focak, &#8220;E\u015fim orada vefat etti. Kendisi oral\u0131 oldu\u011fu i\u00e7in \u0130stanbul&#8217;da defnettik. \u00c7ocuklar\u0131n annelerine kar\u015f\u0131 a\u015f\u0131r\u0131 bir ilgi ve ba\u011fl\u0131l\u0131klar\u0131 vard\u0131. Vefat edince \u00e7ok etkilendiler&#8221; dedi. E\u015finin hastal\u0131\u011f\u0131ndan itibaren \u00e7ocuklar\u0131n\u0131n da ya\u015famlar\u0131na son verebilecekleri \u015feklinde kendisinde bir intiba olu\u015ftu\u011funu ve bu nedenle kendileri ile daha yak\u0131ndan ilgilendi\u011fini anlatan Sa\u011focak \u015funlar\u0131 kaydetti:<\/p>\n<p style=\"text-align: justify;\">&#8220;E\u015fim 15 Nisan&#8217;da vefat etti. Bizde cenazeyi defnettikten sonra otomobil ile Kahramanmara\u015f&#8217;a d\u00f6nd\u00fck. \u00c7ocuklar beni eve b\u0131rakt\u0131ktan sonra yeniden \u0130stanbul&#8217;da gittiler. Sonradan geri geldiler. Daha sonradan \u00f6\u011frendi\u011fime g\u00f6re, \u0130stanbul&#8217;da iken bir kez konyak i\u00e7erisine uyku ilac\u0131 alarak uyumu\u015flar, ama bir \u015fey olmam\u0131\u015f. Daha sonra da bir ormanl\u0131k alana giderek orada intihar etmek istemi\u015fler. \u00dcvey k\u0131z karde\u015fleri Berja kendilerine engel olmu\u015f. Bunun \u00fczerine de Kahramanmara\u015f&#8217;ta intihar etmeye karar vermi\u015fler.<\/p>\n<p style=\"text-align: justify;\">Buraya geldiklerinde evde anneleri ile an\u0131lar\u0131 olduklar\u0131n\u0131 ve bu nedenle de olay\u0131n meydana geldi\u011fi ba\u011f evinde kalmay\u0131 d\u00fc\u015f\u00fcnd\u00fcklerini s\u00f6ylediler. Ben de intihar fikrinden vazge\u00e7erler iyi olur d\u00fc\u015f\u00fcncesi ile buna olumlu bakt\u0131m. Orada bir \u00e7al\u0131\u015fan\u0131m\u0131z da vard\u0131. Ben de g\u00fcnl\u00fck olarak gidip geliyordum. \u0130ntihar fikrinde kararl\u0131 hale gelirler d\u00fc\u015f\u00fcncesi ile \u00fcstlerine fazla gitmedim ve bu i\u015fe polis filan kar\u0131\u015ft\u0131rmak istemedim. Hayli iyilerdi ve d\u00fczelmeye ba\u015flam\u0131\u015flard\u0131. Karde\u015flerin \u00fczerinde Beraris&#8217;in b\u00fcy\u00fck etkisi vard\u0131. Cep telefonlar\u0131n\u0131 k\u0131rd\u0131klar\u0131 i\u00e7in sadece bir telefonlar\u0131 vard\u0131. Onlara, &#8216;E\u011fer intihar ederek ya\u015fam\u0131n\u0131za son verirseniz anneniz as\u0131l o zaman \u00f6l\u00fcr&#8217; \u015feklinde mesaj atm\u0131\u015ft\u0131m. Ama intihar ederek ya\u015famlar\u0131na son vermeleri beni hayli y\u0131kt\u0131. \u00c7ocuklar\u0131m\u0131n intihar etmesinde Beraris&#8217;in etkisi oldu\u011funu d\u00fc\u015f\u00fcn\u00fcyorum. \u00c7\u00fcnk\u00fc onun hepsi \u00fczerinde ikna edici g\u00fcc\u00fc vard\u0131. Tek pi\u015fmanl\u0131\u011f\u0131m olaya polisi kar\u0131\u015ft\u0131rmamam. Polis olay\u0131n i\u00e7ine girerse intihar kararlar\u0131n\u0131 peki\u015ftirir diye d\u00fc\u015f\u00fcnd\u00fcm. Elimizden geleni yapt\u0131k. Ama bu uzun s\u00fcreli bir \u015fey. Benimle ileti\u015fimleri zay\u0131ft\u0131. Hep annelerine y\u00f6neldiler, ben kendime \u00e7ekmeye \u00e7al\u0131\u015ft\u0131msa da bunu hi\u00e7 ba\u015faramad\u0131m. Benimle zaman zaman sadece Beraris ve Saje konu\u015furdu.&#8221;<\/p>\n<p style=\"text-align: justify;\"><strong>KOM\u015eULARI: K\u0130MSEYLE G\u00d6R\u00dc\u015eMEZLERD\u0130<\/strong><\/p>\n<p style=\"text-align: justify;\">Bu arada ailenin kap\u0131 kom\u015fular\u0131 olay\u0131n \u015foku ile sars\u0131ld\u0131klar\u0131n\u0131 belirtirken, ad\u0131n\u0131 vermeyen bir kad\u0131n kom\u015fusu, \u00e7ocuklar\u0131n d\u00fcnya ile ili\u015fkisinin olmad\u0131\u011f\u0131n\u0131 s\u00f6yledi. Neyran Sa\u011focak&#8217;\u0131n sadece kendisi ile g\u00f6r\u00fc\u015ft\u00fc\u011f\u00fcn\u00fc belirten kom\u015fu, &#8220;Neyran han\u0131m tam bir \u0130stanbul han\u0131mefendisiydi. \u00c7ocuklar\u0131 ona kar\u015f\u0131 a\u015f\u0131r\u0131 ba\u011fl\u0131 ve sayg\u0131l\u0131yd\u0131. Hi\u00e7 bir zaman annelerine &#8216;Sen&#8217; diye hitap etmemi\u015ftir. &#8216;siz&#8217; diye hitap ederlerdi. \u00c7ocuklar\u0131n d\u00fcnyada ileti\u015fim kurdu\u011fu tek insan anneleriydi. \u015eunu s\u00f6yleyebilirim onlar\u0131n hayata tek ba\u011flar\u0131 anneleriydi. Annelerini kaybetmek onlara zor geldi. \u00c7\u00fcnk\u00fc hayattaki tek ba\u011flar\u0131n\u0131 kaybettiler. BU olayda ba\u015fka bir sosyal, ideoloji veya tarikat gibi bir ba\u011f yok ve aranmamal\u0131. Tek neden \u00e7ocuklar\u0131n annelerine hastal\u0131k derecesinde d\u00fc\u015fk\u00fcnl\u00fckleridir. Babalar\u0131 da sosyal bir insan olmad\u0131\u011f\u0131 i\u00e7in \u00e7ocuklar onla da ileti\u015fim kurmazlad\u0131r. \u00c7ocuklar\u0131 hemen hemen hi\u00e7 g\u00f6rmezdik&#8221; dedi.<\/p>\n<p style=\"text-align: justify;\">Av. Necdet Sa\u011focak&#8217;\u0131n birlikte \u00e7al\u0131\u015ft\u0131\u011f\u0131 meslekta\u015f\u0131 Emine A\u011fao\u011flu da, \u00e7ocuklar\u0131n annelerine \u00e7ok d\u00fc\u015fk\u00fcn oldu\u011funu belirterek, &#8220;Bunlar e\u011fitimli \u00e7ocuklar, ailelerine ve \u00f6zellikle annelerine \u00e7ok d\u00fc\u015fk\u00fcnd\u00fcler. Anneleri \u00f6ld\u00fckten sonra da psikolojileri bozuldu. Biri bir karar verdi\u011fi zaman di\u011feri buna uyar. \u00c7ok \u00fczg\u00fcn\u00fcz, intiharlarda ba\u015fka bir neden aramaya gerek yok. \u00c7ocuklar\u0131n annelerine a\u015f\u0131r\u0131 d\u00fc\u015fk\u00fcnl\u00fc\u011f\u00fcnden ba\u015fka bir sorun yok&#8221; diye konu\u015ftu.<\/p>\n<p style=\"text-align: justify;\"><strong>ANNEN\u0130N \u0130K\u0130NC\u0130 EVL\u0130L\u0130\u011e\u0130<\/strong><\/p>\n<p style=\"text-align: justify;\">\u0130stanbul&#8217;da b\u00fcy\u00fcyen ancak Osmaniye&#8217;nin Bah\u00e7e \u0130l\u00e7esi n\u00fcfusuna kay\u0131tl\u0131 olan anne Neyran Sa\u011focak, \u0130stanbul K\u0131z Lisesi Resim B\u00f6l\u00fcm\u00fc mezunu. \u0130lk evlili\u011fini 1971&#8217;de Kahramanmara\u015f&#8217;\u0131n T\u00fcrko\u011flu il\u00e7esi n\u00fcfusuna kay\u0131tl\u0131 H\u00fcseyin Derin ile yapt\u0131. 1974&#8217;e kadar devam eden bu evlilikten \u00e7iftin 9 A\u011fustos 1971&#8217;de Seylan ad\u0131n\u0131 verdikleri bir k\u0131z \u00e7ocu\u011fu oldu. 3 A\u011fustos 1973&#8217;te d\u00fcnyaya gelen di\u011fer k\u0131z\u0131na da Berja ad\u0131n\u0131 veren Neyran Sa\u011focak, 1974&#8217;te bo\u015fand\u0131, 1978&#8217;de Necdet Sa\u011focak ile evlendi. Ad\u0131 &#8216;akan nehir&#8217; anlam\u0131na gelen Neyran Sa\u011focak, g\u00f6rsel sanatlar ve resim \u00fczerine e\u011fitim alm\u0131\u015f. Heykelt\u0131ra\u015fl\u0131\u011f\u0131n\u0131 hobi olarak yap\u0131yor. Ailesi \u0130stanbul&#8217;da M\u00fcft\u00fco\u011fullar\u0131 olarak biliniyor ve annesi Fatma Mevhibe Fettaho\u011flu da sayg\u0131n bir ki\u015filik olarak tan\u0131n\u0131yordu. Fatma Mevhibe Fettaho\u011flu ise 1981 y\u0131l\u0131nda \u00f6ld\u00fc. Neyran Sa\u011focak&#8217;\u0131n ilk e\u015finden olan k\u0131zlar\u0131n da evli oldu\u011fu ve \u015fu anda Kahramanmara\u015f&#8217;ta Necdet Sa\u011focak&#8217;\u0131n yan\u0131nda bulundu\u011fu \u00f6\u011frenildi.<\/p>\n<p style=\"text-align: justify;\"><strong>ADLARININ ANLAMI NE?<\/strong><\/p>\n<p style=\"text-align: justify;\">\u00d6zellikle ticari ve Sulh hukuk davalar\u0131na bakan ve y\u00fcksek \u00fccret alan ve dini inanc\u0131 zay\u0131f oldu\u011fu ileri s\u00fcr\u00fclen Necdet Sa\u011focak, \u00e7ocuklar\u0131na adlar\u0131n\u0131 eski \u00f6z T\u00fcrk\u00e7e&#8217;den yararlanarak verdiklerini s\u00f6yledi. \u00c7ocuklar\u0131n\u0131n n\u00fcfus kay\u0131tlar\u0131n\u0131 yapt\u0131r\u0131rken, adlar\u0131 konusunda memur ile uzun s\u00fcre tart\u0131\u015ft\u0131\u011f\u0131n\u0131 belirten Sa\u011focak, &#8220;Siz kaydedin isimler T\u00fcrk\u00e7e de\u011fil ise Cumhuriyet Savc\u0131s\u0131 dava a\u00e7s\u0131n&#8221; diyerek i\u015flem yapt\u0131rd\u0131\u011f\u0131n\u0131 anlatt\u0131. Sa\u011focak, \u00e7ocuklar\u0131n adlar\u0131n\u0131n \u00f6zel anlamlar ta\u015f\u0131d\u0131\u011f\u0131n\u0131 belirterek, anlamlar\u0131 ve e\u011fitim durumlar\u0131 hakk\u0131nda \u015fu bilgileri verdi:<\/p>\n<p style=\"text-align: justify;\"><strong>Beraris Sa\u011focam<\/strong>: Temiz kalp anlam\u0131n\u0131 ta\u015f\u0131yor. K\u0131br\u0131s Yak\u0131n Do\u011fu \u00dcniversitesi&#8217;nde bilgisayar ve elektronik e\u011fitimi g\u00f6rd\u00fc. \u00c7ok iyi bilgisayar kullan\u0131yor.<\/p>\n<p style=\"text-align: justify;\"><strong>Raden Sa\u011focak<\/strong> : Eski M\u0131s\u0131r&#8217;da Adalet Tanr\u0131s\u0131&#8217;n\u0131n ad\u0131. \u0130ktisat e\u011fitimi ald\u0131. \u0130stanbul Beykoz&#8217;da askerlik g\u00f6revini yap\u0131yordu ve terhis olmas\u0131na iki ay\u0131 kalm\u0131\u015ft\u0131.<\/p>\n<p style=\"text-align: justify;\"><strong>Rulin Sa\u011focak<\/strong> : De\u011fi\u015fim anlam\u0131n\u0131 ta\u015f\u0131yor. Resim e\u011fitimi i\u00e7in son YGS&#8217;ye girdi.<\/p>\n<p style=\"text-align: justify;\"><strong>Sajen Sa\u011focak<\/strong>: Sa&#8217;s\u0131 Sa\u011focak soyad\u0131ndan geliyor. Jen ise &#8216;gen&#8217; anlam\u0131nda oldu\u011fu i\u00e7in Sa\u011focak ailesinin neslini devam ettirecek anlam\u0131nda. Bolu \u00dcniversitesi Kayna\u015fl\u0131 Meslek Y\u00fcksek Okulu&#8217;nda bina tasar\u0131m\u0131 b\u00f6l\u00fcm\u00fc \u00f6\u011frencisi.<\/p>\n<p style=\"text-align: justify;\"><strong>4 KIZ KARDE\u015e TOPLU HALDE \u0130NT\u0130HAR ETM\u0130\u015eT\u0130<\/strong><\/p>\n<p style=\"text-align: justify;\">Kahramanmara\u015f&#8217;ta daha \u00f6nce de buna benzer bir toplu intihar olay\u0131 ya\u015fanm\u0131\u015ft\u0131. 3 Ekim 2009&#8217;da Binevler Semti&#8217;nde oturan 16 ya\u015flar\u0131ndaki ikizler Ay\u015fe ve Asiye ile ablas\u0131 23 ya\u015f\u0131ndaki Hamide ve 12 ya\u015f\u0131ndaki Emine Karaa\u011fa\u00e7, Kayseri Yolu \u00fczerindeki K\u0131lavuzlu Baraj G\u00f6l\u00fc&#8217;nde intihar etmi\u015fti. S\u0131r perdesi aralanamayan olayda, g\u00f6rg\u00fc tan\u0131\u011f\u0131n\u0131n bulunmamas\u0131 ve geride herhangi bir not b\u0131rak\u0131lmamas\u0131 4 karde\u015fin intihar etti\u011fi g\u00f6r\u00fc\u015f\u00fcn\u00fc g\u00fc\u00e7lendirmi\u015fti. Cesetlerin yan\u0131nda \u00e7antalar\u0131 bulunan, hepsi de siyah k\u0131yafetli olan 4 karde\u015ften birini suya d\u00fc\u015ft\u00fc\u011f\u00fc di\u011ferlerinin de onu kurtarmak i\u00e7in suya girmeleri nedeniyle bo\u011fulmu\u015f olabilece\u011fi de savunulmu\u015ftu.<\/p>\n<p style=\"text-align: justify;\"><a href=\"http:\/\/www.radikal.com.tr\/Radikal.aspx?aType=RadikalDetayV3&amp;ArticleID=1047072&amp;Date=22.04.2011&amp;CategoryID=77\" target=\"_blank\">Kaynak ; Radikal<\/a><\/p>\n","protected":false},"excerpt":{"rendered":"<p style=\"text-align: center;\">\n<p style=\"text-align: justify;\">Kahramanmara\u015f&#8217;ta ya\u015flar\u0131 22 ile 33 aras\u0131ndaki 2&#8217;si k\u0131z 4 karde\u015fin, babalar\u0131na ait ba\u011fevinin farkl\u0131 odalar\u0131nda iple tavana as\u0131l\u0131 cesetleri bulundu. 4 karde\u015fin birlikte intihar etmesinin ard\u0131ndan &#8216;Anneye hastal\u0131k derecesinde d\u00fc\u015fk\u00fcnl\u00fck&#8217; \u00e7\u0131kt\u0131.<\/p>\n","protected":false},"author":1,"featured_media":0,"comment_status":"open","ping_status":"closed","sticky":false,"template":"","format":"standard","meta":{"footnotes":""},"categories":[105],"tags":[],"class_list":["post-30890","post","type-post","status-publish","format-standard","hentry","category-gundem","odd"],"_links":{"self":[{"href":"http:\/\/www.korhanyilmaz.com\/index.php?rest_route=\/wp\/v2\/posts\/30890","targetHints":{"allow":["GET"]}}],"collection":[{"href":"http:\/\/www.korhanyilmaz.com\/index.php?rest_route=\/wp\/v2\/posts"}],"about":[{"href":"http:\/\/www.korhanyilmaz.com\/index.php?rest_route=\/wp\/v2\/types\/post"}],"author":[{"embeddable":true,"href":"http:\/\/www.korhanyilmaz.com\/index.php?rest_route=\/wp\/v2\/users\/1"}],"replies":[{"embeddable":true,"href":"http:\/\/www.korhanyilmaz.com\/index.php?rest_route=%2Fwp%2Fv2%2Fcomments&post=30890"}],"version-history":[{"count":0,"href":"http:\/\/www.korhanyilmaz.com\/index.php?rest_route=\/wp\/v2\/posts\/30890\/revisions"}],"wp:attachment":[{"href":"http:\/\/www.korhanyilmaz.com\/index.php?rest_route=%2Fwp%2Fv2%2Fmedia&parent=30890"}],"wp:term":[{"taxonomy":"category","embeddable":true,"href":"http:\/\/www.korhanyilmaz.com\/index.php?rest_route=%2Fwp%2Fv2%2Fcategories&post=30890"},{"taxonomy":"post_tag","embeddable":true,"href":"http:\/\/www.korhanyilmaz.com\/index.php?rest_route=%2Fwp%2Fv2%2Ftags&post=30890"}],"curies":[{"name":"wp","href":"https:\/\/api.w.org\/{rel}","templated":true}]}}