{"id":30879,"date":"2011-04-22T09:02:32","date_gmt":"2011-04-22T06:02:32","guid":{"rendered":"http:\/\/www.korhanyilmaz.com\/?p=30879"},"modified":"2011-04-22T09:02:32","modified_gmt":"2011-04-22T06:02:32","slug":"ysk-vetosunda-geri-adim","status":"publish","type":"post","link":"http:\/\/www.korhanyilmaz.com\/?p=30879","title":{"rendered":"YSK vetosunda geri ad\u0131m"},"content":{"rendered":"<p style=\"text-align: justify;\"><a href=\"http:\/\/www.korhanyilmaz.com\/wp-content\/uploads\/2011\/04\/185.jpg\"  class=\"lightview\"><img loading=\"lazy\" decoding=\"async\" class=\"aligncenter size-full wp-image-30880\" src=\"http:\/\/www.korhanyilmaz.com\/wp-content\/uploads\/2011\/04\/185.jpg\" alt=\"\" width=\"307\" height=\"236\" \/><\/a><\/p>\n<p style=\"text-align: justify;\">Y\u00fcksek Se\u00e7im Kurulu (YSK), ba\u011f\u0131ms\u0131z milletvekili adayl\u0131\u011f\u0131 iptal edilen 7 milletvekili aday\u0131n\u0131n adayl\u0131\u011f\u0131n\u0131 kabul etti. \u0130sa G\u00fcrb\u00fcz d\u0131\u015f\u0131ndaki isimler yeniden aday. YSK Ba\u015fkan\u0131 Ali Em, karar\u0131n oybirli\u011fiyle al\u0131nd\u0131\u011f\u0131n\u0131 s\u00f6yledi.<!--more--><\/p>\n<p style=\"text-align: justify;\">Y\u00fcksek Se\u00e7im Kurulu (YSK), Harun \u00d6zcan, Mehmet Hatip Dicle, Leyla Zana, Mehmet Salih Y\u0131ld\u0131z, Ertu\u011frul K\u00fcrk\u00e7\u00fc, G\u00fclten K\u0131\u015fanak ve Sebahat Tuncel&#8217;in milletvekili aday\u0131 olmaya engel durumlar\u0131n\u0131n bulunmad\u0131\u011f\u0131na karar verdi.<\/p>\n<p style=\"text-align: justify;\">Kurul, bug\u00fcn yapt\u0131\u011f\u0131 toplant\u0131da ba\u011f\u0131m\u0131s\u0131z millekvekili adayl\u0131klar\u0131 iptal edilenlerin yapt\u0131klar\u0131 ba\u015fvurular\u0131 de\u011ferlendirdi.<\/p>\n<p style=\"text-align: justify;\">YSK ad\u0131na yap\u0131lan d\u00f6rt sayfal\u0131k a\u00e7\u0131klamada, bu ki\u015filerin itiraz s\u00fcresi i\u00e7inde verdikleri yeni yarg\u0131 kararlar\u0131n\u0131n yeniden incelemesinin yap\u0131ld\u0131\u011f\u0131, bu belgeler \u0131\u015f\u0131\u011f\u0131nda Harun \u00d6zcan, Mehmet Hatip Dicle, Leyla Zana, Mehmet Salih Y\u0131ld\u0131z, Ertu\u011frul K\u00fcrk\u00e7\u00fc, G\u00fcltan K\u0131\u015fanak ve Sebahat Tuncel&#8217;in milletkvekili aday\u0131 olmalar\u0131nda engel durumlar\u0131n\u0131n bulunmad\u0131\u011f\u0131na karar verildi\u011fini bildirdi.<\/p>\n<p style=\"text-align: justify;\">A\u00e7\u0131klamada, \u0130sa G\u00fcrb\u00fcz, \u00c7i\u00e7ek Otlu ve \u015eerafettin Efe&#8217;nin itirazlar\u0131n\u0131n reddine, Abdullah K\u0131z\u0131lay ve Nezir Sincar&#8217;\u0131n ise dosyalar\u0131n\u0131n incelemelerin devam etti\u011fi kaydedildi.<\/p>\n<p style=\"text-align: justify;\"><strong>Ali Em: &#8220;Karar oybirli\u011fiyle al\u0131nd\u0131&#8221;<\/strong><\/p>\n<p style=\"text-align: justify;\">YSK Ba\u015fkan\u0131 Ali Em, &#8220;Karar oybirli\u011fiyle al\u0131nd\u0131, \u00f6nemli olan sonu\u00e7ta haklar\u0131n ortaya konulmas\u0131, biz onu ar\u0131yoruz&#8221; dedi.<\/p>\n<p style=\"text-align: justify;\">Em, YSK&#8217;dan ayr\u0131l\u0131rken ba\u011f\u0131ms\u0131z milletvekili adaylar\u0131na ili\u015fkin karar\u0131 de\u011ferlendirdi.<\/p>\n<p style=\"text-align: justify;\">\u0130ptallerle ilgili karar\u0131n gelen yarg\u0131 kararlar\u0131 \u00e7er\u00e7evesinde yeniden de\u011ferlendirildi\u011fini, baz\u0131 siyasi partilerle ile bir k\u0131s\u0131m ba\u011f\u0131ms\u0131z milletvekili adaylar\u0131n\u0131n itirazlar\u0131n\u0131n bug\u00fcnk\u00fc toplant\u0131da g\u00f6r\u00fc\u015f\u00fcld\u00fc\u011f\u00fcn\u00fc toplant\u0131lar\u0131n de\u011ferlendirmelerin yar\u0131n da devam edece\u011fini s\u00f6yledi.<\/p>\n<p style=\"text-align: justify;\">Karar\u0131n yarg\u0131 kararlar\u0131n\u0131n de\u011ferlendirilmesiyle oybirli\u011fiyle al\u0131nd\u0131\u011f\u0131n\u0131 vurgulayan Em, &#8220;Kararlar hukuki belgelere dayand\u0131r\u0131lm\u0131\u015ft\u0131r. Do\u011fru olan neyse o sonuca ula\u015f\u0131yoruz&#8221; dedi.<\/p>\n<p style=\"text-align: justify;\">Em, mennu haklar\u0131n iadesine ili\u015fkin de\u011fi\u015fik yorumlar yap\u0131ld\u0131\u011f\u0131n\u0131 bunun da kanunlar\u0131n s\u0131k s\u0131k de\u011fi\u015ftirilmesinden kaynakland\u0131\u011f\u0131n\u0131 ifade ederek, &#8220;Karar oybirli\u011fiyle al\u0131nd\u0131, \u00f6nemli olan sonu\u00e7ta haklar\u0131n ortaya konulmas\u0131, biz onu ar\u0131yoruz&#8221; dedi.<\/p>\n<p style=\"text-align: justify;\">Siyasi parti adaylar\u0131n\u0131n eksikliklerini parti te\u015fkilatlar\u0131na, ba\u011f\u0131ms\u0131z adaylarla ilgili olan eksikliklerin ise il se\u00e7im kurullar\u0131 arac\u0131l\u0131\u011f\u0131yla adaylara bildirmeye \u00e7al\u0131\u015ft\u0131klar\u0131n\u0131 ifade eden Em, il se\u00e7im kurullar\u0131n\u0131n adaylara ula\u015fmas\u0131nda s\u0131k\u0131nt\u0131 oldu\u011funu ve sorunun da buradan kaynakland\u0131\u011f\u0131n\u0131 s\u00f6yledi.<\/p>\n<p style=\"text-align: justify;\">Em, se\u00e7im takvimine g\u00f6re \u00e7al\u0131\u015fmaya devam ettiklerini, 11 ki\u015filik kurulun toplanarak karar verdiklerini, her partinin aday\u0131n\u0131n ve ba\u011f\u0131ms\u0131z adaylar\u0131n kanun maddelerine g\u00f6re de\u011ferlendirildi\u011fini bildirdi.<\/p>\n<p style=\"text-align: justify;\"><strong>YSK a\u00e7\u0131klamas\u0131<\/strong><\/p>\n<p style=\"text-align: justify;\">YSK&#8217;dan yap\u0131lan a\u00e7\u0131klamada, &#8220;Anayasa&#8217;n\u0131n 76\/2&#8217;nci maddesinde belirtilen nitelikte bir ceza mahkumiyeti nedeniyle milletvekili se\u00e7ilme hakk\u0131n\u0131 yitirmi\u015f ki\u015filer, bu haklar\u0131na ancak ve sadece 5352 say\u0131l\u0131 Adli Sicil Kanunu&#8217;nun 13\/A maddesi uyar\u0131nca talepleri \u00fczerine mahkemece verilecek &#8216;yasaklanm\u0131\u015f haklar\u0131n geri verilmesi&#8217; karar\u0131yla kavu\u015fabileceklerdir&#8221; denildi.<\/p>\n<p style=\"text-align: justify;\">A\u00e7\u0131klamada, 1 Haziran 2005&#8217;te y\u00fcr\u00fcrl\u00fc\u011fe giren 5237 say\u0131l\u0131 T\u00fcrk Ceza Kanunu (TCK) d\u00f6neminde bir ki\u015finin anayasan\u0131n 76\/2&#8217;nci maddesinde say\u0131lan y\u00fcz k\u0131zart\u0131c\u0131 su\u00e7lardan olan h\u0131rs\u0131zl\u0131k su\u00e7unu i\u015fledi\u011fi, hakk\u0131nda verilen hapis cezas\u0131n\u0131n para cezas\u0131na \u00e7evrildi\u011fi \u00f6rne\u011fi verilerek, \u015funlar kaydedildi:<\/p>\n<p style=\"text-align: justify;\">&#8220;Bu durumda TCK&#8217;n\u0131n 53. maddesindeki hak yoksunlu\u011fu hapis cezas\u0131n\u0131n sonucu olarak uyguland\u0131\u011f\u0131nda bu ki\u015fi 53. madde \u00e7er\u00e7evesinde hak yoksunlu\u011funa maruz kalmayacakt\u0131r. Ancak anayasan\u0131n 76\/2&#8217;nci ve 2839 say\u0131l\u0131 Milletvekili Se\u00e7imi Kanunu&#8217;nun 11\/f maddesi bu t\u00fcr su\u00e7lardan verilen cezalar\u0131n t\u00fcr\u00fcne ve miktar\u0131na bak\u0131lmaks\u0131z\u0131n affa u\u011fram\u0131\u015f olsa dahi \u00f6m\u00fcr boyu se\u00e7ilme hakk\u0131ndan yoksunluk getirmektedir. \u0130\u015fte 5237 say\u0131l\u0131 TCK&#8217;n\u0131n 53. maddesi ile ilgisi bulunmayan ve se\u00e7im mevzuat\u0131ndan kaynaklanan bu yoksunlu\u011fun giderilmesi i\u00e7in yasaklanm\u0131\u015f haklar\u0131n geri verilmesi kurumuna yeniden ihtiya\u00e7 duyulmu\u015f ve ayr\u0131ca yine benzer bi\u00e7imde belirli mahkumiyetlerden dolay\u0131 baz\u0131 mesleklerin icras\u0131 ve haklar\u0131n kullan\u0131lmas\u0131n\u0131n imkans\u0131z hale geldi\u011fi anla\u015f\u0131l\u0131nca 5352 say\u0131l\u0131 Adli Sicil Kanunu&#8217;na 13\/A maddesi eklenmek suretiyle s\u00f6z konusu kurum yeniden d\u00fczenlenmi\u015ftir.&#8221;<\/p>\n<p style=\"text-align: justify;\">Bu maddenin eklenmesine ili\u015fkin gerek\u00e7ede yasaklanm\u0131\u015f haklar\u0131n geri verilmesi yolunun kapal\u0131 tutulmas\u0131n\u0131n uygulamada ciddi sorunlara yol a\u00e7aca\u011f\u0131n\u0131n belirtildi\u011fi ve cezaya mahkum olan ki\u015filerin s\u00fcresiz olarak kullanmaktan yasakland\u0131klar\u0131 haklar\u0131n tekrar kullanabilmelerine imkan tan\u0131yan d\u00fczenleme yap\u0131lmas\u0131na ihtiya\u00e7 duyuldu\u011funun ifade edildi\u011fi kaydedildi.<\/p>\n<p style=\"text-align: justify;\">A\u00e7\u0131klamada &#8220;\u0130\u015fte bu nedenledir ki 5352 say\u0131l\u0131 Adli Sicil Yasas\u0131&#8217;n\u0131n ge\u00e7ici 2. maddesinde anayasan\u0131n 76. maddesinde veya baz\u0131 \u00f6zel yasalarda say\u0131lan ve affa u\u011fram\u0131\u015f olsa dahi baz\u0131 g\u00f6revleri \u00fcstlenmeyi veya baz\u0131 haklar\u0131 kullanmay\u0131 engelleyen su\u00e7 ve mahkumiyetlerin adli sicil ar\u015fivinden silinemeyecekleri kabul edilmi\u015ftir&#8221; denildi.<\/p>\n<p style=\"text-align: justify;\">5237 say\u0131l\u0131 TCK&#8217;ya ili\u015fkin mahkumiyetler y\u00f6n\u00fcnden ortaya \u00e7\u0131kan duraksamalar\u0131n giderilmesi a\u00e7\u0131s\u0131ndan birinci f\u0131kradaki &#8220;5237 say\u0131l\u0131 TCK d\u0131\u015f\u0131ndaki kanunlar\u0131n beli bir su\u00e7tan dolay\u0131 veya belli bir cezaya mahkumiyete ba\u011flad\u0131\u011f\u0131 hak yoksunluklar\u0131&#8221; ifadesi ile kastedilenin ne oldu\u011fu konusu da irdelendi.<\/p>\n<p style=\"text-align: justify;\">Kurula intikal eden baz\u0131 taleplerde bu d\u00fczenlemeyle TCK d\u0131\u015f\u0131ndaki yasalarda d\u00fczenlenen su\u00e7lardan verilen cezalardan do\u011fan hak yoksunluklar\u0131n\u0131n d\u00fczeltilmesinin istendi\u011fi ifade edilen a\u00e7\u0131klamada, bu istenmi\u015fse de bu d\u00fc\u015f\u00fcncede isabet bulunmad\u0131\u011f\u0131 kaydedildi.<\/p>\n<p style=\"text-align: justify;\"><strong>Yasaklanm\u0131\u015f haklar\u0131n geri verilmesi<\/strong><\/p>\n<p style=\"text-align: justify;\">A\u00e7\u0131klamada \u015f\u00f6yle denildi: &#8220;Esasen madde metninden ve gerek\u00e7esinden de anla\u015f\u0131laca\u011f\u0131 \u00fczere mahkumiyet hangi yasadan kaynaklanm\u0131\u015f olursa olsun, \u015fayet bu mahkumiyet 5237 say\u0131l\u0131 yasa d\u0131\u015f\u0131ndaki herhangi bir yasa h\u00fckm\u00fc gere\u011fince h\u00fck\u00fcml\u00fc y\u00f6n\u00fcnden s\u00fcresiz hak yoksunlu\u011fu do\u011furuyorsa bu yoksunlu\u011fun giderilmesi i\u00e7in s\u00fcre ve di\u011fer ko\u015fullar ger\u00e7ekle\u015fti\u011finde yasaklanm\u0131\u015f haklar\u0131n geri verilmesi yoluna gidilmesi m\u00fcmk\u00fcnd\u00fcr. B\u00fct\u00fcn bu a\u00e7\u0131klamalardan sonra bir kez daha vurgulanmas\u0131 gereken husus \u015fudur: Anayasan\u0131n 76\/2&#8217;nci maddesinde belirtilen nitelikte bir ceza mahkumiyeti nedeniyle milletvekili se\u00e7ilme hakk\u0131n\u0131 yitirmi\u015f bulunan ki\u015filer, bu haklar\u0131na ancak ve sadece 5352 say\u0131l\u0131 Adli Sicil Kanunu&#8217;nun 13\/A maddesi uyar\u0131nca talepleri \u00fczerine mahkemece verilecek yasaklanm\u0131\u015f haklar\u0131n geri verilmesi karar\u0131yla kavu\u015fabileceklerdir.&#8221;<\/p>\n<p style=\"text-align: justify;\">A\u00e7\u0131klamada, ba\u015fvurular\u0131n kabul edildi\u011fi tarihte yap\u0131lan bu hukuki saptamalar sonras\u0131nda kurulun 17 Nisan 2011 tarihli karar\u0131 ile Harun \u00d6zcan, Abdullah K\u0131z\u0131lay, Hatip Dicle, Leyla Zana, \u0130sa G\u00fcrb\u00fcz, \u00c7i\u00e7ek Otlu, Mehmet Salih Y\u0131ld\u0131z, Ertu\u011frul K\u00fcrk\u00e7\u00fc, Nezir Sincar ve G\u00fcltan K\u0131\u015fanak&#8217;\u0131n se\u00e7ilmeye engel mahkumiyetleri oldu\u011fu ve bu adaylar\u0131n ba\u015fvuru tarihi itibariyle memnu haklar\u0131n iadesine ili\u015fkin bir karar ibraz etmediklerinden milletvekili adayl\u0131klar\u0131n\u0131n iptal edilmesine karar verildi\u011fi hat\u0131rlat\u0131ld\u0131.<\/p>\n<p style=\"text-align: justify;\">YSK&#8217;n\u0131n s\u00f6z konusu karar\u0131nda, ayr\u0131ca, Sebahat Tuncel&#8217;in kesinle\u015fmi\u015f, erteli cezas\u0131na ili\u015fkin deneme s\u00fcresi hen\u00fcz bitmedi\u011finden, \u015eerafettin Efe&#8217;nin ise yat\u0131rmas\u0131 gereken paray\u0131 yat\u0131rmad\u0131\u011f\u0131ndan ba\u011f\u0131ms\u0131z milletvekili adayl\u0131klar\u0131n\u0131n iptal edildi\u011fi belirtildi.<\/p>\n<p style=\"text-align: justify;\"><a href=\"http:\/\/www.cnnturk.com\/2011\/turkiye\/04\/21\/ysk.vetosunda.geri.adim\/614012.0\/index.html\" target=\"_blank\">Kaynak : CNN T\u00dcRK<\/a><\/p>\n","protected":false},"excerpt":{"rendered":"<p style=\"text-align: justify;\">\n<p style=\"text-align: justify;\">Y\u00fcksek Se\u00e7im Kurulu (YSK), ba\u011f\u0131ms\u0131z milletvekili adayl\u0131\u011f\u0131 iptal edilen 7 milletvekili aday\u0131n\u0131n adayl\u0131\u011f\u0131n\u0131 kabul etti. \u0130sa G\u00fcrb\u00fcz d\u0131\u015f\u0131ndaki isimler yeniden aday. YSK Ba\u015fkan\u0131 Ali Em, karar\u0131n oybirli\u011fiyle al\u0131nd\u0131\u011f\u0131n\u0131 s\u00f6yledi.<\/p>\n","protected":false},"author":1,"featured_media":0,"comment_status":"open","ping_status":"closed","sticky":false,"template":"","format":"standard","meta":{"footnotes":""},"categories":[105],"tags":[],"class_list":["post-30879","post","type-post","status-publish","format-standard","hentry","category-gundem","odd"],"_links":{"self":[{"href":"http:\/\/www.korhanyilmaz.com\/index.php?rest_route=\/wp\/v2\/posts\/30879","targetHints":{"allow":["GET"]}}],"collection":[{"href":"http:\/\/www.korhanyilmaz.com\/index.php?rest_route=\/wp\/v2\/posts"}],"about":[{"href":"http:\/\/www.korhanyilmaz.com\/index.php?rest_route=\/wp\/v2\/types\/post"}],"author":[{"embeddable":true,"href":"http:\/\/www.korhanyilmaz.com\/index.php?rest_route=\/wp\/v2\/users\/1"}],"replies":[{"embeddable":true,"href":"http:\/\/www.korhanyilmaz.com\/index.php?rest_route=%2Fwp%2Fv2%2Fcomments&post=30879"}],"version-history":[{"count":0,"href":"http:\/\/www.korhanyilmaz.com\/index.php?rest_route=\/wp\/v2\/posts\/30879\/revisions"}],"wp:attachment":[{"href":"http:\/\/www.korhanyilmaz.com\/index.php?rest_route=%2Fwp%2Fv2%2Fmedia&parent=30879"}],"wp:term":[{"taxonomy":"category","embeddable":true,"href":"http:\/\/www.korhanyilmaz.com\/index.php?rest_route=%2Fwp%2Fv2%2Fcategories&post=30879"},{"taxonomy":"post_tag","embeddable":true,"href":"http:\/\/www.korhanyilmaz.com\/index.php?rest_route=%2Fwp%2Fv2%2Ftags&post=30879"}],"curies":[{"name":"wp","href":"https:\/\/api.w.org\/{rel}","templated":true}]}}