{"id":30873,"date":"2011-04-21T07:41:29","date_gmt":"2011-04-21T04:41:29","guid":{"rendered":"http:\/\/www.korhanyilmaz.com\/?p=30873"},"modified":"2011-04-21T07:41:29","modified_gmt":"2011-04-21T04:41:29","slug":"baskanlik-izi-beyannamede","status":"publish","type":"post","link":"http:\/\/www.korhanyilmaz.com\/?p=30873","title":{"rendered":"Ba\u015fkanl\u0131k izi beyannamede"},"content":{"rendered":"<p style=\"text-align: center;\"><a href=\"http:\/\/www.korhanyilmaz.com\/wp-content\/uploads\/2011\/04\/184.jpg\"  class=\"lightview\"><img loading=\"lazy\" decoding=\"async\" class=\"aligncenter size-full wp-image-30874\" src=\"http:\/\/www.korhanyilmaz.com\/wp-content\/uploads\/2011\/04\/184.jpg\" alt=\"\" width=\"414\" height=\"220\" \/><\/a><\/p>\n<p style=\"text-align: justify;\">AK Parti&#8217;nin 2011 se\u00e7im beyannamesinde ince r\u00f6tu\u015f&#8230; 2007&#8217;deki se\u00e7im kitap\u00e7\u0131\u011f\u0131nda, &#8216;yeni anayasaya&#8217; atfen yer alan &#8216;parlamenter sistem&#8217; vurgusu, yeni kitap\u00e7\u0131kta yer almad\u0131. Bu durum &#8216;ba\u015fkanl\u0131k&#8217; sinyali olarak yorumland\u0131.<!--more--><\/p>\n<p style=\"text-align: justify;\">ANKARA &#8211; AK Parti&#8217;nin 2011 beyannamesinde yap\u0131lan ince bir de\u011fi\u015fiklik, &#8216;ba\u015fkanl\u0131k sistemi&#8217;nin sinyali olarak de\u011ferlendirildi.<\/p>\n<p style=\"text-align: justify;\">2002, 2007 ve 2011 genel se\u00e7imleri i\u00e7in \u00fc\u00e7 beyanname haz\u0131rlayan AK Parti, yeni anayasa hedefini \u00fc\u00e7\u00fcnde de \u00f6ncelikli konu yapt\u0131. Hedeflenen anayasan\u0131n \u015fifreleri beyannamelerdeki sat\u0131rlara yans\u0131d\u0131.<\/p>\n<p style=\"text-align: justify;\">&#8216;Yeni anayasan\u0131n, \u0130nsan Haklar\u0131 Evrensel Beyannamesi ve Avrupa \u0130nsan Haklar\u0131 S\u00f6zle\u015fmesi&#8217;nin getirdi\u011fi ilke ve standartlarda olmas\u0131 hedefi vurguland\u0131. 2007&#8217;de, yasama, y\u00fcr\u00fctme ve yarg\u0131 erkleri aras\u0131ndaki ili\u015fkilerin &#8216;parlamenter sistem&#8217; esas al\u0131narak belirlenmesi hedeflendi. Ancak 2011 beyannamesinde &#8216;parlamenter sistem&#8217; ibaresine yer verilmedi.<\/p>\n<p style=\"text-align: justify;\"><strong>2007 SE\u00c7\u0130M BEYANNAMES\u0130<\/strong><\/p>\n<p style=\"text-align: justify;\">Haz\u0131rlanacak yeni anayasa, k\u0131sa, \u00f6z ve a\u00e7\u0131k olmal\u0131; yasama, y\u00fcr\u00fctme ve yarg\u0131 erkleri aras\u0131ndaki ili\u015fkiler parlamenter sistem esas al\u0131narak a\u00e7\u0131k, net ve anla\u015f\u0131labilir bir \u015fekilde belirlenmeli; bu \u00e7er\u00e7evede Cumhurba\u015fkan\u0131n\u0131n konumu ve yetkileri yeniden tan\u0131mlanmal\u0131; temsili demokrasiden kat\u0131l\u0131mc\u0131 demokrasiye ge\u00e7i\u015f sa\u011flanmal\u0131d\u0131r. Yeni Anayasa en geni\u015f toplumsal uzla\u015fmayla haz\u0131rlanmal\u0131d\u0131r.<\/p>\n<p style=\"text-align: justify;\"><strong>2011 SE\u00c7\u0130M BEYANNAMES\u0130<\/strong><\/p>\n<p style=\"text-align: justify;\">Yeni anayasada ayr\u0131nt\u0131l\u0131 d\u00fczenlemelere yer verilmemelidir. Anayasa, bireysel \u00f6zg\u00fcrl\u00fckler i\u00e7in gerekli g\u00fcvenceleri i\u00e7ermek kayd\u0131yla, m\u00fcmk\u00fcn oldu\u011fu kadar k\u0131sa, \u00f6z, a\u00e7\u0131k ve tutarl\u0131 olmal\u0131d\u0131r&#8230; Yeni anayasada egemenli\u011fi kullanma yetkisine sahip yasama, y\u00fcr\u00fctme ve yarg\u0131 organlar\u0131 aras\u0131ndaki ili\u015fkiler kuvvetler ayr\u0131l\u0131\u011f\u0131 ilkesi esas al\u0131narak yeniden belirlenmelidir. Egemenli\u011fin kay\u0131ts\u0131z \u015farts\u0131z millete ait oldu\u011fu ger\u00e7e\u011fi hi\u00e7bir yoruma meydan vermeksizin bu anayasan\u0131n ruhu haline getirilmelidir.<\/p>\n<p style=\"text-align: justify;\"><a href=\"http:\/\/www.gazeteport.com.tr\/SIYASET\/NEWS\/GP_890942\" target=\"_blank\">Kaynak : GAZETEPORT<\/a><\/p>\n","protected":false},"excerpt":{"rendered":"<p style=\"text-align: center;\">\n<p style=\"text-align: justify;\">AK Parti&#8217;nin 2011 se\u00e7im beyannamesinde ince r\u00f6tu\u015f&#8230; 2007&#8217;deki se\u00e7im kitap\u00e7\u0131\u011f\u0131nda, &#8216;yeni anayasaya&#8217; atfen yer alan &#8216;parlamenter sistem&#8217; vurgusu, yeni kitap\u00e7\u0131kta yer almad\u0131. Bu durum &#8216;ba\u015fkanl\u0131k&#8217; sinyali olarak yorumland\u0131.<\/p>\n","protected":false},"author":1,"featured_media":0,"comment_status":"open","ping_status":"closed","sticky":false,"template":"","format":"standard","meta":{"footnotes":""},"categories":[105],"tags":[],"class_list":["post-30873","post","type-post","status-publish","format-standard","hentry","category-gundem","odd"],"_links":{"self":[{"href":"http:\/\/www.korhanyilmaz.com\/index.php?rest_route=\/wp\/v2\/posts\/30873","targetHints":{"allow":["GET"]}}],"collection":[{"href":"http:\/\/www.korhanyilmaz.com\/index.php?rest_route=\/wp\/v2\/posts"}],"about":[{"href":"http:\/\/www.korhanyilmaz.com\/index.php?rest_route=\/wp\/v2\/types\/post"}],"author":[{"embeddable":true,"href":"http:\/\/www.korhanyilmaz.com\/index.php?rest_route=\/wp\/v2\/users\/1"}],"replies":[{"embeddable":true,"href":"http:\/\/www.korhanyilmaz.com\/index.php?rest_route=%2Fwp%2Fv2%2Fcomments&post=30873"}],"version-history":[{"count":0,"href":"http:\/\/www.korhanyilmaz.com\/index.php?rest_route=\/wp\/v2\/posts\/30873\/revisions"}],"wp:attachment":[{"href":"http:\/\/www.korhanyilmaz.com\/index.php?rest_route=%2Fwp%2Fv2%2Fmedia&parent=30873"}],"wp:term":[{"taxonomy":"category","embeddable":true,"href":"http:\/\/www.korhanyilmaz.com\/index.php?rest_route=%2Fwp%2Fv2%2Fcategories&post=30873"},{"taxonomy":"post_tag","embeddable":true,"href":"http:\/\/www.korhanyilmaz.com\/index.php?rest_route=%2Fwp%2Fv2%2Ftags&post=30873"}],"curies":[{"name":"wp","href":"https:\/\/api.w.org\/{rel}","templated":true}]}}