{"id":30869,"date":"2011-04-20T11:23:34","date_gmt":"2011-04-20T08:23:34","guid":{"rendered":"http:\/\/www.korhanyilmaz.com\/?p=30869"},"modified":"2011-04-20T11:23:34","modified_gmt":"2011-04-20T08:23:34","slug":"bu-ulkede-yoksulluga-son-verecegiz","status":"publish","type":"post","link":"http:\/\/www.korhanyilmaz.com\/?p=30869","title":{"rendered":"&#8220;Bu \u00fclkede yoksullu\u011fa son verece\u011fiz&#8221;"},"content":{"rendered":"<p style=\"text-align: justify;\"><a href=\"http:\/\/www.korhanyilmaz.com\/wp-content\/uploads\/2011\/04\/183.jpg\"  class=\"lightview\"><img loading=\"lazy\" decoding=\"async\" class=\"aligncenter size-full wp-image-30870\" src=\"http:\/\/www.korhanyilmaz.com\/wp-content\/uploads\/2011\/04\/183.jpg\" alt=\"\" width=\"414\" height=\"220\" \/><\/a><\/p>\n<p style=\"text-align: justify;\">CHP Genel Ba\u015fkan\u0131 Kemal K\u0131l\u0131\u00e7daro\u011flu, konu\u015fmas\u0131n\u0131n ba\u015f\u0131nda partisinin ekonomi program\u0131 hakk\u0131nda da bilgi verdi.<\/p>\n<p style=\"text-align: justify;\">CHP&#8217;nin ekonomi program\u0131nda temel dayanaklar\u0131n\u0131n sosyal devlet, uluslararas\u0131 rekabet g\u00fcc\u00fc ve kal\u0131c\u0131 istikrar oldu\u011funu a\u00e7\u0131klayan K\u0131l\u0131\u00e7daro\u011flu, konuyla ilgili kapsaml\u0131 a\u00e7\u0131klaman\u0131n daha sonra yap\u0131laca\u011f\u0131n\u0131 duyurdu. <!--more--><\/p>\n<p style=\"text-align: justify;\">K\u0131l\u0131\u00e7daro\u011flu\u2019ndan iddial\u0131 ekonomik hedefler: \u201cYoksullu\u011fu tarihe g\u00f6mece\u011fiz\u201d<\/p>\n<p style=\"text-align: justify;\">Genel Ba\u015fkan K\u0131l\u0131\u00e7daro\u011flu, se\u00e7im i\u00e7in haz\u0131rlanan ekonomi \u00e7al\u0131\u015fmas\u0131n\u0131 a\u00e7\u0131klad\u0131. K\u0131l\u0131\u00e7daro\u011flu, makro dengeler konusunda hi\u00e7bir partinin kendileri kadar titiz \u00e7al\u0131\u015fmad\u0131\u011f\u0131n\u0131 s\u00f6yledi.<\/p>\n<p style=\"text-align: justify;\">K\u0131l\u0131\u00e7daro\u011flu, ekonomi paketlerini \u015fu s\u00f6zlerle anlatt\u0131; \u201cEkonomik paketimiz sadece CHP i\u00e7inde de\u011fil, de\u011fi\u015fik akademik, i\u015f ve sivil toplum \u00f6rg\u00fctleriyle yapt\u0131\u011f\u0131m\u0131z g\u00f6r\u00fc\u015fmelerin sonunda olgunla\u015ft\u0131rd\u0131\u011f\u0131m\u0131z bir \u00e7al\u0131\u015fmad\u0131r. Ekonomide temel sorunlara \u00e7\u00f6z\u00fcm \u00fcreten bir \u00e7al\u0131\u015fma. \u00c7al\u0131\u015fmam\u0131z\u0131n 3 temel aya\u011f\u0131 var,<\/p>\n<p style=\"text-align: justify;\"><strong>1-<\/strong> Sosyal devleti yeniden aya\u011fa kald\u0131raca\u011f\u0131z. Yani bu \u00fclkede yoksullu\u011fu tarihe g\u00f6mece\u011fiz. T\u00fcm ayr\u0131nt\u0131lar raporumuzda.<\/p>\n<p style=\"text-align: justify;\"><strong>2-<\/strong> Ekonominin uluslararas\u0131 rekabet g\u00fcc\u00fcn\u00fc artt\u0131raca\u011f\u0131z. Ekonomi daha dinamik, g\u00fc\u00e7l\u00fc, istihdam yaratan bir yap\u0131ya kavu\u015facak.<\/p>\n<p style=\"text-align: justify;\"><strong>3-<\/strong> Ekonomide kal\u0131c\u0131 istikrar\u0131 sa\u011flayaca\u011f\u0131z. K\u0131r\u0131lgan, d\u0131\u015fa ba\u011fl\u0131 de\u011fil kendi i\u00e7 dinamikleri olan g\u00fc\u00e7l\u00fc, istihdam yaratabilen bir ekonomi yaratma amac\u0131nday\u0131z. B\u00fcy\u00fcme h\u0131z\u0131n\u0131 y\u00fczde 7 olarak belirledik.<\/p>\n<p style=\"text-align: justify;\"><strong>\u2018\u0130STEYENLE TARTI\u015eAB\u0130L\u0130R\u0130Z\u2019<\/strong><\/p>\n<p style=\"text-align: justify;\">Makro dengelerinin neler oldu\u011fu ve nas\u0131l de\u011fi\u015fiklikler yarataca\u011f\u0131 bu iki kitap\u00e7\u0131\u011f\u0131m\u0131zda var. CHP d\u0131\u015f\u0131nda hi\u00e7bir parti makro dengeleri haz\u0131rlam\u0131\u015f de\u011fildir. Biz haz\u0131rlad\u0131k ve daha iyidir derse onlarla tart\u0131\u015f\u0131r\u0131z. Arkada\u015flar\u0131m\u0131z bunun i\u00e7in haz\u0131rlar.\u201d<\/p>\n<p style=\"text-align: justify;\"><strong>CHP&#8217;N\u0130N YEN\u0130 EKONOM\u0130 STRATEJ\u0130S\u0130<\/strong><\/p>\n<p style=\"text-align: justify;\">CHP Genel Ba\u015fkan Yard\u0131mc\u0131s\u0131 Faik \u00d6ztrak, partisinin yeni ekonomi stratejisine g\u00f6re, 2023 y\u0131l\u0131na kadar T\u00fcrkiye genelinde y\u0131lda ortalama y\u00fczde 7, Do\u011fu ve G\u00fcneydo\u011fu&#8217;da y\u0131lda ortalama y\u00fczde 9,5 b\u00fcy\u00fcme h\u0131z\u0131n\u0131n sa\u011flanmas\u0131n\u0131n ve 2023&#8217;e kadar ki\u015fi ba\u015f\u0131na milli gelirin 31 bin 500 dolar olmas\u0131n\u0131n planland\u0131\u011f\u0131n\u0131 bildirdi.<\/p>\n<p style=\"text-align: justify;\">Faik \u00d6ztrak, CHP Genel Ba\u015fkan\u0131 Kemal K\u0131l\u0131\u00e7daro\u011flu&#8217;nun gazete ve televizyonlar\u0131n ekonomi m\u00fcd\u00fcrleri, ekonomi redakt\u00f6rleri ile bir araya geldi\u011fi toplant\u0131da partisinin &#8221;Cumhuriyetin 100. Y\u0131l\u0131na Do\u011fru Yeni Ekonomi Stratejisi&#8221; ba\u015fl\u0131kl\u0131 raporla ilgili bir sunum yapt\u0131.<\/p>\n<p style=\"text-align: justify;\">T\u00fcrkiye&#8217;nin ortalama b\u00fcy\u00fcme h\u0131z\u0131n\u0131n d\u00fc\u015f\u00fck, b\u00fcy\u00fcmenin oynakl\u0131\u011f\u0131n\u0131n ise y\u00fcksek oldu\u011funu, T\u00fcrkiye&#8217;nin benzer ekonomiler aras\u0131nda b\u00fcy\u00fcme yar\u0131\u015f\u0131nda geride kald\u0131\u011f\u0131n\u0131, rekabet g\u00fcc\u00fcn\u00fcn geriledi\u011fini, d\u0131\u015f a\u00e7\u0131\u011f\u0131n artt\u0131\u011f\u0131n\u0131, i\u00e7 tasarruflar\u0131n d\u00fc\u015f\u00fck, b\u00fcy\u00fcmenin finansman\u0131n\u0131n d\u0131\u015f kaynak giri\u015fine ba\u011f\u0131ml\u0131 oldu\u011funu ifade eden \u00d6ztrak, d\u0131\u015f bor\u00e7lar ve \u00f6zel sekt\u00f6r d\u00f6viz pozisyon a\u00e7\u0131\u011f\u0131n\u0131n artt\u0131\u011f\u0131n\u0131 belirtti.<\/p>\n<p style=\"text-align: justify;\">B\u00fcy\u00fcmenin istihdam yaratmad\u0131\u011f\u0131n\u0131, istihdam d\u00fczeyinin d\u00fc\u015f\u00fck, i\u015fsizli\u011fin y\u00fcksek oldu\u011funu s\u00f6yleyen \u00d6ztrak, benzer ekonomiler i\u00e7inde T\u00fcrkiye&#8217;nin i\u015fsizlik sorununun k\u00f6t\u00fcle\u015fti\u011fini \u00f6ne s\u00fcrd\u00fc.<\/p>\n<p style=\"text-align: justify;\">T\u00fcrkiye&#8217;deki b\u00fcy\u00fcmenin sekt\u00f6rlere dengeli yay\u0131lmad\u0131\u011f\u0131n\u0131, sanayinin zemin kaybetti\u011fini vurgulayan Faik \u00d6ztrak, \u00fcretimin ithal girdi ba\u011f\u0131ml\u0131l\u0131\u011f\u0131n\u0131n h\u0131zla artt\u0131\u011f\u0131n\u0131, katma de\u011fer yaratma yetene\u011finin h\u0131zla azald\u0131\u011f\u0131n\u0131, e\u011fitim sisteminin \u00e7a\u011fda\u015f normlardan uzak, i\u015f g\u00fcc\u00fcn\u00fcn e\u011fitim d\u00fczeyi ve yarat\u0131lan i\u015flerin niteli\u011finin zay\u0131f oldu\u011funu ifade etti.<\/p>\n<p style=\"text-align: justify;\"><strong>CHP&#8217;N\u0130N YEN\u0130 STRATEJ\u0130S\u0130N\u0130N TEMEL YAKLA\u015eIMI<\/strong><\/p>\n<p style=\"text-align: justify;\">CHP Genel Ba\u015fkan Yard\u0131mc\u0131s\u0131 \u00d6ztrak, T\u00fcrkiye&#8217;de insan ve \u00fcretim odakl\u0131 bir ekonomi hedeflediklerini belirterek, \u015funlar\u0131 kaydetti:<\/p>\n<p style=\"text-align: justify;\">&#8221;D\u0131\u015fa a\u00e7\u0131k, ancak k\u00fcresel sermaye hareketlerindeki dalgalanmalara kar\u015f\u0131 dayan\u0131kl\u0131l\u0131\u011f\u0131 art\u0131ran, \u00fcretimi ve verimlili\u011fi destekleyen, bilgi ekonomisine ge\u00e7i\u015fi ve yarat\u0131c\u0131l\u0131\u011f\u0131 esas alan, i\u015f g\u00fcc\u00fcm\u00fcz\u00fc ve yurt i\u00e7i tasarruflar\u0131 seferber eden, toplumun t\u00fcm kesimlerini ve ekonominin t\u00fcm sekt\u00f6rlerini kapsayan, k\u0131sa d\u00f6nemde net ihracat\u0131n b\u00fcy\u00fcmeye katk\u0131s\u0131n\u0131 art\u0131ran ancak uzun d\u00f6nemde g\u00fc\u00e7l\u00fc ve istikrarl\u0131 bir i\u00e7 taleple b\u00fcy\u00fcyen, nitelikli ve s\u00fcrd\u00fcr\u00fclebilir bir b\u00fcy\u00fcme anlay\u0131\u015f\u0131n\u0131 benimsiyoruz.<\/p>\n<p style=\"text-align: justify;\">Piyasa etkin bir g\u00fc\u00e7t\u00fcr ancak hata yapar. Bu nedenle devletin d\u00fczenleyici ve denetleyici i\u015flevlerini g\u00fc\u00e7lendirece\u011fiz. Devlet istihdam ve rekabet alan\u0131nda destekleyici ve kolayla\u015ft\u0131r\u0131c\u0131 bir i\u015flev g\u00f6recek, b\u00f6lgesel gelir da\u011f\u0131l\u0131m\u0131 farkl\u0131l\u0131klar\u0131n\u0131n giderilmesinde devletin imkan ve i\u015flevlerinden yararlan\u0131lacak.&#8221;<\/p>\n<p style=\"text-align: justify;\">Y\u00fcksek b\u00fcy\u00fcme h\u0131zlar\u0131n\u0131 sa\u011flaman\u0131n yan\u0131nda nitelikli, halk\u0131 kucaklayan, b\u00fct\u00fcn sekt\u00f6rlere ve \u00e7al\u0131\u015fanlara yay\u0131lan s\u00fcrd\u00fcr\u00fclebilir bir b\u00fcy\u00fcmeyi hedeflediklerine dikkati \u00e7eken \u00d6ztrak, bu kapsamda T\u00fcrkiye&#8217;yi d\u00fcnya ekonomi liginin \u00fcst s\u0131ralar\u0131na ta\u015f\u0131may\u0131, i\u015fsizli\u011fi h\u0131zla azaltmay\u0131, d\u00fczg\u00fcn ve nitelikli istihdam yarat\u0131lmas\u0131n\u0131 kolayla\u015ft\u0131rmay\u0131, ba\u015fta kad\u0131nlar ve gen\u00e7ler olmak \u00fczere toplumun geni\u015f kesimlerinin \u00fcretim s\u00fcre\u00e7lerine kat\u0131l\u0131m\u0131n\u0131 sa\u011flamay\u0131, yoksullu\u011fu bitirmeyi, toplumsal geli\u015fme ve dayan\u0131\u015fmay\u0131 g\u00fc\u00e7lendirmeyi, b\u00f6lgesel gelir ve geli\u015fmi\u015flik farklar\u0131n\u0131 azaltmay\u0131 ama\u00e7lad\u0131klar\u0131n\u0131 kaydetti.<\/p>\n<p style=\"text-align: justify;\"><strong>CHP&#8217;N\u0130N MAL\u0130YE POL\u0130T\u0130KASI<\/strong><\/p>\n<p style=\"text-align: justify;\">Faik \u00d6ztrak, CHP&#8217;nin tutarl\u0131, disiplinli, keyfi de\u011fil, kurall\u0131 maliye politikas\u0131 uygulayaca\u011f\u0131n\u0131, kamu bor\u00e7 stokunun GSYH&#8217;ye oran\u0131n\u0131 y\u00fczde 40&#8217;\u0131n alt\u0131nda tutacaklar\u0131n\u0131, Kamu \u0130hale Yasas\u0131n\u0131 uluslararas\u0131 standartlara getireceklerini bildirdi.<\/p>\n<p style=\"text-align: justify;\">Uygulayacaklar\u0131 para politikas\u0131nda temel ama\u00e7lar\u0131n\u0131n fiyat istikrar\u0131 olaca\u011f\u0131n\u0131, s\u00fcrd\u00fcr\u00fclebilir fiyat istikrar\u0131n\u0131n belirleyicisi olan rekabet g\u00fcc\u00fc, finansal istikrar, istihdam gibi unsurlar\u0131n risk alt\u0131na sokulmayaca\u011f\u0131n\u0131 belirten \u00d6ztrak, daha saydam para politikas\u0131 uygulayacaklar\u0131n\u0131, Merkez Bankas\u0131n\u0131n, ara\u00e7 ba\u011f\u0131ms\u0131zl\u0131\u011f\u0131na sahip, \u00f6zerk ancak hesap verebilir olaca\u011f\u0131n\u0131 kaydetti.<\/p>\n<p style=\"text-align: justify;\"><strong>2023 HEDEFLER\u0130<\/strong><\/p>\n<p style=\"text-align: justify;\">CHP Genel Ba\u015fkan Yard\u0131mc\u0131s\u0131 \u00d6ztrak, &#8221;2023 y\u0131l\u0131na kadar T\u00fcrkiye genelinde y\u0131lda ortalama y\u00fczde 7 b\u00fcy\u00fcme, Do\u011fu ve G\u00fcneydo\u011fu&#8217;da y\u0131lda ortalama y\u00fczde 9,5 b\u00fcy\u00fcme h\u0131z\u0131n\u0131 sa\u011flamay\u0131 ve ki\u015fi ba\u015f\u0131na milli geliri 31 bin 500 dolar yapmay\u0131 hedefliyoruz&#8221; diye konu\u015ftu.<\/p>\n<p style=\"text-align: justify;\">Y\u00fcksek b\u00fcy\u00fcme h\u0131z\u0131n\u0131 daha dengeli bir kaynak kullan\u0131m\u0131yla sa\u011flayacaklar\u0131n\u0131 belirten \u00d6ztrak, 2011-2023 d\u00f6neminde y\u0131lda yakla\u015f\u0131k ortalama 800 bin ki\u015filik istihdam art\u0131\u015f\u0131n\u0131 hedeflediklerini, i\u015fsizlik oran\u0131n\u0131 y\u00fczde 6&#8217;ya d\u00fc\u015f\u00fcreceklerini, 2023&#8217;te 650 milyar dolar ihracat\u0131 yap\u0131lmas\u0131n\u0131 \u00f6ng\u00f6rd\u00fcklerini, 2023&#8217;te cari a\u00e7\u0131\u011f\u0131n GSYH&#8217;ya oran\u0131n\u0131n y\u00fczde 2,5&#8217;e indirmeyi ama\u00e7lar\u0131n\u0131 kaydetti.<\/p>\n<p style=\"text-align: justify;\">Sunumun ard\u0131ndan Faik \u00d6ztrak, kat\u0131l\u0131mc\u0131lar\u0131n sorular\u0131n\u0131 yan\u0131tlad\u0131.<\/p>\n<p style=\"text-align: justify;\">Bir soru \u00fczerine \u00d6ztrak,\u00e7ift\u00e7inin kulland\u0131\u011f\u0131 mazottan vergi al\u0131nmamas\u0131n\u0131n maliyetinin 5,4 milyar TL, Aile Sigortas\u0131n\u0131n br\u00fct maliyetinin 8,5 milyar TL oldu\u011funu anlatt\u0131.<\/p>\n<p style=\"text-align: justify;\">\u00d6ztrak, CHP&#8217;nin b\u00fcy\u00fcme modelinde \u00e7al\u0131\u015fma \u00e7a\u011f\u0131 gelmi\u015f olan insan g\u00fcc\u00fcn\u00fcn s\u00fcratle i\u015f g\u00fcc\u00fcne kat\u0131lmas\u0131n\u0131n \u00f6ng\u00f6r\u00fcld\u00fc\u011f\u00fcn\u00fc vurgulad\u0131.<\/p>\n<p style=\"text-align: justify;\">&#8221;2023 hedefleri i\u00e7erisinde ithalatla ilgili hedef nedir?&#8221; sorusu \u00fczerine \u00d6ztrak, ithalatla ilgili tahmini rakam\u0131n 750 milyon dolar oldu\u011funu s\u00f6yledi.<\/p>\n<p style=\"text-align: justify;\">\u00d6ztrak, &#8221;2023 y\u0131l\u0131na kadar d\u00fcnya ekonomisinde ortaya \u00e7\u0131kacak trendler neler olacakt\u0131r? CHP, haz\u0131rlad\u0131\u011f\u0131 programda bunlar\u0131 da dikkate ald\u0131 m\u0131?&#8221; sorusunu yan\u0131tlarken, d\u00fcnya ekonomisinde ola\u011fan\u00fcst\u00fc de\u011fi\u015fimler ya\u015fand\u0131\u011f\u0131n\u0131, ekonomideki a\u011f\u0131rl\u0131k merkezinin de\u011fi\u015fti\u011fini dile getirerek, Brezilya, \u00c7in ve Rusya&#8217;n\u0131n \u00e7ok ciddi b\u00fcy\u00fcme merkezleri haline geldi\u011fini kaydetti.<\/p>\n<p style=\"text-align: justify;\">Geli\u015fmi\u015f ekonomilerin \u015fu an i\u00e7inde bulunduklar\u0131 s\u0131k\u0131nt\u0131lar\u0131 kolay kolay a\u015famayaca\u011f\u0131na i\u015faret eden \u00d6ztrak, T\u00fcrkiye&#8217;nin art\u0131k mevcut pazarlardaki pay\u0131n\u0131 koruyarak yeni pazarlara y\u00f6nelmesi gerekti\u011fini belirtti.<\/p>\n<p style=\"text-align: justify;\">Ekonomide istihdam dostu bir piyasa yaratmak istediklerini aktaran \u00d6ztrak, organize sanayi b\u00f6lgelerinde yat\u0131l\u0131 okullar\u0131n bulunmas\u0131 ve \u00e7ocuklar\u0131n \u00e7ok erken ya\u015flarda i\u015f hayat\u0131 ile tan\u0131\u015fmas\u0131, askerli\u011fi \u00f6nce 9 sonra da 6 aya \u00e7ekme ve \u00fcniversitede askerlik projelerinin, s\u00fcratle gen\u00e7lerin \u00fcretim s\u00fcrecine haz\u0131rlanmalar\u0131 ve girmelerine y\u00f6nelik oldu\u011funu anlatt\u0131.<\/p>\n<p style=\"text-align: justify;\">Yurt i\u00e7i tasarruflar\u0131n art\u0131r\u0131lmas\u0131 konusunda hedeflerinin \u00e7ok iddial\u0131 oldu\u011funu vurgulayan \u00d6ztrak, \u00fclkenin kendi i\u015f g\u00fcc\u00fcn\u00fc \u00e7al\u0131\u015ft\u0131rabilmesi ve gelir seviyesinin y\u00fckseltilmesiyle i\u00e7 tasarrufun artmas\u0131n\u0131n sa\u011flanaca\u011f\u0131n\u0131, bunun yan\u0131 s\u0131ra kurdaki a\u015f\u0131r\u0131 dalgalanmalar ve finansal piyasalardaki balonlar\u0131n \u00f6nlenmesinin de i\u00e7 tasarrufun y\u00fckseltilmesinde etkili olaca\u011f\u0131n\u0131 kaydetti.<\/p>\n<p style=\"text-align: justify;\">\u00d6ztrak, uzun vadede de hem mali sistemin derinle\u015fmesi hem gelir seviyesinin y\u00fckselmesi gerekti\u011fini belirtti.<\/p>\n<p style=\"text-align: justify;\"><a href=\"http:\/\/www.gazeteport.com.tr\/EKONOMI\/NEWS\/GP_890478\" target=\"_blank\">Kaynak : Radikal<\/a><\/p>\n","protected":false},"excerpt":{"rendered":"<p style=\"text-align: justify;\">\n<p style=\"text-align: justify;\">CHP Genel Ba\u015fkan\u0131 Kemal K\u0131l\u0131\u00e7daro\u011flu, konu\u015fmas\u0131n\u0131n ba\u015f\u0131nda partisinin ekonomi program\u0131 hakk\u0131nda da bilgi verdi.<\/p>\n<p style=\"text-align: justify;\">CHP&#8217;nin ekonomi program\u0131nda temel dayanaklar\u0131n\u0131n sosyal devlet, uluslararas\u0131 rekabet g\u00fcc\u00fc ve kal\u0131c\u0131 istikrar oldu\u011funu a\u00e7\u0131klayan K\u0131l\u0131\u00e7daro\u011flu, konuyla ilgili kapsaml\u0131 a\u00e7\u0131klaman\u0131n daha sonra yap\u0131laca\u011f\u0131n\u0131 duyurdu. <\/p>\n","protected":false},"author":1,"featured_media":0,"comment_status":"open","ping_status":"closed","sticky":false,"template":"","format":"standard","meta":{"footnotes":""},"categories":[105],"tags":[],"class_list":["post-30869","post","type-post","status-publish","format-standard","hentry","category-gundem","odd"],"_links":{"self":[{"href":"http:\/\/www.korhanyilmaz.com\/index.php?rest_route=\/wp\/v2\/posts\/30869","targetHints":{"allow":["GET"]}}],"collection":[{"href":"http:\/\/www.korhanyilmaz.com\/index.php?rest_route=\/wp\/v2\/posts"}],"about":[{"href":"http:\/\/www.korhanyilmaz.com\/index.php?rest_route=\/wp\/v2\/types\/post"}],"author":[{"embeddable":true,"href":"http:\/\/www.korhanyilmaz.com\/index.php?rest_route=\/wp\/v2\/users\/1"}],"replies":[{"embeddable":true,"href":"http:\/\/www.korhanyilmaz.com\/index.php?rest_route=%2Fwp%2Fv2%2Fcomments&post=30869"}],"version-history":[{"count":0,"href":"http:\/\/www.korhanyilmaz.com\/index.php?rest_route=\/wp\/v2\/posts\/30869\/revisions"}],"wp:attachment":[{"href":"http:\/\/www.korhanyilmaz.com\/index.php?rest_route=%2Fwp%2Fv2%2Fmedia&parent=30869"}],"wp:term":[{"taxonomy":"category","embeddable":true,"href":"http:\/\/www.korhanyilmaz.com\/index.php?rest_route=%2Fwp%2Fv2%2Fcategories&post=30869"},{"taxonomy":"post_tag","embeddable":true,"href":"http:\/\/www.korhanyilmaz.com\/index.php?rest_route=%2Fwp%2Fv2%2Ftags&post=30869"}],"curies":[{"name":"wp","href":"https:\/\/api.w.org\/{rel}","templated":true}]}}