{"id":30865,"date":"2011-04-20T15:16:47","date_gmt":"2011-04-20T12:16:47","guid":{"rendered":"http:\/\/www.korhanyilmaz.com\/?p=30865"},"modified":"2011-04-20T15:16:47","modified_gmt":"2011-04-20T12:16:47","slug":"parlamenter-yontem-gittigi-yeri-iflah-etmemistir","status":"publish","type":"post","link":"http:\/\/www.korhanyilmaz.com\/?p=30865","title":{"rendered":"Parlamenter y\u00f6ntem gitti\u011fi yeri iflah etmemi\u015ftir!"},"content":{"rendered":"<p style=\"text-align: justify;\"><a href=\"http:\/\/www.korhanyilmaz.com\/wp-content\/uploads\/2011\/04\/200420111525082302581.jpg\"  class=\"lightview\"><img loading=\"lazy\" decoding=\"async\" class=\"aligncenter size-full wp-image-30866\" src=\"http:\/\/www.korhanyilmaz.com\/wp-content\/uploads\/2011\/04\/200420111525082302581.jpg\" alt=\"\" width=\"420\" height=\"210\" \/><\/a><\/p>\n<p style=\"text-align: justify;\">TBMM Anayasa Komisyonu Ba\u015fkan\u0131 Burhan Kuzu, parlamenter modelin gitti\u011fi yeri iflah etmedi\u011fini, aksine o \u00fclkeleri her zaman s\u00fcr\u00fcnd\u00fcrd\u00fc\u011f\u00fcn\u00fc ifade ederek, &#8220;T\u00fcrkiye\u2019de bug\u00fcn e\u011fer parlamenter modele devam edecek olursak a\u00e7\u0131k s\u00f6yl\u00fcyorum; bir iki d\u00f6nemin sonunda gelecek olan bir koalisyon bu memleketteki b\u00fct\u00fcn birikimi 6 ayda bitirir&#8221; dedi. <!--more--><\/p>\n<p style=\"text-align: justify;\">Kuzu, Fatih \u00dcniversitesinde d\u00fczenlenen &#8220;Yeni Anayasa Nas\u0131l Olmal\u0131?&#8221; konulu sempozyumun a\u00e7\u0131l\u0131\u015f\u0131nda yapt\u0131\u011f\u0131 konu\u015fmada, 8 y\u0131ld\u0131r TBMM Anayasa Komisyonu Ba\u015fkanl\u0131\u011f\u0131n\u0131 y\u00fcr\u00fctt\u00fc\u011f\u00fcn\u00fc ve hem teorik hem de pratik olarak T\u00fcrkiye\u2019nin sorunlar\u0131n\u0131 yak\u0131ndan g\u00f6rme f\u0131rsat\u0131 buldu\u011funu s\u00f6yledi.<\/p>\n<p style=\"text-align: justify;\">Anayasan\u0131n, T\u00fcrkiye\u2019nin \u00f6nemli bir konusu oldu\u011funu belirten Kuzu, &#8220;Bug\u00fcn bu konuyu konu\u015fuyor olmam\u0131z, bu \u00fclke bak\u0131m\u0131ndan b\u00fcy\u00fck bir talihsizlik olsa gerektir. \u00c7\u00fcnk\u00fc d\u00fcnya ba\u015fka \u015feyleri konu\u015fuyor. Esasen bug\u00fcn T\u00fcrkiye bu meseleyi \u00e7\u00f6zm\u00fc\u015f olmal\u0131yd\u0131, ancak maalesef T\u00fcrkiye bu sorunu \u00e7\u00f6zememi\u015ftir&#8221; diye konu\u015ftu.<\/p>\n<p style=\"text-align: justify;\">Burhan Kuzu, tarihe bak\u0131ld\u0131\u011f\u0131nda bir\u00e7ok \u00fclkenin bu a\u015famalardan ge\u00e7ti\u011fini aktararak, &#8220;Siyasi \u00e7alkant\u0131 oldu\u011funu g\u00f6sterir, bir \u00fclke hala anayasas\u0131n\u0131 konu\u015fuyorsa. Biz de bunu konu\u015fmaya devam edece\u011fiz, madem ki b\u00f6yle bir sorunumuz var&#8221; dedi.<\/p>\n<p style=\"text-align: justify;\"><strong>&#8220;DAVUL S\u0130YASET\u00c7\u0130N\u0130N SIRTINDA, TOKMAK ASKER\u0130, S\u0130V\u0130L B\u00dcROKRAS\u0130N\u0130N EL\u0130NDE&#8221;<\/strong><\/p>\n<p style=\"text-align: justify;\">Kuzu, 1961 ve 1982 anayasalar\u0131n\u0131n darbe \u00fcr\u00fcn\u00fc anayasalar oldu\u011funu ifade ederek, \u015f\u00f6yle devam etti:<\/p>\n<p style=\"text-align: justify;\">&#8220;Bu iki anayasan\u0131n ortak noktas\u0131nda, milli iradeye g\u00fcvensizlik var. Bu, b\u00fct\u00fcn metne yans\u0131m\u0131\u015f. G\u00fcvenilir olan kurumlar, askeri, sivil b\u00fcrokrasidir. B\u00fct\u00fcn yetkiler onlara verilmi\u015ftir. Bir \u015fey kal\u0131rsa egemenlikten bunu da Meclis kullan\u0131yor. Davul siyaset\u00e7inin s\u0131rt\u0131nda, tokmak askeri, sivil b\u00fcrokrasinin elinde; ona g\u00f6re de davulun sesi \u00e7ok farkl\u0131 \u00e7\u0131k\u0131yor. 26 maddelik son paket, eldeki de\u011fi\u015fik tokmaklar\u0131 davulcuya vermek i\u00e7in yap\u0131lm\u0131\u015ft\u0131r; davul kimin elindeyse tokmak da onun elinde olmas\u0131 gayretidir. Biraz da yol al\u0131nm\u0131\u015ft\u0131r bu manada, yeterli olmasa bile.&#8221;<\/p>\n<p style=\"text-align: justify;\">Anayasan\u0131n nas\u0131l yap\u0131laca\u011f\u0131yla ilgili olarak de\u011fi\u015fik y\u00f6ntemlerin oldu\u011funu, her birinin kendine g\u00f6re s\u0131k\u0131nt\u0131lar\u0131 bulundu\u011funu anlatan Kuzu, \u015f\u00f6yle konu\u015ftu:<\/p>\n<p style=\"text-align: justify;\">&#8220;T\u00fcrkiye\u2019de tart\u0131\u015f\u0131lan konu; \u2019mevcut meclisler anayasa yapamazlar\u2019, as\u0131l s\u0131k\u0131nt\u0131 bu. Ge\u00e7en d\u00f6nem bunu T\u00fcrkiye \u00e7ok tart\u0131\u015ft\u0131. Ne yapaca\u011f\u0131z? Yeni anayasan\u0131n ne zaman yap\u0131ld\u0131\u011f\u0131na bak\u0131yorsunuz, ya darbe d\u00f6neminde ya da yeni bir devlet kurulurken yap\u0131l\u0131yor. Yeni bir devlet kurmad\u0131\u011f\u0131m\u0131za g\u00f6re darbe ile ancak anayasa yap\u0131l\u0131yor, bizim elimizde bir tek darbe duas\u0131na \u00e7\u0131kmak kal\u0131yor; \u2019Allah\u0131m bize bir darbe g\u00f6nder, anayasa yapacak kadar olsun, sonra \u00e7ekip gitsin. Ba\u015fka \u00e7are yok, amin&#8230;\u2019 Bunu s\u00f6yleyenler, Meclisin bunu niye yapamayaca\u011f\u0131n\u0131 ya da neden yapmamas\u0131 gerekti\u011fini izah edemiyorlar. Bunun savunulur bir g\u00f6r\u00fc\u015f oldu\u011funu d\u00fc\u015f\u00fcnm\u00fcyorum. Mevcut Meclis, s\u0131f\u0131rdan bir anayasa yapar. T\u00fcrkiye\u2019de dok\u00fcman sorunu yok, ama\u00e7 masa etraf\u0131nda oturup metin \u00e7\u0131karmak, bunu yapam\u0131yoruz.&#8221;<\/p>\n<p style=\"text-align: justify;\">Burhan Kuzu, muhalefet partileri \u00fcye vermedi\u011fi i\u00e7in Uzla\u015fma Komisyonunu kuramad\u0131klar\u0131na dikkati \u00e7ekerek, bu nedenle kendi d\u00f6nemlerinde 9 kez anayasa de\u011fi\u015fikli\u011fi yap\u0131ld\u0131\u011f\u0131n\u0131, bunun birka\u00e7\u0131n\u0131 muhalefetle birlikte yapt\u0131klar\u0131n\u0131 ama en sonunda mecburen referanduma giderek yapmak zorunda kald\u0131klar\u0131n\u0131 s\u00f6yledi.<\/p>\n<p style=\"text-align: justify;\">T\u00fcrkiye\u2019de &#8220;kazuistik&#8221; (kuralc\u0131) y\u00f6ntemle anayasalar\u0131n \u00e7ok yayg\u0131n hale geldi\u011fini ifade eden Kuzu, bundan kurtulmak gerekti\u011fini ve insanlar\u0131n zihinlerinde bir \u015feyleri \u00e7\u00f6zmek gerekti\u011fini belirtti.<\/p>\n<p style=\"text-align: justify;\">Kuzu, Bat\u0131 \u00fclkelerinden Do\u011fu\u2019ya gittik\u00e7e anayasa metinlerinin uzad\u0131\u011f\u0131n\u0131n g\u00f6r\u00fcld\u00fc\u011f\u00fcn\u00fc aktararak, &#8220;Metnin uzun olmas\u0131 her \u015feyi halletmiyor. Geli\u015fmi\u015f \u00fclkeler ise k\u0131sa metin yaz\u0131yor, ancak \u015f\u00f6yle bir \u015fey yok; biz de metni k\u0131sa yazal\u0131m biz de geli\u015felim. Geli\u015fti\u011fin zaman k\u0131sa yaz\u0131yorsun, tersinden geliyor i\u015f. Bu nedenle T\u00fcrkiye biraz daha kazuistik y\u00f6nteme devam edecek gibi geliyor bana maalesef&#8221; dedi.<\/p>\n<p style=\"text-align: justify;\">Anayasan\u0131n ola\u011fan\u00fcst\u00fc \u015fartlarda de\u011fil, normal zamanda yap\u0131lmas\u0131 gerekti\u011fini vurgulayan Kuzu, &#8220;Ola\u011fan\u00fcst\u00fc d\u00f6nemde yapmak do\u011fru de\u011fil diyoruz ama T\u00fcrk siyasi tarihinde ola\u011fan\u00fcst\u00fc d\u00f6nemler ola\u011fan hale gelmi\u015f. Bizim normal d\u00f6nemimiz pek yok. Bu nedenle biz ola\u011fan\u00fcst\u00fc d\u00f6nemde bile olsa anayasa yapmaktan ba\u015fka \u00e7are olmad\u0131\u011f\u0131n\u0131 g\u00f6r\u00fcyoruz&#8221; diye konu\u015ftu.<\/p>\n<p style=\"text-align: justify;\">Burhan Kuzu, anayasalarda resmi ideolojiye yer verilmemesi gerekti\u011fini, de\u011fi\u015fmez maddeler konusunun ise bak\u0131\u015f noktas\u0131na ba\u011fl\u0131 oldu\u011funu ifade ederek, \u015f\u00f6yle dedi:<\/p>\n<p style=\"text-align: justify;\">&#8220;Demokratik, sosyal, laik, hukuk devleti. Bunlarla kimsenin sorunu yok. T\u00fcrkiye\u2019deki sorun, bu \u00fclkenin yorumundan kaynaklan\u0131yor. Laiklikle ilgili meselede siz Avrupa\u2019da olmayan ba\u015f\u00f6rt\u00fc konusunun yasa\u011f\u0131n\u0131 getirip dayat\u0131rsan\u0131z bunun gere\u011fi gibi i\u015fte o zaman adam\u0131n laiklikle ilgili sorunu olur ister istemez.&#8221;<\/p>\n<p style=\"text-align: justify;\"><strong>&#8220;PARLAMENTER MODEL G\u0130TT\u0130\u011e\u0130 YER\u0130 \u0130FLAH ETMEM\u0130\u015eT\u0130R&#8221;<\/strong><\/p>\n<p style=\"text-align: justify;\">TBMM Anayasa Komisyonu Ba\u015fkan\u0131 Kuzu, anayasan\u0131n getirece\u011fi sistemin, modelin ne olaca\u011f\u0131n\u0131n \u00fczerinde durulmas\u0131 gerekti\u011fini belirterek, d\u00fcnyada gelinen noktada parlamenter, yar\u0131 ba\u015fkanl\u0131k ve ba\u015fkanl\u0131k olmak \u00fczere \u00fc\u00e7 tane modelden s\u00f6z edildi\u011fini aktard\u0131.<\/p>\n<p style=\"text-align: justify;\">Kuzu, \u015funlar\u0131 s\u00f6yledi:<\/p>\n<p style=\"text-align: justify;\">&#8220;Hangi model gelirse gelsin, milli iradeyi hangisi daha \u00e7ok yans\u0131t\u0131yor? Kuvvetler ayr\u0131m\u0131 hangi modelde var? T\u00fcrkiye\u2019nin e\u011fer 13 Haziran\u2019da masada ba\u015fkanl\u0131k modeli olacaksa ki olacakt\u0131r muhtemelen, o zaman bu \u00e7ok konu\u015fulacak. Bunlar\u0131n cevab\u0131 mutlaka verilmeli. Parlamenter model gitti\u011fi yeri iflah etmemi\u015ftir, o \u00fclkeleri her zaman s\u00fcr\u00fcnd\u00fcrm\u00fc\u015ft\u00fcr.&#8221;<\/p>\n<p style=\"text-align: justify;\">D\u00fcnyan\u0131n hi\u00e7bir yerinde y\u00fczde 10\u2019luk se\u00e7im baraj\u0131 uygulanmad\u0131\u011f\u0131n\u0131 ifade eden Kuzu, s\u00f6zlerini \u015f\u00f6yle s\u00fcrd\u00fcrd\u00fc:<\/p>\n<p style=\"text-align: justify;\">&#8220;\u00c7ekin y\u00fczde 5\u2019e T\u00fcrkiye\u2019yi. 10 parti girer parlamentoya, d\u00f6rtl\u00fc koalisyonlar olur. Ben korkar\u0131m koalisyondan. Getirece\u011finiz model koalisyona imkan vermemeli bu memlekette. \u00c7\u00f6z\u00fcm ba\u015fkanl\u0131k derken, barajlar\u0131 k\u00fclliyen kald\u0131r\u0131yorsunuz, \u00e7\u00fcnk\u00fc orada halk, meclisi ayr\u0131 se\u00e7iyor, y\u00fcr\u00fctmeyi ayr\u0131 olu\u015fturuyor. Kuvvetler ayr\u0131m\u0131 noktas\u0131nda da bunu sa\u011flayan d\u00fcnyadaki tek model ba\u015fkanl\u0131k modelidir. Parlamenter modelde kuvvetler ayr\u0131m\u0131 yoktur. Bug\u00fcn yasama diye bir organ yoktur T\u00fcrkiye\u2019de, ad\u0131 var kendi yok. Meclisin aktif hale gelmesi sadece ba\u015fkanl\u0131k modelinde oluyor. O modelde esasen parlamento var, esasta da parlamento vard\u0131r. Orada esasen yasama organ\u0131 para musluklar\u0131na tamamen hakimdir. Bir kuru\u015f harcayamaz ba\u015fkan parlamento evet demedik\u00e7e. Kanunu tamam\u0131yla parlamento \u00e7\u0131kar\u0131r. H\u00fck\u00fcmet g\u00fc\u00e7l\u00fcd\u00fcr, do\u011frudur ama sadece y\u00fcr\u00fctmede g\u00fc\u00e7l\u00fcd\u00fcr. Parlamenter modelde ise hem y\u00fcr\u00fctme hem yasama g\u00fc\u00e7l\u00fcd\u00fcr. \u0130ddia ediyorum; ABD\u2019deki ba\u015fkandan parlamenter rejimlerdeki ba\u015fbakanlar \u00fc\u00e7 kat daha yetkilidir. \u2019Diktat\u00f6rl\u00fck gelir.\u2019 Neden gelsin? Diktat\u00f6rl\u00fck bug\u00fcn var, varsa&#8230;&#8221;<\/p>\n<p style=\"text-align: justify;\">Kuzu, bu sistemi y\u0131llard\u0131r savundu\u011funu, merhum Cumhurba\u015fkan\u0131 Turgut \u00d6zal ile Ba\u015fbakan Recep Tayyip Erdo\u011fan\u2019\u0131n bunu \u00e7ok iyi anlad\u0131\u011f\u0131n\u0131 dile getirerek, &#8220;T\u00fcrkiye\u2019de bug\u00fcn e\u011fer parlamenter modele devam edecek olursak, koalisyonlara bir \u00e7\u00f6z\u00fcm bulmazsak a\u00e7\u0131k s\u00f6yl\u00fcyorum; yak\u0131n d\u00f6nemde, bilemem elbette, g\u00f6rm\u00fcyorum pek \u00f6yle bir tablo ama bir iki d\u00f6nemin sonunda gelecek olan bir koalisyon bu memleketteki b\u00fct\u00fcn birikimi 6 ayda bitirir. Biz bunu kesinlikle dayatma bi\u00e7iminde getirmeyece\u011fiz. AK Parti olarak bunu masaya koyaca\u011f\u0131z, gerek\u00e7elerimizi sunaca\u011f\u0131z, muhalefet partilerimiz akl\u0131 selim davran\u0131r da sistem de\u011fi\u015fikli\u011fine giderse hay hay, gitmezse parlamenter model anayasas\u0131n\u0131 hep beraber yapar\u0131z, hep beraber s\u00fcr\u00fcnmeye devam ederiz&#8221; diye konu\u015ftu.<\/p>\n<p style=\"text-align: justify;\">Anayasa\u2019n\u0131n yamal\u0131 boh\u00e7aya d\u00f6n\u00fc\u015ft\u00fc\u011f\u00fcn\u00fc ifade eden Kuzu, &#8220;Yeni anayasa elzem hale geldi&#8221; dedi.<\/p>\n<p style=\"text-align: justify;\"><a href=\"http:\/\/haber.gazetevatan.com\/parlamenter-yontem-gittigi-yeri-iflah-etmemistir\/372324\/9\/Siyaset\" target=\"_blank\">Kaynak : VATAN Gazetesi<\/a><\/p>\n","protected":false},"excerpt":{"rendered":"<p style=\"text-align: justify;\">\n<p style=\"text-align: justify;\">TBMM Anayasa Komisyonu Ba\u015fkan\u0131 Burhan Kuzu, parlamenter modelin gitti\u011fi yeri iflah etmedi\u011fini, aksine o \u00fclkeleri her zaman s\u00fcr\u00fcnd\u00fcrd\u00fc\u011f\u00fcn\u00fc ifade ederek, &#8220;T\u00fcrkiye\u2019de bug\u00fcn e\u011fer parlamenter modele devam edecek olursak a\u00e7\u0131k s\u00f6yl\u00fcyorum; bir iki d\u00f6nemin sonunda gelecek olan bir koalisyon bu memleketteki b\u00fct\u00fcn birikimi 6 ayda bitirir&#8221; dedi. <\/p>\n","protected":false},"author":1,"featured_media":0,"comment_status":"open","ping_status":"closed","sticky":false,"template":"","format":"standard","meta":{"footnotes":""},"categories":[105],"tags":[],"class_list":["post-30865","post","type-post","status-publish","format-standard","hentry","category-gundem","odd"],"_links":{"self":[{"href":"http:\/\/www.korhanyilmaz.com\/index.php?rest_route=\/wp\/v2\/posts\/30865","targetHints":{"allow":["GET"]}}],"collection":[{"href":"http:\/\/www.korhanyilmaz.com\/index.php?rest_route=\/wp\/v2\/posts"}],"about":[{"href":"http:\/\/www.korhanyilmaz.com\/index.php?rest_route=\/wp\/v2\/types\/post"}],"author":[{"embeddable":true,"href":"http:\/\/www.korhanyilmaz.com\/index.php?rest_route=\/wp\/v2\/users\/1"}],"replies":[{"embeddable":true,"href":"http:\/\/www.korhanyilmaz.com\/index.php?rest_route=%2Fwp%2Fv2%2Fcomments&post=30865"}],"version-history":[{"count":0,"href":"http:\/\/www.korhanyilmaz.com\/index.php?rest_route=\/wp\/v2\/posts\/30865\/revisions"}],"wp:attachment":[{"href":"http:\/\/www.korhanyilmaz.com\/index.php?rest_route=%2Fwp%2Fv2%2Fmedia&parent=30865"}],"wp:term":[{"taxonomy":"category","embeddable":true,"href":"http:\/\/www.korhanyilmaz.com\/index.php?rest_route=%2Fwp%2Fv2%2Fcategories&post=30865"},{"taxonomy":"post_tag","embeddable":true,"href":"http:\/\/www.korhanyilmaz.com\/index.php?rest_route=%2Fwp%2Fv2%2Ftags&post=30865"}],"curies":[{"name":"wp","href":"https:\/\/api.w.org\/{rel}","templated":true}]}}