{"id":30861,"date":"2011-04-20T15:50:44","date_gmt":"2011-04-20T12:50:44","guid":{"rendered":"http:\/\/www.korhanyilmaz.com\/?p=30861"},"modified":"2011-04-20T15:50:44","modified_gmt":"2011-04-20T12:50:44","slug":"akpde-sanliurfa-depremi-suruyor","status":"publish","type":"post","link":"http:\/\/www.korhanyilmaz.com\/?p=30861","title":{"rendered":"AKP&#8217;de \u015eanl\u0131urfa depremi s\u00fcr\u00fcyor"},"content":{"rendered":"<p style=\"text-align: justify;\"><a href=\"http:\/\/www.korhanyilmaz.com\/wp-content\/uploads\/2011\/04\/182.jpg\"  class=\"lightview\"><img loading=\"lazy\" decoding=\"async\" class=\"aligncenter size-full wp-image-30862\" src=\"http:\/\/www.korhanyilmaz.com\/wp-content\/uploads\/2011\/04\/182.jpg\" alt=\"\" width=\"420\" height=\"210\" \/><\/a><\/p>\n<p style=\"text-align: justify;\">ANKARA &#8211; Ba\u015fbakan Erdo\u011fan\u2019\u0131n kapsaml\u0131 de\u011fi\u015fikli\u011fe gitti\u011fi \u015eanl\u0131urfa aday listesinin AKP\u2019de yaratt\u0131\u011f\u0131 deprem s\u00fcr\u00fcyor. Liste d\u0131\u015f\u0131 kalan \u015eanl\u0131urfa Milletvekili Z\u00fclfikar \u0130zol\u2019un istifa ederek ba\u011f\u0131ms\u0131z aday olmas\u0131n\u0131n ard\u0131ndan, d\u00fcn de \u201c\u00e7izik\u201d yiyen isimler aras\u0131nda yer alan di\u011fer b\u00f6lge milletvekili \u00c7a\u011fla Aktemur \u00d6zyavuz AK Parti ile yollar\u0131n\u0131 ay\u0131rd\u0131.<!--more--><\/p>\n<p style=\"text-align: justify;\">\u0130stifas\u0131n\u0131n TBMM\u2019ye ula\u015fmas\u0131n\u0131n ard\u0131ndan VATAN\u2019a konu\u015fan \u00d6zyavuz, e\u015fi \u0130brahim \u00d6zyavuz\u2019un MHP\u2019den \u015eanl\u0131urfa 2. s\u0131radan milletvekili aday\u0131 g\u00f6sterildi\u011fini, \u00f6nceki g\u00fcn de aday tan\u0131t\u0131m toplant\u0131s\u0131 oldu\u011funu belirterek, \u201cE\u015fim orada adayken AK Parti\u2019de kalmay\u0131 ahlaki ve etik bulmad\u0131\u011f\u0131m i\u00e7in b\u00f6yle bir karar ald\u0131m. Bu s\u00fcre\u00e7te AK Parti\u2019de kalmam do\u011fru olmayacakt\u0131\u201d dedi. \u00d6zyavuz soru \u00fczerine, bu konuda AK Parti y\u00f6netiminden herhangi bir telkin gelmedi\u011fini, t\u00fcm\u00fcyle kendi inisiyatifiyle ista karar\u0131 ald\u0131\u011f\u0131n\u0131 s\u00f6yledi. \u00d6zyavuz\u2019un istifas\u0131yla AK Parti\u2019nin TBMM\u2019deki sandalye say\u0131s\u0131 331\u2019e d\u00fc\u015ferken, ba\u011f\u0131ms\u0131z milletvekili say\u0131s\u0131 da 21\u2019e y\u00fckseldi.<\/p>\n<p style=\"text-align: justify;\"><a href=\"http:\/\/haber.gazetevatan.com\/akpde-sanliurfa-depremi-suruyor\/372337\/9\/Siyaset\" target=\"_blank\">Kaynak : VATAN Gazetesi<\/a><\/p>\n","protected":false},"excerpt":{"rendered":"<p style=\"text-align: justify;\">\n<p style=\"text-align: justify;\">ANKARA &#8211; Ba\u015fbakan Erdo\u011fan\u2019\u0131n kapsaml\u0131 de\u011fi\u015fikli\u011fe gitti\u011fi \u015eanl\u0131urfa aday listesinin AKP\u2019de yaratt\u0131\u011f\u0131 deprem s\u00fcr\u00fcyor. Liste d\u0131\u015f\u0131 kalan \u015eanl\u0131urfa Milletvekili Z\u00fclfikar \u0130zol\u2019un istifa ederek ba\u011f\u0131ms\u0131z aday olmas\u0131n\u0131n ard\u0131ndan, d\u00fcn de \u201c\u00e7izik\u201d yiyen isimler aras\u0131nda yer alan di\u011fer b\u00f6lge milletvekili \u00c7a\u011fla Aktemur \u00d6zyavuz AK Parti ile yollar\u0131n\u0131 ay\u0131rd\u0131.<\/p>\n","protected":false},"author":1,"featured_media":0,"comment_status":"open","ping_status":"closed","sticky":false,"template":"","format":"standard","meta":{"footnotes":""},"categories":[105],"tags":[],"class_list":["post-30861","post","type-post","status-publish","format-standard","hentry","category-gundem","odd"],"_links":{"self":[{"href":"http:\/\/www.korhanyilmaz.com\/index.php?rest_route=\/wp\/v2\/posts\/30861","targetHints":{"allow":["GET"]}}],"collection":[{"href":"http:\/\/www.korhanyilmaz.com\/index.php?rest_route=\/wp\/v2\/posts"}],"about":[{"href":"http:\/\/www.korhanyilmaz.com\/index.php?rest_route=\/wp\/v2\/types\/post"}],"author":[{"embeddable":true,"href":"http:\/\/www.korhanyilmaz.com\/index.php?rest_route=\/wp\/v2\/users\/1"}],"replies":[{"embeddable":true,"href":"http:\/\/www.korhanyilmaz.com\/index.php?rest_route=%2Fwp%2Fv2%2Fcomments&post=30861"}],"version-history":[{"count":0,"href":"http:\/\/www.korhanyilmaz.com\/index.php?rest_route=\/wp\/v2\/posts\/30861\/revisions"}],"wp:attachment":[{"href":"http:\/\/www.korhanyilmaz.com\/index.php?rest_route=%2Fwp%2Fv2%2Fmedia&parent=30861"}],"wp:term":[{"taxonomy":"category","embeddable":true,"href":"http:\/\/www.korhanyilmaz.com\/index.php?rest_route=%2Fwp%2Fv2%2Fcategories&post=30861"},{"taxonomy":"post_tag","embeddable":true,"href":"http:\/\/www.korhanyilmaz.com\/index.php?rest_route=%2Fwp%2Fv2%2Ftags&post=30861"}],"curies":[{"name":"wp","href":"https:\/\/api.w.org\/{rel}","templated":true}]}}