{"id":30856,"date":"2011-04-20T19:25:08","date_gmt":"2011-04-20T16:25:08","guid":{"rendered":"http:\/\/www.korhanyilmaz.com\/?p=30856"},"modified":"2011-04-20T19:25:08","modified_gmt":"2011-04-20T16:25:08","slug":"polis-orantili-bir-sekilde-mudahale-etti","status":"publish","type":"post","link":"http:\/\/www.korhanyilmaz.com\/?p=30856","title":{"rendered":"&#8220;Polis orant\u0131l\u0131 bir \u015fekilde m\u00fcdahale etti&#8221;"},"content":{"rendered":"<p style=\"text-align: justify;\"><a href=\"http:\/\/www.korhanyilmaz.com\/wp-content\/uploads\/2011\/04\/181.jpg\"  class=\"lightview\"><img loading=\"lazy\" decoding=\"async\" class=\"aligncenter size-full wp-image-30857\" src=\"http:\/\/www.korhanyilmaz.com\/wp-content\/uploads\/2011\/04\/181.jpg\" alt=\"\" width=\"309\" height=\"231\" \/><\/a><\/p>\n<p style=\"text-align: justify;\">\u0130\u00e7i\u015fleri Bakan\u0131 Osman G\u00fcne\u015f, &#8221;Bismil&#8217;de g\u00fcvenlik g\u00fc\u00e7lerimizin m\u00fcdahale etmesi gereken bir durum geli\u015fti. Olaya g\u00fcvenlik g\u00fc\u00e7leri orant\u0131l\u0131 bir \u015fekilde m\u00fcdahale etti&#8221; dedi.<!--more--><\/p>\n<p style=\"text-align: justify;\">G\u00fcne\u015f, ziyaret ve incelemelerde bulunmak \u00fczere geldi\u011fi Giresun&#8217;da, gazetecilerin Diyarbak\u0131r&#8217;\u0131n Bismil il\u00e7esindeki izinsiz g\u00f6steri s\u0131ras\u0131nda \u00e7\u0131kan olaylarla ilgili sorusunu cevaplad\u0131.<\/p>\n<p style=\"text-align: justify;\">Baz\u0131 \u015fehirlerde belli ama\u00e7larda protesto g\u00f6sterileri yap\u0131ld\u0131\u011f\u0131n\u0131 belirten G\u00fcne\u015f, \u015funlar\u0131 kaydetti:<\/p>\n<p style=\"text-align: justify;\">&#8221;Bismil il\u00e7esinde bir grup vatanda\u015f, benzer bir protesto g\u00f6sterisi yapt\u0131. G\u00fcvenlik g\u00fc\u00e7lerimiz orada \u00f6nlem ald\u0131. \u015eu anda olay \u00e7ok yeni. Her yerde oldu\u011fu gibi orada da benzer bir olay oldu. Bismil&#8217;de g\u00fcvenlik g\u00fc\u00e7lerimizin m\u00fcdahale etmesini gerektiren bir durum geli\u015fti. Olaya g\u00fcvenlik g\u00fc\u00e7leri orant\u0131l\u0131 bir \u015fekilde m\u00fcdahale etti.<\/p>\n<p style=\"text-align: justify;\">\u015eu anda orada ola\u011fan\u00fcst\u00fc bir durum yok. Vatanda\u015flar\u0131m\u0131z sakin. \u0130ki vatanda\u015f\u0131m\u0131z\u0131n yaraland\u0131\u011f\u0131 y\u00f6n\u00fcnde bilgi ald\u0131k. Bu t\u00fcr olaylarda, bu t\u00fcr \u015feyler belki olabiliyor. \u015eimdi s\u00fcratle bunu inceliyoruz; nas\u0131l yaraland\u0131lar, neden oldu? G\u00fcvenlik kuvvetlerimiz duruma hakim. Biz ayr\u0131ca gerekirse konuyu incelemek \u00fczere m\u00fcfetti\u015f de g\u00f6revlendirebiliriz.&#8221;<\/p>\n<p style=\"text-align: justify;\">\u0130\u00e7i\u015fleri Bakan\u0131 G\u00fcne\u015f, daha sonra Trabzon&#8217;a hareket etti.<\/p>\n<p style=\"text-align: justify;\"><a href=\"http:\/\/www.gazeteport.com.tr\/GUNCEL\/NEWS\/GP_890826\" target=\"_blank\">Kaynak : GAZETEPORT<\/a><\/p>\n","protected":false},"excerpt":{"rendered":"<p style=\"text-align: justify;\">\n<p style=\"text-align: justify;\">\u0130\u00e7i\u015fleri Bakan\u0131 Osman G\u00fcne\u015f, &#8221;Bismil&#8217;de g\u00fcvenlik g\u00fc\u00e7lerimizin m\u00fcdahale etmesi gereken bir durum geli\u015fti. Olaya g\u00fcvenlik g\u00fc\u00e7leri orant\u0131l\u0131 bir \u015fekilde m\u00fcdahale etti&#8221; dedi.<\/p>\n","protected":false},"author":1,"featured_media":0,"comment_status":"open","ping_status":"closed","sticky":false,"template":"","format":"standard","meta":{"footnotes":""},"categories":[105],"tags":[],"class_list":["post-30856","post","type-post","status-publish","format-standard","hentry","category-gundem","odd"],"_links":{"self":[{"href":"http:\/\/www.korhanyilmaz.com\/index.php?rest_route=\/wp\/v2\/posts\/30856","targetHints":{"allow":["GET"]}}],"collection":[{"href":"http:\/\/www.korhanyilmaz.com\/index.php?rest_route=\/wp\/v2\/posts"}],"about":[{"href":"http:\/\/www.korhanyilmaz.com\/index.php?rest_route=\/wp\/v2\/types\/post"}],"author":[{"embeddable":true,"href":"http:\/\/www.korhanyilmaz.com\/index.php?rest_route=\/wp\/v2\/users\/1"}],"replies":[{"embeddable":true,"href":"http:\/\/www.korhanyilmaz.com\/index.php?rest_route=%2Fwp%2Fv2%2Fcomments&post=30856"}],"version-history":[{"count":0,"href":"http:\/\/www.korhanyilmaz.com\/index.php?rest_route=\/wp\/v2\/posts\/30856\/revisions"}],"wp:attachment":[{"href":"http:\/\/www.korhanyilmaz.com\/index.php?rest_route=%2Fwp%2Fv2%2Fmedia&parent=30856"}],"wp:term":[{"taxonomy":"category","embeddable":true,"href":"http:\/\/www.korhanyilmaz.com\/index.php?rest_route=%2Fwp%2Fv2%2Fcategories&post=30856"},{"taxonomy":"post_tag","embeddable":true,"href":"http:\/\/www.korhanyilmaz.com\/index.php?rest_route=%2Fwp%2Fv2%2Ftags&post=30856"}],"curies":[{"name":"wp","href":"https:\/\/api.w.org\/{rel}","templated":true}]}}