{"id":30853,"date":"2011-04-20T22:03:18","date_gmt":"2011-04-20T19:03:18","guid":{"rendered":"http:\/\/www.korhanyilmaz.com\/?p=30853"},"modified":"2011-04-20T22:03:18","modified_gmt":"2011-04-20T19:03:18","slug":"demirtas-polis-gercek-mermi-kullandi","status":"publish","type":"post","link":"http:\/\/www.korhanyilmaz.com\/?p=30853","title":{"rendered":"Demirta\u015f: Polis ger\u00e7ek mermi kulland\u0131"},"content":{"rendered":"<p style=\"text-align: justify;\"><a href=\"http:\/\/www.korhanyilmaz.com\/wp-content\/uploads\/2011\/04\/180.jpg\"  class=\"lightview\"><img loading=\"lazy\" decoding=\"async\" class=\"aligncenter size-full wp-image-30854\" title=\"\" src=\"http:\/\/www.korhanyilmaz.com\/wp-content\/uploads\/2011\/04\/180.jpg\" alt=\"\" width=\"300\" height=\"200\" \/><\/a><\/p>\n<p style=\"text-align: justify;\">Bismil&#8217;de olaylar devam ederken, belediyede bas\u0131n toplant\u0131s\u0131 d\u00fczenleyen BDP eski Genel Ba\u015fkan\u0131 Selahattin Demirta\u015f, hukuksuzlu\u011fu protesto i\u00e7in \u0130stanbul&#8217;dan Hakkari&#8217;ye kadar y\u00fczlerce il ve il\u00e7ede halk\u0131n ayakta oldu\u011funu ileri s\u00fcrd\u00fc.<!--more--><\/p>\n<p style=\"text-align: justify;\">D\u0130YARBAKIR &#8211; Bismil&#8217;de olaylar devam ederken, belediyede bas\u0131n toplant\u0131s\u0131 d\u00fczenleyen BDP eski Genel Ba\u015fkan\u0131 Selahattin Demirta\u015f, hukuksuzlu\u011fu protesto i\u00e7in \u0130stanbul&#8217;dan Hakkari&#8217;ye kadar y\u00fczlerce il ve il\u00e7ede halk\u0131n ayakta oldu\u011funu ileri s\u00fcrd\u00fc. Bu g\u00f6sterilerin birinin de Bismil&#8217;de yap\u0131ld\u0131\u011f\u0131n\u0131 belirten Demirta\u015f, &#8220;Bug\u00fcn \u00f6\u011flen saatlerinde bas\u0131n a\u00e7\u0131klamas\u0131ndan sonra kitlenin b\u00fcy\u00fck bir k\u0131sm\u0131 da\u011f\u0131l\u0131yor, geri kalan k\u00fc\u00e7\u00fck grupla polisler aras\u0131nda k\u00fc\u00e7\u00fck \u00e7apl\u0131 bir arbede ya\u015fan\u0131yor. O s\u0131rada o arbedenin ya\u015fand\u0131\u011f\u0131 s\u0131rada g\u00fcvenlik g\u00fc\u00e7leri ger\u00e7ek mermi kullanarak g\u00f6stericilere ate\u015f a\u00e7\u0131yor. Ben \u00f6ncelikle ya\u015fam\u0131n\u0131 yitiren \u0130brahim Oru\u00e7 arkada\u015f\u0131m\u0131za rahmet diliyorum. B\u00fct\u00fcn halk\u0131m\u0131z\u0131n ac\u0131s\u0131n\u0131 payla\u015f\u0131yoruz. Yine G\u00fcltekin Ku\u015flu, Abd\u00fclkadir G\u00fcm\u00fc\u015f, yaraland\u0131 durumlar\u0131 ciddiyetini koruyor&#8221; dedi.<\/p>\n<p style=\"text-align: justify;\">H\u00fck\u00fcmeti, demokratik taleplerine yan\u0131t vermemekle su\u00e7layan Demirta\u015f, &#8220;Ne yaz\u0131k ki bu \u00fclkenin Ba\u015fbakan\u0131 bu taleplere kar\u015f\u0131l\u0131k tek bir cevap vermek yerine bu eylemleri ger\u00e7ekle\u015ftiren herkese hakaret etmeyi bir politik olarak se\u00e7mi\u015ftir. Bu konuyla ilgili yapt\u0131\u011f\u0131 her de\u011ferlendirmede bu insanlara hakaret etmli\u015f hedef g\u00f6stermi\u015ftir. Bunlar ortal\u0131\u011f\u0131 kar\u0131\u015ft\u0131ran b\u00f6l\u00fcc\u00fclerdir diyerek hedef g\u00f6stermi\u015ftir ve her yerde g\u00fcvenlik g\u00fc\u00e7lerine h\u00fck\u00fcmetin verdi\u011fi bu destek nedeniyle sert m\u00fcdahaleler yap\u0131lm\u0131\u015ft\u0131r. Polisin m\u00fcdahalesi i\u015fkenceye varan d\u00fczeye ula\u015fmaktad\u0131r&#8221; diye kou\u015ftu.<\/p>\n<p style=\"text-align: justify;\">Demirta\u015f, Bismil&#8217;deki bu durumun rastgele olu\u015fmad\u0131\u011f\u0131n\u0131 ileri s\u00fcrerek, &#8220;\u015eimdi bug\u00fcn e\u011fer Bismil&#8217;de vatanda\u015flara hedef g\u00f6zeterek a\u00e7\u0131ktan ger\u00e7ek mermilerle ate\u015f edilip bir katliam ger\u00e7ekle\u015ftirmek isteniyorsa ve bu AKP&#8217;nin emrindeki polis taraf\u0131ndan yap\u0131l\u0131yorsa, bizim bu saatten sonra h\u00fck\u00fcmetten bekledi\u011fimiz \u015fey derhal sorumlular\u0131n a\u00e7\u0131\u011fa al\u0131nd\u0131\u011f\u0131n\u0131 g\u00f6zalt\u0131na al\u0131nd\u0131\u011f\u0131n\u0131 derhal a\u00e7\u0131klamal\u0131d\u0131r&#8221; dedi. Polis i\u015fkencesinin bitece\u011fine dair a\u00e7\u0131klama yap\u0131lmas\u0131n\u0131 isteyen Selahattin Demirta\u015f, &#8220;Bu halk y\u00fczbinlerle milyonlarla meydandaysa bu art\u0131k h\u00fck\u00fcmet taraf\u0131ndan dikkate al\u0131nmayacak bir durum de\u011fildir. E\u011fer h\u00fck\u00fcmet ben bu taleplere katliamla, i\u015fkenceyle kar\u015f\u0131l\u0131k veriyorum diyor. Buradan bir bar\u0131\u015f\u0131n \u00e7\u0131kmayaca\u011f\u0131 bu tablodan anlay\u0131\u015f\u0131y\u0131yor. Bu katliamdan sonra olay \u00e7arpt\u0131r\u0131lmaya \u00e7al\u0131\u015f\u0131l\u0131yor&#8221; dedi.<\/p>\n<p style=\"text-align: justify;\">Demirta\u015f, olaylar s\u0131ras\u0131nda \u0130\u00e7i\u015fleri Bakanl\u0131\u011f\u0131&#8217;na vekalet eden Osman G\u00fcne\u015f&#8217;le g\u00f6r\u00fc\u015ft\u00fc\u011f\u00fcn\u00fc ve kendisine yanl\u0131\u015f bilgi aktar\u0131ld\u0131\u011f\u0131n\u0131 ileri s\u00fcrd\u00fc. Demirta\u015f, olay\u0131n \u00f6rtbas edilmeye \u00e7al\u0131\u015f\u0131ld\u0131\u011f\u0131n\u0131 idida ederken de \u015f\u00f6yle dedi:<\/p>\n<p style=\"text-align: justify;\">&#8220;Buradan il\u00e7eden kendisine aktar\u0131lan bilgi \u015fudur. G\u00f6stericiler bir grup g\u00fcvenlik g\u00fc\u00e7\u00fcn\u00fc s\u0131k\u0131\u015ft\u0131rm\u0131\u015f g\u00fcvenlik g\u00fc\u00e7leride havaya ate\u015f edilmi\u015ftir. Ortada bir \u00f6l\u00fc 3 yaral\u0131 var ama polis havaya ate\u015f a\u00e7m\u0131\u015ft\u0131r. \u015eimdi anla\u015f\u0131l\u0131yorki buradaki katliam\u0131 \u00f6rtbas etmeye \u00e7al\u0131\u015facaklar devlet eliyle.&#8221;<\/p>\n<p style=\"text-align: justify;\">Demirta\u015f, rasgele geli\u015fmi\u015f olay nedeniyle Bismil&#8217;de olmad\u0131klar\u0131n\u0131 belirterek, &#8220;\u00c7ok b\u00fcy\u00fck bir tezgah var. \u00c7ok b\u00fcy\u00fck bir siyasi imha operasyonlar\u0131 var. Burada bunun bir aya\u011f\u0131 harekete ge\u00e7irilmi\u015ftir. Devletin kurumlar\u0131 ne kadar i\u00e7indedir bilemeyiz ama h\u00fck\u00fcmetten devletten ba\u011f\u0131ms\u0131z ger\u00e7ekle\u015fmesi m\u00fcmk\u00fcn di\u011fildir&#8221; diye konu\u015ftu.<\/p>\n<p style=\"text-align: justify;\">Demirta\u015f, ba\u011f\u0131m\u0131z adaylar olarak se\u00e7im yar\u0131\u015f\u0131na haz\u0131rland\u0131klar\u0131n\u0131, talepler etraf\u0131nda etraf\u0131nda birle\u015ftiklerini anlat\u0131rken de &#8220;E\u011fer bu taleplerimize beklentilerimize y\u00f6nelik sadece copla gazla panzerle cevap verilecekse kimse kusura bakmas\u0131n. Bu h\u00fck\u00fcmet ge\u00e7mi\u015f d\u00f6nemlerde herhalde ya\u015fanan katliamlar\u0131 Dersim&#8217;i, Zilan&#8217;\u0131, A\u011fr\u0131&#8217;y\u0131 yeterince bilmiyor. Onlara ra\u011fmen bu halk kimseye teslim olmad\u0131. AKP h\u00fck\u00fcmetinin zulm\u00fcnede kimse teslim olmaz&#8221; diye konu\u015ftu.<\/p>\n<p style=\"text-align: justify;\"><strong>CUMHURBA\u015eKANI \u0130LE G\u00d6R\u00dc\u015eMEN\u0130N \u0130PTAL\u0130<\/strong><\/p>\n<p style=\"text-align: justify;\">Demirta\u015f, Cumhurba\u015fkan\u0131 Abdullah G\u00fcl&#8217;le randevunun ger\u00e7ekle\u015fmemesiyle ilgili de &#8220;Cumhurba\u015fkan\u0131na gidebilsekdik burada ya\u015fananlar\u0131 anlatacakt\u0131k. Buradan haber gelince derhal buraya gelme ihtiyac\u0131 hissettik. \u00c7\u00fcnk\u00fc bir katliam provas\u0131 ya\u015fanm\u0131\u015ft\u0131r burada. Dolay\u0131s\u0131yla g\u00f6r\u00fc\u015fmeyi iptal etmemiz bir tepkiden kaynakl\u0131 de\u011fildir. Bu olay \u00fczerine iptal ettik. En k\u0131sa s\u00fcrede say\u0131n cumhurba\u015fkan\u0131zm\u0131zla g\u00f6r\u00fc\u015fmek isteriz&#8221; dedi.<\/p>\n<p style=\"text-align: justify;\">Bu gidi\u015fin durmas\u0131 i\u00e7in Cumhurba\u015fkan\u0131 Abdullah G\u00fcl&#8217;\u00fcn m\u00fcdahale etmesini isteyen Demirta\u015f, &#8220;Say\u0131n Cumhurba\u015fkan\u0131 isterse g\u00fcnde 10 defa da g\u00f6r\u00fc\u015febiliriz. YSK bir devlet organ\u0131 olarak bir hukuksuzlu\u011fa imza atm\u0131\u015ft\u0131r. Halk\u0131n g\u00f6steridi\u011fi tepkiler m\u0131zra\u011f\u0131n \u00e7uvala s\u0131\u011fmad\u0131\u011f\u0131n\u0131 g\u00f6stermi\u015ftir. T\u00fcrkiye&#8217;de 80 y\u0131ld\u0131r isyan var. Devletin y\u00f6netim tarz\u0131na kar\u015f\u0131 80 y\u0131ld\u0131r isyan var. Yorksa T\u00fcrkiye&#8217;de hi\u00e7 isyan zul\u00fcm bitmedi, Ortado\u011fu&#8217;da ise yeni ba\u015flad\u0131&#8221; diye konu\u015ftu.<\/p>\n<p style=\"text-align: justify;\"><a href=\"http:\/\/www.gazeteport.com.tr\/SIYASET\/NEWS\/GP_890860\" target=\"_blank\">Kaynak : GAZETEPORT<\/a><\/p>\n","protected":false},"excerpt":{"rendered":"<p style=\"text-align: justify;\">\n<p style=\"text-align: justify;\">Bismil&#8217;de olaylar devam ederken, belediyede bas\u0131n toplant\u0131s\u0131 d\u00fczenleyen BDP eski Genel Ba\u015fkan\u0131 Selahattin Demirta\u015f, hukuksuzlu\u011fu protesto i\u00e7in \u0130stanbul&#8217;dan Hakkari&#8217;ye kadar y\u00fczlerce il ve il\u00e7ede halk\u0131n ayakta oldu\u011funu ileri s\u00fcrd\u00fc.<\/p>\n","protected":false},"author":1,"featured_media":0,"comment_status":"open","ping_status":"closed","sticky":false,"template":"","format":"standard","meta":{"footnotes":""},"categories":[105],"tags":[],"class_list":["post-30853","post","type-post","status-publish","format-standard","hentry","category-gundem","odd"],"_links":{"self":[{"href":"http:\/\/www.korhanyilmaz.com\/index.php?rest_route=\/wp\/v2\/posts\/30853","targetHints":{"allow":["GET"]}}],"collection":[{"href":"http:\/\/www.korhanyilmaz.com\/index.php?rest_route=\/wp\/v2\/posts"}],"about":[{"href":"http:\/\/www.korhanyilmaz.com\/index.php?rest_route=\/wp\/v2\/types\/post"}],"author":[{"embeddable":true,"href":"http:\/\/www.korhanyilmaz.com\/index.php?rest_route=\/wp\/v2\/users\/1"}],"replies":[{"embeddable":true,"href":"http:\/\/www.korhanyilmaz.com\/index.php?rest_route=%2Fwp%2Fv2%2Fcomments&post=30853"}],"version-history":[{"count":0,"href":"http:\/\/www.korhanyilmaz.com\/index.php?rest_route=\/wp\/v2\/posts\/30853\/revisions"}],"wp:attachment":[{"href":"http:\/\/www.korhanyilmaz.com\/index.php?rest_route=%2Fwp%2Fv2%2Fmedia&parent=30853"}],"wp:term":[{"taxonomy":"category","embeddable":true,"href":"http:\/\/www.korhanyilmaz.com\/index.php?rest_route=%2Fwp%2Fv2%2Fcategories&post=30853"},{"taxonomy":"post_tag","embeddable":true,"href":"http:\/\/www.korhanyilmaz.com\/index.php?rest_route=%2Fwp%2Fv2%2Ftags&post=30853"}],"curies":[{"name":"wp","href":"https:\/\/api.w.org\/{rel}","templated":true}]}}