{"id":30848,"date":"2011-04-20T13:25:45","date_gmt":"2011-04-20T10:25:45","guid":{"rendered":"http:\/\/www.korhanyilmaz.com\/?p=30848"},"modified":"2011-04-20T13:25:45","modified_gmt":"2011-04-20T10:25:45","slug":"gul-veto-krizinde-devreye-girdi","status":"publish","type":"post","link":"http:\/\/www.korhanyilmaz.com\/?p=30848","title":{"rendered":"G\u00fcl &#8220;veto&#8221; krizinde devreye girdi!"},"content":{"rendered":"<p style=\"text-align: justify;\"><a href=\"http:\/\/www.korhanyilmaz.com\/wp-content\/uploads\/2011\/04\/179.jpg\"  class=\"lightview\"><img loading=\"lazy\" decoding=\"async\" class=\"aligncenter size-full wp-image-30849\" src=\"http:\/\/www.korhanyilmaz.com\/wp-content\/uploads\/2011\/04\/179.jpg\" alt=\"\" width=\"350\" height=\"245\" \/><\/a><\/p>\n<p style=\"text-align: justify;\">Ak\u015fam saatlerinde veto \u015foku ya\u015fayan BDP E\u015fba\u015fkan\u0131 Selahattin Demirta\u015f ile g\u00f6r\u00fc\u015fece\u011fi duyurulan Cumhurba\u015fkan\u0131 Abdullah G\u00fcl, bu g\u00f6r\u00fc\u015fme \u00f6ncesinde TBMM Ba\u015fkan\u0131 \u015eahin ile g\u00f6r\u00fc\u015ft\u00fc. \u015eahin, \u00e7\u0131k\u0131\u015fta yapt\u0131\u011f\u0131 a\u00e7\u0131klamada, &#8220;Sorunlar\u0131n a\u015f\u0131laca\u011f\u0131 kanaatindeyim&#8221; dedi.<\/p>\n<p style=\"text-align: justify;\">Son anda Cumhurba\u015fkan\u0131 G\u00fcl&#8217;\u00fc arayan Selahattin Demirta\u015f ise g\u00f6r\u00fc\u015fmeye gidemeyece\u011fini bildirdi.<!--more--><\/p>\n<p style=\"text-align: justify;\">ANKARA- \u00c7ankaya, YSK&#8217;n\u0131n ba\u011f\u0131ms\u0131z adaylar\u0131 veto etmesiyle ilgili karar sonras\u0131 ilk hamlesini yapt\u0131. Cumhurba\u015fkan\u0131 Abdullah G\u00fcl&#8217;\u00fcn \u015fu s\u0131ralarda TBMM Ba\u015fkan\u0131 Mehmet Ali \u015eahin ile g\u00f6r\u00fc\u015ft\u00fc\u011f\u00fc duyuruldu. Bas\u0131na kapal\u0131 g\u00f6r\u00fc\u015fmeye dair ba\u015fka bir a\u00e7\u0131klama yap\u0131lmazken, konunun YSK&#8217;n\u0131n &#8220;veto&#8221; karar\u0131 oldu\u011fu d\u00fc\u015f\u00fcn\u00fcl\u00fcyor.<\/p>\n<p style=\"text-align: justify;\">G\u00fcl&#8217;\u00fcn ayn\u0131 zamanda, BDP E\u015fba\u015fkan\u0131 ve ba\u011f\u0131ms\u0131z milletvekili aday\u0131 Selahattin Demirta\u015f&#8217;\u0131 kabul edece\u011fi bildirildi.<\/p>\n<p style=\"text-align: justify;\">G\u00fcl&#8217;\u00fcn Demirta\u015f&#8217;\u0131 \u00c7ankaya K\u00f6\u015fk\u00fc&#8217;ndeki kabul\u00fc, bug\u00fcn saat 19.00&#8217;da ba\u015flayacak.<\/p>\n<p style=\"text-align: justify;\"><strong>&#8220;POLEM\u0130K KONUSU YAPILMASIN&#8221;<\/strong><\/p>\n<p style=\"text-align: justify;\">Cumhurba\u015fkanl\u0131\u011f\u0131 Bas\u0131n Ba\u015fdan\u0131\u015fman\u0131 Ahmet Sever, yapt\u0131\u011f\u0131 a\u00e7\u0131klamada, Cumhurba\u015fkan\u0131 G\u00fcl&#8217;\u00fcn, YSK&#8217;n\u0131n karar\u0131ndan sonra ortaya \u00e7\u0131kan durumla ilgili de\u011ferlendirmesini aktard\u0131. Ahmet Sever&#8217;in verdi\u011fi bilgiye g\u00f6re G\u00fcl, se\u00e7imlerin tart\u0131\u015fma ve polemik konusu yap\u0131lmamas\u0131n\u0131n \u00f6nemini vurgulad\u0131. G\u00fcl&#8217;\u00fcn, bu konuda herkesin hassasiyet g\u00f6stermesi gerekti\u011fini ifade etti\u011fini aktaran Sever, &#8221;Say\u0131n Cumhurba\u015fkan\u0131 herkesi, sorunun a\u015f\u0131lmas\u0131 i\u00e7in yap\u0131c\u0131 olmaya, her t\u00fcrl\u00fc hukuki ve siyasi \u00e7abay\u0131 harcamaya davet ediyor&#8221; dedi.<\/p>\n<p style=\"text-align: justify;\"><strong>\u015eAH\u0130N: &#8220;BU SORUNUN A\u015eILACA\u011eI KANAAT\u0130NDEY\u0130M&#8221;<\/strong><\/p>\n<p style=\"text-align: justify;\">G\u00fcl ile yapt\u0131\u011f\u0131 g\u00f6r\u00fc\u015fme sonras\u0131 gazetecilerin sorular\u0131n\u0131 yan\u0131tlayan TBMM Ba\u015fkan\u0131 \u015eahin, &#8220;Sorunlar\u0131n a\u015f\u0131laca\u011f\u0131 kanaatindeyim&#8221; dedi. Gereken a\u00e7\u0131klamay\u0131 YSK&#8217;n\u0131n yapaca\u011f\u0131n\u0131 d\u00fc\u015f\u00fcnd\u00fc\u011f\u00fcn\u00fc belirten \u015eahin, \u015f\u00f6yle devam etti:<\/p>\n<p style=\"text-align: justify;\">&#8220;Yap\u0131lan a\u00e7\u0131klamalardan benim anlad\u0131\u011f\u0131m gerekli belgelerin getirilmesi halinde adayl\u0131klar\u0131 iptal edilen ba\u011f\u0131ms\u0131z adaylar\u0131n dosyalar\u0131na yeniden bak\u0131laca\u011f\u0131 \u015feklinde. Bu b\u00fcy\u00fck bir rahatl\u0131k getirdi tabi. Bu arkada\u015flar da belgeleri getiriyorlar. Ayr\u0131ca mahkemelerce al\u0131nm\u0131\u015f kararlar var, dolay\u0131s\u0131yla adaylar\u0131n avukatlar\u0131n\u0131n buna y\u00f6nelik hareket etmeleri durumunda sorunun ortadan kalkaca\u011f\u0131n\u0131 d\u00fc\u015f\u00fcn\u00fcyorum.<\/p>\n<p style=\"text-align: justify;\">Bir a\u00e7\u0131klama yap\u0131lacaksa bu YSK ba\u015fkanl\u011f\u0131 taraf\u0131ndan yap\u0131l\u0131r. Benim yapmam nezaketsizlik olur. Ben T\u00fcrkiye&#8217;nin bu sorunlar\u0131 a\u015faca\u011f\u0131 kanaatindeyim.&#8221;<\/p>\n<p style=\"text-align: justify;\"><strong>DEM\u0130RTA\u015e: \u00c7ANKAYA&#8217;YA \u00c7IKMAYACA\u011eIM<\/strong><\/p>\n<p style=\"text-align: justify;\">TBMM Ba\u015fkan\u0131 \u015eahin&#8217;in a\u00e7\u0131klamalr\u0131n\u0131n hemen ard\u0131ndan ise Cumhurba\u015fkan\u0131 G\u00fcl ile g\u00f6r\u00fc\u015fmesi beklenen BDP E\u015fba\u015fkan\u0131 Selahattin Demirta\u015f, g\u00f6r\u00fc\u015fmeye gidemeyece\u011fini duyurdu. YSK&#8217;n\u0131n veto karar\u0131 sonras\u0131 ortaya \u00e7\u0131kan protestolar s\u0131ras\u0131nda Bismil&#8217;de bir g\u00f6stericinin \u00f6ld\u00fc\u011f\u00fcn\u00fc haber ald\u0131\u011f\u0131n\u0131 belirten Demirta\u015f, bu nedenle Bismil&#8217;i b\u0131rak\u0131p G\u00fcl ile g\u00f6r\u00fc\u015fmeye gidemeyece\u011fini bildirdi.<\/p>\n<p style=\"text-align: justify;\"><a href=\"http:\/\/www.gazeteport.com.tr\/SIYASET\/NEWS\/GP_890594\" target=\"_blank\">Kaynak : GAZETEPORT<\/a><\/p>\n","protected":false},"excerpt":{"rendered":"<p style=\"text-align: justify;\">\n<p style=\"text-align: justify;\">Ak\u015fam saatlerinde veto \u015foku ya\u015fayan BDP E\u015fba\u015fkan\u0131 Selahattin Demirta\u015f ile g\u00f6r\u00fc\u015fece\u011fi duyurulan Cumhurba\u015fkan\u0131 Abdullah G\u00fcl, bu g\u00f6r\u00fc\u015fme \u00f6ncesinde TBMM Ba\u015fkan\u0131 \u015eahin ile g\u00f6r\u00fc\u015ft\u00fc. \u015eahin, \u00e7\u0131k\u0131\u015fta yapt\u0131\u011f\u0131 a\u00e7\u0131klamada, &#8220;Sorunlar\u0131n a\u015f\u0131laca\u011f\u0131 kanaatindeyim&#8221; dedi.<\/p>\n<p style=\"text-align: justify;\">Son anda Cumhurba\u015fkan\u0131 G\u00fcl&#8217;\u00fc arayan Selahattin Demirta\u015f ise g\u00f6r\u00fc\u015fmeye gidemeyece\u011fini bildirdi.<\/p>\n","protected":false},"author":1,"featured_media":0,"comment_status":"open","ping_status":"closed","sticky":false,"template":"","format":"standard","meta":{"footnotes":""},"categories":[105],"tags":[],"class_list":["post-30848","post","type-post","status-publish","format-standard","hentry","category-gundem","odd"],"_links":{"self":[{"href":"http:\/\/www.korhanyilmaz.com\/index.php?rest_route=\/wp\/v2\/posts\/30848","targetHints":{"allow":["GET"]}}],"collection":[{"href":"http:\/\/www.korhanyilmaz.com\/index.php?rest_route=\/wp\/v2\/posts"}],"about":[{"href":"http:\/\/www.korhanyilmaz.com\/index.php?rest_route=\/wp\/v2\/types\/post"}],"author":[{"embeddable":true,"href":"http:\/\/www.korhanyilmaz.com\/index.php?rest_route=\/wp\/v2\/users\/1"}],"replies":[{"embeddable":true,"href":"http:\/\/www.korhanyilmaz.com\/index.php?rest_route=%2Fwp%2Fv2%2Fcomments&post=30848"}],"version-history":[{"count":0,"href":"http:\/\/www.korhanyilmaz.com\/index.php?rest_route=\/wp\/v2\/posts\/30848\/revisions"}],"wp:attachment":[{"href":"http:\/\/www.korhanyilmaz.com\/index.php?rest_route=%2Fwp%2Fv2%2Fmedia&parent=30848"}],"wp:term":[{"taxonomy":"category","embeddable":true,"href":"http:\/\/www.korhanyilmaz.com\/index.php?rest_route=%2Fwp%2Fv2%2Fcategories&post=30848"},{"taxonomy":"post_tag","embeddable":true,"href":"http:\/\/www.korhanyilmaz.com\/index.php?rest_route=%2Fwp%2Fv2%2Ftags&post=30848"}],"curies":[{"name":"wp","href":"https:\/\/api.w.org\/{rel}","templated":true}]}}